{"id":46842,"date":"2025-10-13T21:20:03","date_gmt":"2025-10-14T03:20:03","guid":{"rendered":"https:\/\/contextoanalisisperiodistico.com\/index.php\/2025\/10\/13\/inicia-semovi-procedimiento-para-retiro-de-concesiones-a-unidades-involucradas-en-actos-vandalicos-de-simbolos-patrios\/"},"modified":"2025-10-13T21:20:03","modified_gmt":"2025-10-14T03:20:03","slug":"inicia-semovi-procedimiento-para-retiro-de-concesiones-a-unidades-involucradas-en-actos-vandalicos-de-simbolos-patrios","status":"publish","type":"post","link":"https:\/\/contextoanalisisperiodistico.com\/index.php\/2025\/10\/13\/inicia-semovi-procedimiento-para-retiro-de-concesiones-a-unidades-involucradas-en-actos-vandalicos-de-simbolos-patrios\/","title":{"rendered":"Inicia Semovi procedimiento para retiro de concesiones a unidades involucradas en actos vand\u00e1licos de S\u00edmbolos Patrios"},"content":{"rendered":"<div id=\"fb-root\"><\/div>\n\n<ul class=\"wp-block-list\">\n<li>Se trabaja en el an\u00e1lisis de las videograbaciones y recopilaci\u00f3n de pruebas para identificar y fincar responsabilidades a todas las personas que participaron en la confrontaci\u00f3n<\/li>\n<\/ul>\n\n\n\n<p>Oaxaca de Ju\u00e1rez, Oax., 13 de octubre de 2025.- La Secretar\u00eda de Movilidad (Semovi) inici\u00f3 de manera inmediata el procedimiento administrativo para la revocaci\u00f3n de las concesiones de todas las unidades de transporte involucradas en los actos vand\u00e1licos registrados esta tarde en avenida S\u00edmbolos Patrios.<\/p>\n\n\n\n<p>De esta manera, se actuar\u00e1 con todo el peso de la ley y no habr\u00e1 impunidad para las personas responsables, toda vez que sus acciones atentan contra la paz p\u00fablica y la seguridad de las y los oaxaque\u00f1os.<\/p>\n\n\n\n<p>La dependencia estatal en coordinaci\u00f3n con el Centro de Control, Comando y Comunicaci\u00f3n (C4) y la Fiscal\u00eda General del Estado de Oaxaca (FGEO); trabajan en el an\u00e1lisis de las videograbaciones y la recopilaci\u00f3n de pruebas para identificar y fincar responsabilidades a todas las personas que participaron en la confrontaci\u00f3n.<\/p>\n\n\n\n<p>El Gobierno del Estado aplica la pol\u00edtica de cero impunidad para que ning\u00fan grupo o individuo utilice la violencia como m\u00e9todo para solucionar diferencias, a fin de garantizar el orden y tranquilidad.<\/p>\n\n\n\n<p>-0-<\/p>\n","protected":false},"excerpt":{"rendered":"<p>Oaxaca de Ju\u00e1rez, Oax., 13 de octubre de 2025.- La Secretar\u00eda de Movilidad (Semovi) inici\u00f3&#8230;<\/p>\n","protected":false},"author":4,"featured_media":46841,"comment_status":"","ping_status":"open","sticky":false,"template":"","format":"standard","meta":{"footnotes":""},"categories":[9],"tags":[335],"jetpack_sharing_enabled":true,"featured_image_urls":{"full":["https:\/\/contextoanalisisperiodistico.com\/wp-content\/uploads\/2025\/10\/IMG-20251013-WA0126.jpg",1600,1600,false],"thumbnail":["https:\/\/contextoanalisisperiodistico.com\/wp-content\/uploads\/2025\/10\/IMG-20251013-WA0126-150x150.jpg",150,150,true],"medium":["https:\/\/contextoanalisisperiodistico.com\/wp-content\/uploads\/2025\/10\/IMG-20251013-WA0126-300x300.jpg",300,300,true],"medium_large":["https:\/\/contextoanalisisperiodistico.com\/wp-content\/uploads\/2025\/10\/IMG-20251013-WA0126-768x768.jpg",640,640,true],"large":["https:\/\/contextoanalisisperiodistico.com\/wp-content\/uploads\/2025\/10\/IMG-20251013-WA0126-1024x1024.jpg",640,640,true],"1536x1536":["https:\/\/contextoanalisisperiodistico.com\/wp-content\/uploads\/2025\/10\/IMG-20251013-WA0126-1536x1536.jpg",1536,1536,true],"2048x2048":["https:\/\/contextoanalisisperiodistico.com\/wp-content\/uploads\/2025\/10\/IMG-20251013-WA0126.jpg",1600,1600,false],"covernews-slider-full":["https:\/\/contextoanalisisperiodistico.com\/wp-content\/uploads\/2025\/10\/IMG-20251013-WA0126-1115x715.jpg",1115,715,true],"covernews-slider-center":["https:\/\/contextoanalisisperiodistico.com\/wp-content\/uploads\/2025\/10\/IMG-20251013-WA0126-800x500.jpg",800,500,true],"covernews-featured":["https:\/\/contextoanalisisperiodistico.com\/wp-content\/uploads\/2025\/10\/IMG-20251013-WA0126-1024x1024.jpg",1024,1024,true],"covernews-medium":["https:\/\/contextoanalisisperiodistico.com\/wp-content\/uploads\/2025\/10\/IMG-20251013-WA0126-540x340.jpg",540,340,true],"covernews-medium-square":["https:\/\/contextoanalisisperiodistico.com\/wp-content\/uploads\/2025\/10\/IMG-20251013-WA0126-400x250.jpg",400,250,true]},"author_info":{"display_name":"Mario Gir\u00f3n","author_link":"https:\/\/contextoanalisisperiodistico.com\/index.php\/author\/director\/"},"category_info":"<a href=\"https:\/\/contextoanalisisperiodistico.com\/index.php\/category\/politica\/\" rel=\"category tag\">Pol\u00edtica<\/a>","tag_info":"Pol\u00edtica","comment_count":"0","jetpack_featured_media_url":"https:\/\/contextoanalisisperiodistico.com\/wp-content\/uploads\/2025\/10\/IMG-20251013-WA0126.jpg","_links":{"self":[{"href":"https:\/\/contextoanalisisperiodistico.com\/index.php\/wp-json\/wp\/v2\/posts\/46842"}],"collection":[{"href":"https:\/\/contextoanalisisperiodistico.com\/index.php\/wp-json\/wp\/v2\/posts"}],"about":[{"href":"https:\/\/contextoanalisisperiodistico.com\/index.php\/wp-json\/wp\/v2\/types\/post"}],"author":[{"embeddable":true,"href":"https:\/\/contextoanalisisperiodistico.com\/index.php\/wp-json\/wp\/v2\/users\/4"}],"replies":[{"embeddable":true,"href":"https:\/\/contextoanalisisperiodistico.com\/index.php\/wp-json\/wp\/v2\/comments?post=46842"}],"version-history":[{"count":0,"href":"https:\/\/contextoanalisisperiodistico.com\/index.php\/wp-json\/wp\/v2\/posts\/46842\/revisions"}],"wp:featuredmedia":[{"embeddable":true,"href":"https:\/\/contextoanalisisperiodistico.com\/index.php\/wp-json\/wp\/v2\/media\/46841"}],"wp:attachment":[{"href":"https:\/\/contextoanalisisperiodistico.com\/index.php\/wp-json\/wp\/v2\/media?parent=46842"}],"wp:term":[{"taxonomy":"category","embeddable":true,"href":"https:\/\/contextoanalisisperiodistico.com\/index.php\/wp-json\/wp\/v2\/categories?post=46842"},{"taxonomy":"post_tag","embeddable":true,"href":"https:\/\/contextoanalisisperiodistico.com\/index.php\/wp-json\/wp\/v2\/tags?post=46842"}],"curies":[{"name":"wp","href":"https:\/\/api.w.org\/{rel}","templated":true}]}}