{"id":4673,"date":"2022-09-15T14:44:57","date_gmt":"2022-09-15T19:44:57","guid":{"rendered":"http:\/\/contextoanalisisperiodistico.com.mx\/2022\/09\/15\/no-pueden-regresaral-centro-historicocomerciantes-triquis\/"},"modified":"2022-09-15T14:44:57","modified_gmt":"2022-09-15T19:44:57","slug":"no-pueden-regresaral-centro-historicocomerciantes-triquis","status":"publish","type":"post","link":"https:\/\/contextoanalisisperiodistico.com\/index.php\/2022\/09\/15\/no-pueden-regresaral-centro-historicocomerciantes-triquis\/","title":{"rendered":"No pueden regresar al Centro Hist\u00f3rico comerciantes triquis"},"content":{"rendered":"<div id=\"fb-root\"><\/div>\n\n<p>Por indicaciones del edil capitalino, Francisco Mart\u00ednez Neri, la Secretar\u00eda de Gobierno del H. Ayuntamiento Constitucional del municipio de Oaxaca de Ju\u00e1rez,&nbsp; contin\u00faa dialogando con un grupo de 15 comerciantes, de origen triqui, en donde se busca&nbsp; darle soluci\u00f3n a su petici\u00f3n de ubicaci\u00f3n en el Centro Hist\u00f3rico, de 60 personas dedicadas a la actividad comercial en v\u00eda p\u00fablica.<\/p>\n\n\n\n<p>Es importante mencionar que en todo momento se les ha tratado con respeto y se les ha aclarado que no es posible instalarlos en la zona que&nbsp; solicitan.<br \/><br \/>Se les ha propuesto apoyarlas para que sus productos sean vendidos a nivel nacional, as\u00ed como ubicarlas en una plaza comercial que se prev\u00e9 tener o&nbsp; ubicarlas en alg\u00fan lugar de manera intermitente en la&nbsp; zona no prohibida ni restringida; pero no se ha logrado el consenso.<\/p>\n\n\n\n<p>Lo que debe comprenderse es que no se podr\u00e1n&nbsp; regresar al Centro Hist\u00f3rico, por lo que es una zona prohibida.<\/p>\n\n\n\n<figure class=\"wp-block-image size-large\"><img decoding=\"async\" src=\"https:\/\/contextoinformacionyanalisisperiodistico.files.wordpress.com\/2022\/09\/img-20220915-wa00908382990915972750057.jpg?w=1024\" alt=\"\" class=\"wp-image-4672\" \/><\/figure>\n\n\n\n<figure class=\"wp-block-image\"><img decoding=\"async\" src=\"https:\/\/contextoinformacionyanalisisperiodistico.files.wordpress.com\/2022\/09\/img-20220915-wa00918157739184212588789.jpg?w=1024\" alt=\"\" class=\"wp-image-4671\" \/><\/figure>\n","protected":false},"excerpt":{"rendered":"<p>Por indicaciones del edil capitalino, Francisco Mart\u00ednez Neri, la Secretar\u00eda de Gobierno del H. Ayuntamiento&#8230;<\/p>\n","protected":false},"author":2,"featured_media":0,"comment_status":"open","ping_status":"open","sticky":false,"template":"","format":"standard","meta":{"footnotes":""},"categories":[7],"tags":[],"jetpack_sharing_enabled":true,"featured_image_urls":{"full":"","thumbnail":"","medium":"","medium_large":"","large":"","1536x1536":"","2048x2048":"","covernews-slider-full":"","covernews-slider-center":"","covernews-featured":"","covernews-medium":"","covernews-medium-square":""},"author_info":{"display_name":"Miguel","author_link":"https:\/\/contextoanalisisperiodistico.com\/index.php\/author\/editor\/"},"category_info":"<a href=\"https:\/\/contextoanalisisperiodistico.com\/index.php\/category\/municipios\/\" rel=\"category tag\">Municipios<\/a>","tag_info":"Municipios","comment_count":"0","jetpack_featured_media_url":"","_links":{"self":[{"href":"https:\/\/contextoanalisisperiodistico.com\/index.php\/wp-json\/wp\/v2\/posts\/4673"}],"collection":[{"href":"https:\/\/contextoanalisisperiodistico.com\/index.php\/wp-json\/wp\/v2\/posts"}],"about":[{"href":"https:\/\/contextoanalisisperiodistico.com\/index.php\/wp-json\/wp\/v2\/types\/post"}],"author":[{"embeddable":true,"href":"https:\/\/contextoanalisisperiodistico.com\/index.php\/wp-json\/wp\/v2\/users\/2"}],"replies":[{"embeddable":true,"href":"https:\/\/contextoanalisisperiodistico.com\/index.php\/wp-json\/wp\/v2\/comments?post=4673"}],"version-history":[{"count":0,"href":"https:\/\/contextoanalisisperiodistico.com\/index.php\/wp-json\/wp\/v2\/posts\/4673\/revisions"}],"wp:attachment":[{"href":"https:\/\/contextoanalisisperiodistico.com\/index.php\/wp-json\/wp\/v2\/media?parent=4673"}],"wp:term":[{"taxonomy":"category","embeddable":true,"href":"https:\/\/contextoanalisisperiodistico.com\/index.php\/wp-json\/wp\/v2\/categories?post=4673"},{"taxonomy":"post_tag","embeddable":true,"href":"https:\/\/contextoanalisisperiodistico.com\/index.php\/wp-json\/wp\/v2\/tags?post=4673"}],"curies":[{"name":"wp","href":"https:\/\/api.w.org\/{rel}","templated":true}]}}