{"id":46688,"date":"2025-10-09T20:56:30","date_gmt":"2025-10-10T02:56:30","guid":{"rendered":"https:\/\/contextoanalisisperiodistico.com\/?p=46688"},"modified":"2025-10-09T20:58:28","modified_gmt":"2025-10-10T02:58:28","slug":"pone-en-marcha-gobierno-de-oaxaca-nueva-ruta-ra-03-ladxido-de-binnibus","status":"publish","type":"post","link":"https:\/\/contextoanalisisperiodistico.com\/index.php\/2025\/10\/09\/pone-en-marcha-gobierno-de-oaxaca-nueva-ruta-ra-03-ladxido-de-binnibus\/","title":{"rendered":"Pone en marcha Gobierno de Oaxaca nueva ruta RA-03 \u201cLadxid\u00f3\u201d de Binnibus"},"content":{"rendered":"<div id=\"fb-root\"><\/div>\n\n<p>\u2022 El nuevo recorrido conecta al Parque del Amor de Santa Cruz Xoxocotl\u00e1n con el plantel 1 del Cecyteo en Tlalixtac de Cabrera<\/p>\n\n\n\n<p>Oaxaca de Ju\u00e1rez, Oax. 9 de octubre de 2025.- El Gobierno del Estado, a trav\u00e9s del Sistema de Transporte Colectivo Metropolitano BinniBus, puso en marcha la nueva ruta RA-03 \u201cLadxid\u00f3\u201d, que conecta al Parque del Amor con el plantel 01 del Cecyteo de Tlalixtac de Cabrera.<\/p>\n\n\n\n<p>\u201cLadxid\u00f3\u201d, que en zapoteco significa coraz\u00f3n, fortalecer\u00e1 la conectividad entre la zona nororiente de la ciudad y la ruta troncal, beneficiando a miles de personas usuarias.<\/p>\n\n\n\n<p>Este nuevo trayecto inicia en la terminal Yuroo Parque del Amor \u201cLadxid\u00f3\u201d, punto estrat\u00e9gico de interconexi\u00f3n con la ruta troncal RT-01 Kayaal Viguera \u2013 Xoxocotl\u00e1n y con la ruta RC-12 \u00d1unda que lleva a la cabecera municipal de Tlalixtac de Cabrera, y termina en la segunda calle de Azucena, a una cuadra del plantel 1 del Colegio de Estudios Cient\u00edficos y Tecnol\u00f3gicos del Estado de Oaxaca.<\/p>\n\n\n\n<p>La directora general del BinniBus, Karina G\u00f3mez Esteban destac\u00f3 que esta ruta permitir\u00e1 reducir tiempos de traslado y mejorar la accesibilidad de la poblaci\u00f3n.<\/p>\n\n\n\n<p>\u201cSeguimos avanzando en la construcci\u00f3n de un sistema de transporte p\u00fablico m\u00e1s eficiente, digno y accesible para todas y todos. Ladxid\u00f3 representa un paso hacia una red integrada que conecte mejor a la ciudad\u201d, subray\u00f3.<\/p>\n\n\n\n<p>El recorrido contempla 49 paradas autorizadas, 25 de ida y 24 de regreso, que transita puntos estrat\u00e9gicos como: Perif\u00e9rico, Crucero de Cinco Se\u00f1ores, Boulevard Eduardo Vasconcelos, Ciudad de las Canteras, Macroplaza, Monumento a Benito Ju\u00e1rez y carretera a Ixtl\u00e1n.<\/p>\n\n\n\n<p>La RA-03 operar\u00e1 de lunes a domingo de 6:30 a 22:00 horas, manteniendo la tarifa general de 8 pesos; para personas mayores y estudiantes con credencial vigente, 4 pesos; y para personas con discapacidad ser\u00e1 gratuita.<\/p>\n\n\n\n<p>El Gobierno de la Primavera Oaxaque\u00f1a contin\u00faa mejorando la conectividad en la ciudad con un sistema de transporte moderno, seguro e incluyente.<\/p>\n\n\n\n<p>-0-<\/p>\n","protected":false},"excerpt":{"rendered":"<p>\u2022 El nuevo recorrido conecta al Parque del Amor de Santa Cruz Xoxocotl\u00e1n con el&#8230;<\/p>\n","protected":false},"author":4,"featured_media":46687,"comment_status":"closed","ping_status":"open","sticky":false,"template":"","format":"standard","meta":{"footnotes":""},"categories":[3],"tags":[316,303],"jetpack_sharing_enabled":true,"featured_image_urls":{"full":["https:\/\/contextoanalisisperiodistico.com\/wp-content\/uploads\/2025\/10\/IMG-20251009-WA0133.jpg",1024,1280,false],"thumbnail":["https:\/\/contextoanalisisperiodistico.com\/wp-content\/uploads\/2025\/10\/IMG-20251009-WA0133-150x150.jpg",150,150,true],"medium":["https:\/\/contextoanalisisperiodistico.com\/wp-content\/uploads\/2025\/10\/IMG-20251009-WA0133-240x300.jpg",240,300,true],"medium_large":["https:\/\/contextoanalisisperiodistico.com\/wp-content\/uploads\/2025\/10\/IMG-20251009-WA0133-768x960.jpg",640,800,true],"large":["https:\/\/contextoanalisisperiodistico.com\/wp-content\/uploads\/2025\/10\/IMG-20251009-WA0133-819x1024.jpg",640,800,true],"1536x1536":["https:\/\/contextoanalisisperiodistico.com\/wp-content\/uploads\/2025\/10\/IMG-20251009-WA0133.jpg",1024,1280,false],"2048x2048":["https:\/\/contextoanalisisperiodistico.com\/wp-content\/uploads\/2025\/10\/IMG-20251009-WA0133.jpg",1024,1280,false],"covernews-slider-full":["https:\/\/contextoanalisisperiodistico.com\/wp-content\/uploads\/2025\/10\/IMG-20251009-WA0133-1024x715.jpg",1024,715,true],"covernews-slider-center":["https:\/\/contextoanalisisperiodistico.com\/wp-content\/uploads\/2025\/10\/IMG-20251009-WA0133-800x500.jpg",800,500,true],"covernews-featured":["https:\/\/contextoanalisisperiodistico.com\/wp-content\/uploads\/2025\/10\/IMG-20251009-WA0133.jpg",1024,1280,false],"covernews-medium":["https:\/\/contextoanalisisperiodistico.com\/wp-content\/uploads\/2025\/10\/IMG-20251009-WA0133-540x340.jpg",540,340,true],"covernews-medium-square":["https:\/\/contextoanalisisperiodistico.com\/wp-content\/uploads\/2025\/10\/IMG-20251009-WA0133-400x250.jpg",400,250,true]},"author_info":{"display_name":"Mario Gir\u00f3n","author_link":"https:\/\/contextoanalisisperiodistico.com\/index.php\/author\/director\/"},"category_info":"<a href=\"https:\/\/contextoanalisisperiodistico.com\/index.php\/category\/ciudad\/\" rel=\"category tag\">Ciudad<\/a>","tag_info":"Ciudad","comment_count":"0","jetpack_featured_media_url":"https:\/\/contextoanalisisperiodistico.com\/wp-content\/uploads\/2025\/10\/IMG-20251009-WA0133.jpg","_links":{"self":[{"href":"https:\/\/contextoanalisisperiodistico.com\/index.php\/wp-json\/wp\/v2\/posts\/46688"}],"collection":[{"href":"https:\/\/contextoanalisisperiodistico.com\/index.php\/wp-json\/wp\/v2\/posts"}],"about":[{"href":"https:\/\/contextoanalisisperiodistico.com\/index.php\/wp-json\/wp\/v2\/types\/post"}],"author":[{"embeddable":true,"href":"https:\/\/contextoanalisisperiodistico.com\/index.php\/wp-json\/wp\/v2\/users\/4"}],"replies":[{"embeddable":true,"href":"https:\/\/contextoanalisisperiodistico.com\/index.php\/wp-json\/wp\/v2\/comments?post=46688"}],"version-history":[{"count":1,"href":"https:\/\/contextoanalisisperiodistico.com\/index.php\/wp-json\/wp\/v2\/posts\/46688\/revisions"}],"predecessor-version":[{"id":46689,"href":"https:\/\/contextoanalisisperiodistico.com\/index.php\/wp-json\/wp\/v2\/posts\/46688\/revisions\/46689"}],"wp:featuredmedia":[{"embeddable":true,"href":"https:\/\/contextoanalisisperiodistico.com\/index.php\/wp-json\/wp\/v2\/media\/46687"}],"wp:attachment":[{"href":"https:\/\/contextoanalisisperiodistico.com\/index.php\/wp-json\/wp\/v2\/media?parent=46688"}],"wp:term":[{"taxonomy":"category","embeddable":true,"href":"https:\/\/contextoanalisisperiodistico.com\/index.php\/wp-json\/wp\/v2\/categories?post=46688"},{"taxonomy":"post_tag","embeddable":true,"href":"https:\/\/contextoanalisisperiodistico.com\/index.php\/wp-json\/wp\/v2\/tags?post=46688"}],"curies":[{"name":"wp","href":"https:\/\/api.w.org\/{rel}","templated":true}]}}