{"id":46686,"date":"2025-10-09T20:21:11","date_gmt":"2025-10-10T02:21:11","guid":{"rendered":"https:\/\/contextoanalisisperiodistico.com\/index.php\/2025\/10\/09\/destaca-oaxaca-por-su-excelencia-en-servicios-turisticos-recibe-distintivos-de-sectur-federal\/"},"modified":"2025-10-09T20:21:11","modified_gmt":"2025-10-10T02:21:11","slug":"destaca-oaxaca-por-su-excelencia-en-servicios-turisticos-recibe-distintivos-de-sectur-federal","status":"publish","type":"post","link":"https:\/\/contextoanalisisperiodistico.com\/index.php\/2025\/10\/09\/destaca-oaxaca-por-su-excelencia-en-servicios-turisticos-recibe-distintivos-de-sectur-federal\/","title":{"rendered":"Destaca Oaxaca por su excelencia en servicios tur\u00edsticos, recibe distintivos de Sectur federal"},"content":{"rendered":"<div id=\"fb-root\"><\/div>\n\n<p>\u2022 Estas certificaciones son un impulso a la competitividad, adem\u00e1s de que dan certeza al turista sobre los servicios que adquiere<\/p>\n\n\n\n<figure class=\"wp-block-image size-large\"><img fetchpriority=\"high\" decoding=\"async\" width=\"800\" height=\"533\" src=\"https:\/\/contextoanalisisperiodistico.com\/wp-content\/uploads\/2025\/10\/img-20251009-wa01192326600019662923714.jpg\" alt=\"\" class=\"wp-image-46684\" srcset=\"https:\/\/contextoanalisisperiodistico.com\/wp-content\/uploads\/2025\/10\/img-20251009-wa01192326600019662923714.jpg 800w, https:\/\/contextoanalisisperiodistico.com\/wp-content\/uploads\/2025\/10\/img-20251009-wa01192326600019662923714-300x200.jpg 300w, https:\/\/contextoanalisisperiodistico.com\/wp-content\/uploads\/2025\/10\/img-20251009-wa01192326600019662923714-768x512.jpg 768w\" sizes=\"(max-width: 800px) 100vw, 800px\" \/><\/figure>\n\n\n\n<figure class=\"wp-block-image\"><img decoding=\"async\" width=\"300\" height=\"300\" src=\"https:\/\/contextoanalisisperiodistico.com\/wp-content\/uploads\/2025\/10\/img-20251009-wa01188014669232589426964-300x300.jpg\" alt=\"\" class=\"wp-image-46685\" srcset=\"https:\/\/contextoanalisisperiodistico.com\/wp-content\/uploads\/2025\/10\/img-20251009-wa01188014669232589426964-300x300.jpg 300w, https:\/\/contextoanalisisperiodistico.com\/wp-content\/uploads\/2025\/10\/img-20251009-wa01188014669232589426964-150x150.jpg 150w\" sizes=\"(max-width: 300px) 100vw, 300px\" \/><\/figure>\n\n\n\n<p>Ciudad de M\u00e9xico. 9 de octubre de 2025.- El estado de Oaxaca recibi\u00f3 por parte de la Secretar\u00eda de Turismo federal (Sectur) 90 distintivos que reconocen la excelencia de los servicios tur\u00edsticos, que se prestan en los diferentes destinos de la entidad.<\/p>\n\n\n\n<p>De estos reconocimientos, 63 son sellos calidad Punto Limpio, 23 distintivos H y 4 distintivos Moderniza.<\/p>\n\n\n\n<p>La titular de la Sectur Oaxaca, Saymi Pineda Velasco destac\u00f3 que estas certificaciones reflejan el trabajo y compromiso de las y los prestadores de servicios tur\u00edsticos para tener un sector m\u00e1s competitivo y capaz de garantizar experiencias \u00fanicas.<\/p>\n\n\n\n<p>Afirm\u00f3 que, de la mano del Gobierno de M\u00e9xico y con el impulso del Gobernador Salom\u00f3n Jara Cruz, la entidad avanza hacia un turismo de bienestar, sostenible y con calidad, para convertir este sector en un motor de desarrollo econ\u00f3mico y social para las familias.<\/p>\n\n\n\n<p>En este marco en el que se entregaron mil 381 distintivos que reconocen el valor y la calidad del sector tur\u00edstico en 11 entidades del pa\u00eds, la titular de Sectur federal, Josefina Rodr\u00edguez Zamora destac\u00f3 que M\u00e9xico es una potencia y los distintivos son un impulso a la competitividad, adem\u00e1s de que dan certeza a las y los turistas sobre los servicios que adquieren.<\/p>\n\n\n\n<p>Estos resultados, dijo, se logran con trabajo y capacitaci\u00f3n, ya que las certificaciones eval\u00faan el desempe\u00f1o de prestadores de servicios en calidad, higiene, modelos de gesti\u00f3n, sostenibilidad, responsabilidad social, caracter\u00edsticas arquitect\u00f3nicas, gastron\u00f3micas y atenci\u00f3n a mercados especializados, entre otros.<\/p>\n\n\n\n<p>-0-<\/p>\n","protected":false},"excerpt":{"rendered":"<p>\u2022 Estas certificaciones son un impulso a la competitividad, adem\u00e1s de que dan certeza al&#8230;<\/p>\n","protected":false},"author":4,"featured_media":46683,"comment_status":"","ping_status":"open","sticky":false,"template":"","format":"standard","meta":{"footnotes":""},"categories":[9],"tags":[316,303],"jetpack_sharing_enabled":true,"featured_image_urls":{"full":["https:\/\/contextoanalisisperiodistico.com\/wp-content\/uploads\/2025\/10\/IMG-20251009-WA0117.jpg",800,533,false],"thumbnail":["https:\/\/contextoanalisisperiodistico.com\/wp-content\/uploads\/2025\/10\/IMG-20251009-WA0117-150x150.jpg",150,150,true],"medium":["https:\/\/contextoanalisisperiodistico.com\/wp-content\/uploads\/2025\/10\/IMG-20251009-WA0117-300x200.jpg",300,200,true],"medium_large":["https:\/\/contextoanalisisperiodistico.com\/wp-content\/uploads\/2025\/10\/IMG-20251009-WA0117-768x512.jpg",640,427,true],"large":["https:\/\/contextoanalisisperiodistico.com\/wp-content\/uploads\/2025\/10\/IMG-20251009-WA0117.jpg",640,426,false],"1536x1536":["https:\/\/contextoanalisisperiodistico.com\/wp-content\/uploads\/2025\/10\/IMG-20251009-WA0117.jpg",800,533,false],"2048x2048":["https:\/\/contextoanalisisperiodistico.com\/wp-content\/uploads\/2025\/10\/IMG-20251009-WA0117.jpg",800,533,false],"covernews-slider-full":["https:\/\/contextoanalisisperiodistico.com\/wp-content\/uploads\/2025\/10\/IMG-20251009-WA0117.jpg",800,533,false],"covernews-slider-center":["https:\/\/contextoanalisisperiodistico.com\/wp-content\/uploads\/2025\/10\/IMG-20251009-WA0117-800x500.jpg",800,500,true],"covernews-featured":["https:\/\/contextoanalisisperiodistico.com\/wp-content\/uploads\/2025\/10\/IMG-20251009-WA0117.jpg",800,533,false],"covernews-medium":["https:\/\/contextoanalisisperiodistico.com\/wp-content\/uploads\/2025\/10\/IMG-20251009-WA0117-540x340.jpg",540,340,true],"covernews-medium-square":["https:\/\/contextoanalisisperiodistico.com\/wp-content\/uploads\/2025\/10\/IMG-20251009-WA0117-400x250.jpg",400,250,true]},"author_info":{"display_name":"Mario Gir\u00f3n","author_link":"https:\/\/contextoanalisisperiodistico.com\/index.php\/author\/director\/"},"category_info":"<a href=\"https:\/\/contextoanalisisperiodistico.com\/index.php\/category\/politica\/\" rel=\"category tag\">Pol\u00edtica<\/a>","tag_info":"Pol\u00edtica","comment_count":"0","jetpack_featured_media_url":"https:\/\/contextoanalisisperiodistico.com\/wp-content\/uploads\/2025\/10\/IMG-20251009-WA0117.jpg","_links":{"self":[{"href":"https:\/\/contextoanalisisperiodistico.com\/index.php\/wp-json\/wp\/v2\/posts\/46686"}],"collection":[{"href":"https:\/\/contextoanalisisperiodistico.com\/index.php\/wp-json\/wp\/v2\/posts"}],"about":[{"href":"https:\/\/contextoanalisisperiodistico.com\/index.php\/wp-json\/wp\/v2\/types\/post"}],"author":[{"embeddable":true,"href":"https:\/\/contextoanalisisperiodistico.com\/index.php\/wp-json\/wp\/v2\/users\/4"}],"replies":[{"embeddable":true,"href":"https:\/\/contextoanalisisperiodistico.com\/index.php\/wp-json\/wp\/v2\/comments?post=46686"}],"version-history":[{"count":0,"href":"https:\/\/contextoanalisisperiodistico.com\/index.php\/wp-json\/wp\/v2\/posts\/46686\/revisions"}],"wp:featuredmedia":[{"embeddable":true,"href":"https:\/\/contextoanalisisperiodistico.com\/index.php\/wp-json\/wp\/v2\/media\/46683"}],"wp:attachment":[{"href":"https:\/\/contextoanalisisperiodistico.com\/index.php\/wp-json\/wp\/v2\/media?parent=46686"}],"wp:term":[{"taxonomy":"category","embeddable":true,"href":"https:\/\/contextoanalisisperiodistico.com\/index.php\/wp-json\/wp\/v2\/categories?post=46686"},{"taxonomy":"post_tag","embeddable":true,"href":"https:\/\/contextoanalisisperiodistico.com\/index.php\/wp-json\/wp\/v2\/tags?post=46686"}],"curies":[{"name":"wp","href":"https:\/\/api.w.org\/{rel}","templated":true}]}}