{"id":46682,"date":"2025-10-09T18:55:30","date_gmt":"2025-10-10T00:55:30","guid":{"rendered":"https:\/\/contextoanalisisperiodistico.com\/index.php\/2025\/10\/09\/acuerdan-santa-maria-yolotepec-y-santiago-yosondua-mantener-la-ruta-del-dialogo-y-cesar-actos-de-violencia\/"},"modified":"2025-10-09T18:55:30","modified_gmt":"2025-10-10T00:55:30","slug":"acuerdan-santa-maria-yolotepec-y-santiago-yosondua-mantener-la-ruta-del-dialogo-y-cesar-actos-de-violencia","status":"publish","type":"post","link":"https:\/\/contextoanalisisperiodistico.com\/index.php\/2025\/10\/09\/acuerdan-santa-maria-yolotepec-y-santiago-yosondua-mantener-la-ruta-del-dialogo-y-cesar-actos-de-violencia\/","title":{"rendered":"Acuerdan Santa Mar\u00eda Yolotepec y Santiago Yosond\u00faa mantener la ruta del di\u00e1logo y cesar actos de violencia"},"content":{"rendered":"<div id=\"fb-root\"><\/div>\n\n<p>\u2022 Autoridades municipales y agrarias sostuvieron una mesa de atenci\u00f3n para recuperar la paz y garantizar la estabilidad en la zona de conflicto<\/p>\n\n\n\n<figure class=\"wp-block-image size-large\"><img fetchpriority=\"high\" decoding=\"async\" width=\"457\" height=\"1024\" src=\"https:\/\/contextoanalisisperiodistico.com\/wp-content\/uploads\/2025\/10\/screenshot_2025-10-09-18-53-14-37_6012fa4d4ddec268fc5c7112cbb265e74810531847415799322-457x1024.jpg\" alt=\"\" class=\"wp-image-46679\" srcset=\"https:\/\/contextoanalisisperiodistico.com\/wp-content\/uploads\/2025\/10\/screenshot_2025-10-09-18-53-14-37_6012fa4d4ddec268fc5c7112cbb265e74810531847415799322-457x1024.jpg 457w, https:\/\/contextoanalisisperiodistico.com\/wp-content\/uploads\/2025\/10\/screenshot_2025-10-09-18-53-14-37_6012fa4d4ddec268fc5c7112cbb265e74810531847415799322-134x300.jpg 134w, https:\/\/contextoanalisisperiodistico.com\/wp-content\/uploads\/2025\/10\/screenshot_2025-10-09-18-53-14-37_6012fa4d4ddec268fc5c7112cbb265e74810531847415799322-686x1536.jpg 686w, https:\/\/contextoanalisisperiodistico.com\/wp-content\/uploads\/2025\/10\/screenshot_2025-10-09-18-53-14-37_6012fa4d4ddec268fc5c7112cbb265e74810531847415799322.jpg 720w\" sizes=\"(max-width: 457px) 100vw, 457px\" \/><\/figure>\n\n\n\n<figure class=\"wp-block-image\"><img decoding=\"async\" width=\"1024\" height=\"768\" src=\"https:\/\/contextoanalisisperiodistico.com\/wp-content\/uploads\/2025\/10\/img-20251009-wa01077873405075993062648-1024x768.jpg\" alt=\"\" class=\"wp-image-46680\" srcset=\"https:\/\/contextoanalisisperiodistico.com\/wp-content\/uploads\/2025\/10\/img-20251009-wa01077873405075993062648-1024x768.jpg 1024w, https:\/\/contextoanalisisperiodistico.com\/wp-content\/uploads\/2025\/10\/img-20251009-wa01077873405075993062648-300x225.jpg 300w, https:\/\/contextoanalisisperiodistico.com\/wp-content\/uploads\/2025\/10\/img-20251009-wa01077873405075993062648-768x576.jpg 768w, https:\/\/contextoanalisisperiodistico.com\/wp-content\/uploads\/2025\/10\/img-20251009-wa01077873405075993062648.jpg 1280w\" sizes=\"(max-width: 1024px) 100vw, 1024px\" \/><\/figure>\n\n\n\n<figure class=\"wp-block-image\"><img decoding=\"async\" width=\"1024\" height=\"768\" src=\"https:\/\/contextoanalisisperiodistico.com\/wp-content\/uploads\/2025\/10\/img-20251009-wa01057691241155391177645-1024x768.jpg\" alt=\"\" class=\"wp-image-46681\" srcset=\"https:\/\/contextoanalisisperiodistico.com\/wp-content\/uploads\/2025\/10\/img-20251009-wa01057691241155391177645-1024x768.jpg 1024w, https:\/\/contextoanalisisperiodistico.com\/wp-content\/uploads\/2025\/10\/img-20251009-wa01057691241155391177645-300x225.jpg 300w, https:\/\/contextoanalisisperiodistico.com\/wp-content\/uploads\/2025\/10\/img-20251009-wa01057691241155391177645-768x576.jpg 768w, https:\/\/contextoanalisisperiodistico.com\/wp-content\/uploads\/2025\/10\/img-20251009-wa01057691241155391177645.jpg 1280w\" sizes=\"(max-width: 1024px) 100vw, 1024px\" \/><\/figure>\n\n\n\n<p>Heroica Ciudad de Tlaxiaco, Oax. 9 de octubre de 2025.- Autoridades municipales y agrarias de Santa Mar\u00eda Yolotepec y Buenavista perteneciente a Santiago Yosond\u00faa, entablaron una nueva mesa de di\u00e1logo en la que se comprometieron a cesar los actos de violencia para solucionar el problema agrario y social que viven desde hace siete d\u00e9cadas.<\/p>\n\n\n\n<p>Ante representantes del Gobierno del Estado a trav\u00e9s de la Secretar\u00eda de Gobierno (Sego) y la Junta de Conciliaci\u00f3n Agraria (JCA), as\u00ed como de la Secretar\u00eda de Gobernaci\u00f3n (Segob), manifestaron su disposici\u00f3n para recuperar la paz por la ruta del di\u00e1logo y garantizar la estabilidad en la zona de conflicto.<\/p>\n\n\n\n<p>En este encuentro realizado en el Centro Cultural de Tlaxiaco se comprometieron a hablar con sus respectivas asambleas para exhortarles a mantener la calma y evitar actos que alteren el orden.<\/p>\n\n\n\n<p>Respecto a la reuni\u00f3n programada para el pr\u00f3ximo lunes 13 de octubre en Palacio de Gobierno, Santiago Yosond\u00faa confirm\u00f3 su asistencia, mientras que Santa Mar\u00eda Yolotepec realizar\u00e1 las gestiones necesarias ante su asamblea.<\/p>\n\n\n\n<p>El Gobierno de la Primavera Oaxaque\u00f1a seguir\u00e1 acompa\u00f1ando este proceso mediante el di\u00e1logo, la conciliaci\u00f3n y el respeto mutuo; no obstante, reitera que quienes incurran en actos de provocaci\u00f3n y violencia para desestabilizar la zona, deber\u00e1n ser juzgados de acuerdo con la ley.<\/p>\n\n\n\n<p>-0-<\/p>\n","protected":false},"excerpt":{"rendered":"<p>\u2022 Autoridades municipales y agrarias sostuvieron una mesa de atenci\u00f3n para recuperar la paz y&#8230;<\/p>\n","protected":false},"author":4,"featured_media":46678,"comment_status":"","ping_status":"open","sticky":false,"template":"","format":"standard","meta":{"footnotes":""},"categories":[9],"tags":[316,303],"jetpack_sharing_enabled":true,"featured_image_urls":{"full":["https:\/\/contextoanalisisperiodistico.com\/wp-content\/uploads\/2025\/10\/Screenshot_2025-10-09-18-53-28-17_6012fa4d4ddec268fc5c7112cbb265e7.jpg",717,1012,false],"thumbnail":["https:\/\/contextoanalisisperiodistico.com\/wp-content\/uploads\/2025\/10\/Screenshot_2025-10-09-18-53-28-17_6012fa4d4ddec268fc5c7112cbb265e7-150x150.jpg",150,150,true],"medium":["https:\/\/contextoanalisisperiodistico.com\/wp-content\/uploads\/2025\/10\/Screenshot_2025-10-09-18-53-28-17_6012fa4d4ddec268fc5c7112cbb265e7-213x300.jpg",213,300,true],"medium_large":["https:\/\/contextoanalisisperiodistico.com\/wp-content\/uploads\/2025\/10\/Screenshot_2025-10-09-18-53-28-17_6012fa4d4ddec268fc5c7112cbb265e7.jpg",640,903,false],"large":["https:\/\/contextoanalisisperiodistico.com\/wp-content\/uploads\/2025\/10\/Screenshot_2025-10-09-18-53-28-17_6012fa4d4ddec268fc5c7112cbb265e7.jpg",640,903,false],"1536x1536":["https:\/\/contextoanalisisperiodistico.com\/wp-content\/uploads\/2025\/10\/Screenshot_2025-10-09-18-53-28-17_6012fa4d4ddec268fc5c7112cbb265e7.jpg",717,1012,false],"2048x2048":["https:\/\/contextoanalisisperiodistico.com\/wp-content\/uploads\/2025\/10\/Screenshot_2025-10-09-18-53-28-17_6012fa4d4ddec268fc5c7112cbb265e7.jpg",717,1012,false],"covernews-slider-full":["https:\/\/contextoanalisisperiodistico.com\/wp-content\/uploads\/2025\/10\/Screenshot_2025-10-09-18-53-28-17_6012fa4d4ddec268fc5c7112cbb265e7-717x715.jpg",717,715,true],"covernews-slider-center":["https:\/\/contextoanalisisperiodistico.com\/wp-content\/uploads\/2025\/10\/Screenshot_2025-10-09-18-53-28-17_6012fa4d4ddec268fc5c7112cbb265e7-717x500.jpg",717,500,true],"covernews-featured":["https:\/\/contextoanalisisperiodistico.com\/wp-content\/uploads\/2025\/10\/Screenshot_2025-10-09-18-53-28-17_6012fa4d4ddec268fc5c7112cbb265e7.jpg",717,1012,false],"covernews-medium":["https:\/\/contextoanalisisperiodistico.com\/wp-content\/uploads\/2025\/10\/Screenshot_2025-10-09-18-53-28-17_6012fa4d4ddec268fc5c7112cbb265e7-540x340.jpg",540,340,true],"covernews-medium-square":["https:\/\/contextoanalisisperiodistico.com\/wp-content\/uploads\/2025\/10\/Screenshot_2025-10-09-18-53-28-17_6012fa4d4ddec268fc5c7112cbb265e7-400x250.jpg",400,250,true]},"author_info":{"display_name":"Mario Gir\u00f3n","author_link":"https:\/\/contextoanalisisperiodistico.com\/index.php\/author\/director\/"},"category_info":"<a href=\"https:\/\/contextoanalisisperiodistico.com\/index.php\/category\/politica\/\" rel=\"category tag\">Pol\u00edtica<\/a>","tag_info":"Pol\u00edtica","comment_count":"0","jetpack_featured_media_url":"https:\/\/contextoanalisisperiodistico.com\/wp-content\/uploads\/2025\/10\/Screenshot_2025-10-09-18-53-28-17_6012fa4d4ddec268fc5c7112cbb265e7.jpg","_links":{"self":[{"href":"https:\/\/contextoanalisisperiodistico.com\/index.php\/wp-json\/wp\/v2\/posts\/46682"}],"collection":[{"href":"https:\/\/contextoanalisisperiodistico.com\/index.php\/wp-json\/wp\/v2\/posts"}],"about":[{"href":"https:\/\/contextoanalisisperiodistico.com\/index.php\/wp-json\/wp\/v2\/types\/post"}],"author":[{"embeddable":true,"href":"https:\/\/contextoanalisisperiodistico.com\/index.php\/wp-json\/wp\/v2\/users\/4"}],"replies":[{"embeddable":true,"href":"https:\/\/contextoanalisisperiodistico.com\/index.php\/wp-json\/wp\/v2\/comments?post=46682"}],"version-history":[{"count":0,"href":"https:\/\/contextoanalisisperiodistico.com\/index.php\/wp-json\/wp\/v2\/posts\/46682\/revisions"}],"wp:featuredmedia":[{"embeddable":true,"href":"https:\/\/contextoanalisisperiodistico.com\/index.php\/wp-json\/wp\/v2\/media\/46678"}],"wp:attachment":[{"href":"https:\/\/contextoanalisisperiodistico.com\/index.php\/wp-json\/wp\/v2\/media?parent=46682"}],"wp:term":[{"taxonomy":"category","embeddable":true,"href":"https:\/\/contextoanalisisperiodistico.com\/index.php\/wp-json\/wp\/v2\/categories?post=46682"},{"taxonomy":"post_tag","embeddable":true,"href":"https:\/\/contextoanalisisperiodistico.com\/index.php\/wp-json\/wp\/v2\/tags?post=46682"}],"curies":[{"name":"wp","href":"https:\/\/api.w.org\/{rel}","templated":true}]}}