{"id":46677,"date":"2025-10-09T17:53:58","date_gmt":"2025-10-09T23:53:58","guid":{"rendered":"https:\/\/contextoanalisisperiodistico.com\/index.php\/2025\/10\/09\/reporta-sso-una-disminucion-del-94-53-en-casos-de-dengue-en-lo-que-va-de-2025\/"},"modified":"2025-10-09T17:53:58","modified_gmt":"2025-10-09T23:53:58","slug":"reporta-sso-una-disminucion-del-94-53-en-casos-de-dengue-en-lo-que-va-de-2025","status":"publish","type":"post","link":"https:\/\/contextoanalisisperiodistico.com\/index.php\/2025\/10\/09\/reporta-sso-una-disminucion-del-94-53-en-casos-de-dengue-en-lo-que-va-de-2025\/","title":{"rendered":"Reporta SSO una disminuci\u00f3n del 94.53% en casos de dengue en lo que va de 2025"},"content":{"rendered":"<div id=\"fb-root\"><\/div>\n\n<p>\u2022 La dependencia llama a las autoridades municipales y poblaci\u00f3n de las jurisdicciones de Tuxtepec, Costa y Valles Centrales a redoblar las medidas preventivas en sus hogares y espacios comunes<\/p>\n\n\n\n<figure class=\"wp-block-image size-large\"><img fetchpriority=\"high\" decoding=\"async\" width=\"614\" height=\"1024\" src=\"https:\/\/contextoanalisisperiodistico.com\/wp-content\/uploads\/2025\/10\/img-20251009-wa00795650697542559164481-614x1024.jpg\" alt=\"\" class=\"wp-image-46676\" srcset=\"https:\/\/contextoanalisisperiodistico.com\/wp-content\/uploads\/2025\/10\/img-20251009-wa00795650697542559164481-614x1024.jpg 614w, https:\/\/contextoanalisisperiodistico.com\/wp-content\/uploads\/2025\/10\/img-20251009-wa00795650697542559164481-180x300.jpg 180w, https:\/\/contextoanalisisperiodistico.com\/wp-content\/uploads\/2025\/10\/img-20251009-wa00795650697542559164481.jpg 767w\" sizes=\"(max-width: 614px) 100vw, 614px\" \/><\/figure>\n\n\n\n<figure class=\"wp-block-image\"><img decoding=\"async\" width=\"1024\" height=\"683\" src=\"https:\/\/contextoanalisisperiodistico.com\/wp-content\/uploads\/2025\/10\/img-20251009-wa0081573716147807154123-1024x683.jpg\" alt=\"\" class=\"wp-image-46675\" srcset=\"https:\/\/contextoanalisisperiodistico.com\/wp-content\/uploads\/2025\/10\/img-20251009-wa0081573716147807154123-1024x683.jpg 1024w, https:\/\/contextoanalisisperiodistico.com\/wp-content\/uploads\/2025\/10\/img-20251009-wa0081573716147807154123-300x200.jpg 300w, https:\/\/contextoanalisisperiodistico.com\/wp-content\/uploads\/2025\/10\/img-20251009-wa0081573716147807154123-768x512.jpg 768w, https:\/\/contextoanalisisperiodistico.com\/wp-content\/uploads\/2025\/10\/img-20251009-wa0081573716147807154123.jpg 1280w\" sizes=\"(max-width: 1024px) 100vw, 1024px\" \/><\/figure>\n\n\n\n<p>Oaxaca de Ju\u00e1rez, Oax, 9 de octubre de 2025.- Servicios de Salud de Oaxaca (SSO) reporta una disminuci\u00f3n del 94.53 por ciento en casos de dengue en lo que va de 2025, respecto al mismo periodo del 2024.<\/p>\n\n\n\n<p>La dependencia indica que, para mantener controlada la transmisi\u00f3n del virus, se refuerzan las acciones de fumigaci\u00f3n en zonas de riesgo, control larvario, eliminaci\u00f3n de criaderos y promoci\u00f3n de h\u00e1bitos de limpieza en patios y espacios comunes, durante esta temporada de lluvias.<\/p>\n\n\n\n<p>Asimismo, se redoblaron esfuerzos para incentivar a la ciudadan\u00eda a seguir las recomendaciones preventivas de la estrategia lava, tapa, voltea y tira; esencial para disminuir el n\u00famero de casos en la entidad.<\/p>\n\n\n\n<p>Al corte de la semana epidemiol\u00f3gica n\u00famero 40, Oaxaca reporta 14 casos nuevos de dengue: cuatro en San Juan Bautista Tuxtepec; dos en San Lucas Ojitl\u00e1n y San Felipe Jalapa de D\u00edaz, respectivamente; y uno en Santa Mar\u00eda Colotepec, Oaxaca de Ju\u00e1rez, San Pedro Mixtepec, Santiago Jocotepec, Nuevo Soyaltepec y Santa Mar\u00eda Jalapa del Marqu\u00e9s; que suman un total de 199 casos acumulados.<\/p>\n\n\n\n<p>De acuerdo con su clasificaci\u00f3n cl\u00ednica, 35 corresponden a Dengue No Grave (DNG), 142 a Dengue con Signos de Alarma (DCSA), 22 a Dengue Grave (DG) y se reportan tres lamentables decesos.<\/p>\n\n\n\n<p>La Jurisdicci\u00f3n Sanitaria de Tuxtepec contabiliza 141 casos; Costa 25; Valles Centrales 18; Istmo 10; Mixteca cuatro y Sierra uno. Por sexo, 105 corresponden a mujeres y 94 a hombres.<\/p>\n\n\n\n<p>La dependencia llama a las autoridades municipales y a la poblaci\u00f3n de las jurisdicciones de Tuxtepec, Costa y Valles Centrales a limpiar objetos en desuso, cortar la hierba o maleza, mantener patios, azoteas y jardines libres de cacharros y, sobre todo, tapar los recipientes que almacenen agua limpia.<\/p>\n\n\n\n<p>Cabe recordar que la hembra del mosquito pone sus huevos en los bordes de recipientes con agua, donde se transforman en larvas y posteriormente en mosquitos adultos, en un promedio de 7 d\u00edas.<\/p>\n\n\n\n<p>-0-<\/p>\n","protected":false},"excerpt":{"rendered":"<p>\u2022 La dependencia llama a las autoridades municipales y poblaci\u00f3n de las jurisdicciones de Tuxtepec,&#8230;<\/p>\n","protected":false},"author":4,"featured_media":46674,"comment_status":"","ping_status":"open","sticky":false,"template":"","format":"standard","meta":{"footnotes":""},"categories":[92],"tags":[303],"jetpack_sharing_enabled":true,"featured_image_urls":{"full":["https:\/\/contextoanalisisperiodistico.com\/wp-content\/uploads\/2025\/10\/IMG-20251009-WA0080.jpg",1280,854,false],"thumbnail":["https:\/\/contextoanalisisperiodistico.com\/wp-content\/uploads\/2025\/10\/IMG-20251009-WA0080-150x150.jpg",150,150,true],"medium":["https:\/\/contextoanalisisperiodistico.com\/wp-content\/uploads\/2025\/10\/IMG-20251009-WA0080-300x200.jpg",300,200,true],"medium_large":["https:\/\/contextoanalisisperiodistico.com\/wp-content\/uploads\/2025\/10\/IMG-20251009-WA0080-768x512.jpg",640,427,true],"large":["https:\/\/contextoanalisisperiodistico.com\/wp-content\/uploads\/2025\/10\/IMG-20251009-WA0080-1024x683.jpg",640,427,true],"1536x1536":["https:\/\/contextoanalisisperiodistico.com\/wp-content\/uploads\/2025\/10\/IMG-20251009-WA0080.jpg",1280,854,false],"2048x2048":["https:\/\/contextoanalisisperiodistico.com\/wp-content\/uploads\/2025\/10\/IMG-20251009-WA0080.jpg",1280,854,false],"covernews-slider-full":["https:\/\/contextoanalisisperiodistico.com\/wp-content\/uploads\/2025\/10\/IMG-20251009-WA0080-1115x715.jpg",1115,715,true],"covernews-slider-center":["https:\/\/contextoanalisisperiodistico.com\/wp-content\/uploads\/2025\/10\/IMG-20251009-WA0080-800x500.jpg",800,500,true],"covernews-featured":["https:\/\/contextoanalisisperiodistico.com\/wp-content\/uploads\/2025\/10\/IMG-20251009-WA0080-1024x683.jpg",1024,683,true],"covernews-medium":["https:\/\/contextoanalisisperiodistico.com\/wp-content\/uploads\/2025\/10\/IMG-20251009-WA0080-540x340.jpg",540,340,true],"covernews-medium-square":["https:\/\/contextoanalisisperiodistico.com\/wp-content\/uploads\/2025\/10\/IMG-20251009-WA0080-400x250.jpg",400,250,true]},"author_info":{"display_name":"Mario Gir\u00f3n","author_link":"https:\/\/contextoanalisisperiodistico.com\/index.php\/author\/director\/"},"category_info":"<a href=\"https:\/\/contextoanalisisperiodistico.com\/index.php\/category\/salud\/\" rel=\"category tag\">Salud<\/a>","tag_info":"Salud","comment_count":"0","jetpack_featured_media_url":"https:\/\/contextoanalisisperiodistico.com\/wp-content\/uploads\/2025\/10\/IMG-20251009-WA0080.jpg","_links":{"self":[{"href":"https:\/\/contextoanalisisperiodistico.com\/index.php\/wp-json\/wp\/v2\/posts\/46677"}],"collection":[{"href":"https:\/\/contextoanalisisperiodistico.com\/index.php\/wp-json\/wp\/v2\/posts"}],"about":[{"href":"https:\/\/contextoanalisisperiodistico.com\/index.php\/wp-json\/wp\/v2\/types\/post"}],"author":[{"embeddable":true,"href":"https:\/\/contextoanalisisperiodistico.com\/index.php\/wp-json\/wp\/v2\/users\/4"}],"replies":[{"embeddable":true,"href":"https:\/\/contextoanalisisperiodistico.com\/index.php\/wp-json\/wp\/v2\/comments?post=46677"}],"version-history":[{"count":0,"href":"https:\/\/contextoanalisisperiodistico.com\/index.php\/wp-json\/wp\/v2\/posts\/46677\/revisions"}],"wp:featuredmedia":[{"embeddable":true,"href":"https:\/\/contextoanalisisperiodistico.com\/index.php\/wp-json\/wp\/v2\/media\/46674"}],"wp:attachment":[{"href":"https:\/\/contextoanalisisperiodistico.com\/index.php\/wp-json\/wp\/v2\/media?parent=46677"}],"wp:term":[{"taxonomy":"category","embeddable":true,"href":"https:\/\/contextoanalisisperiodistico.com\/index.php\/wp-json\/wp\/v2\/categories?post=46677"},{"taxonomy":"post_tag","embeddable":true,"href":"https:\/\/contextoanalisisperiodistico.com\/index.php\/wp-json\/wp\/v2\/tags?post=46677"}],"curies":[{"name":"wp","href":"https:\/\/api.w.org\/{rel}","templated":true}]}}