{"id":46673,"date":"2025-10-09T17:47:22","date_gmt":"2025-10-09T23:47:22","guid":{"rendered":"https:\/\/contextoanalisisperiodistico.com\/index.php\/2025\/10\/09\/policia-municipal-asegura-vehiculo-con-reporte-de-robo-activo\/"},"modified":"2025-10-09T17:47:22","modified_gmt":"2025-10-09T23:47:22","slug":"policia-municipal-asegura-vehiculo-con-reporte-de-robo-activo","status":"publish","type":"post","link":"https:\/\/contextoanalisisperiodistico.com\/index.php\/2025\/10\/09\/policia-municipal-asegura-vehiculo-con-reporte-de-robo-activo\/","title":{"rendered":"Polic\u00eda Municipal asegura veh\u00edculo con reporte de robo activo"},"content":{"rendered":"<div id=\"fb-root\"><\/div>\n\n<p>Oaxaca de Ju\u00e1rez, Oax., 09 de octubre de 2025.- Personal de la Secretar\u00eda de Seguridad Vecinal asegur\u00f3 un veh\u00edculo Nissan tipo Tsuru al contar con reporte de robo activo, el cual qued\u00f3 a disposici\u00f3n de la autoridad ministerial.<\/p>\n\n\n\n<p>La intervenci\u00f3n tuvo lugar el mi\u00e9rcoles a las 18:35 horas en la calle Ariel esquina La Cieneguita, de la colonia Sat\u00e9lite, agencia Cinco Se\u00f1ores.<\/p>\n\n\n\n<p>Elementos de la Direcci\u00f3n de Proximidad Social aplicaban un operativo de prevenci\u00f3n cuando el C-2 los alert\u00f3 para brindar un auxilio en ese lugar.<\/p>\n\n\n\n<p>Una vez en ese sitio, observaron el veh\u00edculo marca Nissan tipo Tsuru, color gris, sin placas de circulaci\u00f3n, el cual ten\u00eda al menos dos d\u00edas en ese lugar, seg\u00fan manifestaron los vecinos.<\/p>\n\n\n\n<p>A trav\u00e9s de la Unidad de An\u00e1lisis, de esta Secretar\u00eda, los elementos confirmaron que dicho veh\u00edculo cuenta con reporte de robo activo de fecha 29 de septiembre pasado, por lo que al respecto ya existe una carpeta de investigaci\u00f3n en la Fiscal\u00eda General del Estado.<\/p>\n\n\n\n<p>El veh\u00edculo fue asegurado para quedar a disposici\u00f3n del Ministerio P\u00fablico a fin de continuar con la indagatoria correspondiente.<\/p>\n","protected":false},"excerpt":{"rendered":"<p>Oaxaca de Ju\u00e1rez, Oax., 09 de octubre de 2025.- Personal de la Secretar\u00eda de Seguridad&#8230;<\/p>\n","protected":false},"author":4,"featured_media":46672,"comment_status":"","ping_status":"open","sticky":false,"template":"","format":"standard","meta":{"footnotes":""},"categories":[10],"tags":[316,303],"jetpack_sharing_enabled":true,"featured_image_urls":{"full":["https:\/\/contextoanalisisperiodistico.com\/wp-content\/uploads\/2025\/10\/IMG-20251009-WA0093.jpg",1600,719,false],"thumbnail":["https:\/\/contextoanalisisperiodistico.com\/wp-content\/uploads\/2025\/10\/IMG-20251009-WA0093-150x150.jpg",150,150,true],"medium":["https:\/\/contextoanalisisperiodistico.com\/wp-content\/uploads\/2025\/10\/IMG-20251009-WA0093-300x135.jpg",300,135,true],"medium_large":["https:\/\/contextoanalisisperiodistico.com\/wp-content\/uploads\/2025\/10\/IMG-20251009-WA0093-768x345.jpg",640,288,true],"large":["https:\/\/contextoanalisisperiodistico.com\/wp-content\/uploads\/2025\/10\/IMG-20251009-WA0093-1024x460.jpg",640,288,true],"1536x1536":["https:\/\/contextoanalisisperiodistico.com\/wp-content\/uploads\/2025\/10\/IMG-20251009-WA0093-1536x690.jpg",1536,690,true],"2048x2048":["https:\/\/contextoanalisisperiodistico.com\/wp-content\/uploads\/2025\/10\/IMG-20251009-WA0093.jpg",1600,719,false],"covernews-slider-full":["https:\/\/contextoanalisisperiodistico.com\/wp-content\/uploads\/2025\/10\/IMG-20251009-WA0093-1115x715.jpg",1115,715,true],"covernews-slider-center":["https:\/\/contextoanalisisperiodistico.com\/wp-content\/uploads\/2025\/10\/IMG-20251009-WA0093-800x500.jpg",800,500,true],"covernews-featured":["https:\/\/contextoanalisisperiodistico.com\/wp-content\/uploads\/2025\/10\/IMG-20251009-WA0093-1024x460.jpg",1024,460,true],"covernews-medium":["https:\/\/contextoanalisisperiodistico.com\/wp-content\/uploads\/2025\/10\/IMG-20251009-WA0093-540x340.jpg",540,340,true],"covernews-medium-square":["https:\/\/contextoanalisisperiodistico.com\/wp-content\/uploads\/2025\/10\/IMG-20251009-WA0093-400x250.jpg",400,250,true]},"author_info":{"display_name":"Mario Gir\u00f3n","author_link":"https:\/\/contextoanalisisperiodistico.com\/index.php\/author\/director\/"},"category_info":"<a href=\"https:\/\/contextoanalisisperiodistico.com\/index.php\/category\/seguridad\/\" rel=\"category tag\">Seguridad<\/a>","tag_info":"Seguridad","comment_count":"0","jetpack_featured_media_url":"https:\/\/contextoanalisisperiodistico.com\/wp-content\/uploads\/2025\/10\/IMG-20251009-WA0093.jpg","_links":{"self":[{"href":"https:\/\/contextoanalisisperiodistico.com\/index.php\/wp-json\/wp\/v2\/posts\/46673"}],"collection":[{"href":"https:\/\/contextoanalisisperiodistico.com\/index.php\/wp-json\/wp\/v2\/posts"}],"about":[{"href":"https:\/\/contextoanalisisperiodistico.com\/index.php\/wp-json\/wp\/v2\/types\/post"}],"author":[{"embeddable":true,"href":"https:\/\/contextoanalisisperiodistico.com\/index.php\/wp-json\/wp\/v2\/users\/4"}],"replies":[{"embeddable":true,"href":"https:\/\/contextoanalisisperiodistico.com\/index.php\/wp-json\/wp\/v2\/comments?post=46673"}],"version-history":[{"count":0,"href":"https:\/\/contextoanalisisperiodistico.com\/index.php\/wp-json\/wp\/v2\/posts\/46673\/revisions"}],"wp:featuredmedia":[{"embeddable":true,"href":"https:\/\/contextoanalisisperiodistico.com\/index.php\/wp-json\/wp\/v2\/media\/46672"}],"wp:attachment":[{"href":"https:\/\/contextoanalisisperiodistico.com\/index.php\/wp-json\/wp\/v2\/media?parent=46673"}],"wp:term":[{"taxonomy":"category","embeddable":true,"href":"https:\/\/contextoanalisisperiodistico.com\/index.php\/wp-json\/wp\/v2\/categories?post=46673"},{"taxonomy":"post_tag","embeddable":true,"href":"https:\/\/contextoanalisisperiodistico.com\/index.php\/wp-json\/wp\/v2\/tags?post=46673"}],"curies":[{"name":"wp","href":"https:\/\/api.w.org\/{rel}","templated":true}]}}