{"id":46669,"date":"2025-10-09T13:55:12","date_gmt":"2025-10-09T19:55:12","guid":{"rendered":"https:\/\/contextoanalisisperiodistico.com\/index.php\/2025\/10\/09\/policia-municipal-detiene-a-persona-presuntamente-relacionada-con-cristalazos\/"},"modified":"2025-10-09T13:56:49","modified_gmt":"2025-10-09T19:56:49","slug":"policia-municipal-detiene-a-persona-presuntamente-relacionada-con-cristalazos","status":"publish","type":"post","link":"https:\/\/contextoanalisisperiodistico.com\/index.php\/2025\/10\/09\/policia-municipal-detiene-a-persona-presuntamente-relacionada-con-cristalazos\/","title":{"rendered":"Polic\u00eda Municipal detiene a\u00a0 persona presunta relacionada con cristalazos"},"content":{"rendered":"<div id=\"fb-root\"><\/div>\n\n<p>Oaxaca de Ju\u00e1rez, Oax., 09 de octubre de 2025.- Personal de la Secretar\u00eda de Seguridad Vecinal efectu\u00f3 la detenci\u00f3n de una persona a quien sorprendieron en posesi\u00f3n de varias herramientas utilizadas para cometer robos en su modalidad de cristalazo.<\/p>\n\n\n\n<figure class=\"wp-block-image size-large\"><img fetchpriority=\"high\" decoding=\"async\" width=\"458\" height=\"524\" src=\"https:\/\/contextoanalisisperiodistico.com\/wp-content\/uploads\/2025\/10\/img-20251009-wa00244608846818388144375.jpg\" alt=\"\" class=\"wp-image-46668\" srcset=\"https:\/\/contextoanalisisperiodistico.com\/wp-content\/uploads\/2025\/10\/img-20251009-wa00244608846818388144375.jpg 458w, https:\/\/contextoanalisisperiodistico.com\/wp-content\/uploads\/2025\/10\/img-20251009-wa00244608846818388144375-262x300.jpg 262w\" sizes=\"(max-width: 458px) 100vw, 458px\" \/><\/figure>\n\n\n\n<p>El mi\u00e9rcoles a las 21:15 horas, elementos de la Direcci\u00f3n de Proximidad Social adscritos a la Unidad de Investigaci\u00f3n aplicaban un operativo de prevenci\u00f3n, disuasi\u00f3n y vigilancia en el centro de la ciudad.<\/p>\n\n\n\n<p>Al circular en la Avenida Ju\u00e1rez y Margarita Maza, notaron la actitud evasiva de un sujeto, ya que, al observarlos trat\u00f3 de ocultarse entre los veh\u00edculos estacionados.<\/p>\n\n\n\n<p>Debido a ello, lo abordaron y acept\u00f3 la inspecci\u00f3n precautoria a su persona, hallando en su poder tres piezas met\u00e1licas, las que presuntamente utiliza para da\u00f1ar los veh\u00edculos y sustraer objetos de valor.<\/p>\n\n\n\n<p>Adem\u00e1s, le hallaron un peque\u00f1o bote de pl\u00e1stico en cuyo interior guardaba una sustancia granulada, color blanco, con caracter\u00edsticas similares a la droga conocida como cristal, as\u00ed como una licencia para conducir a nombre de otra persona.<\/p>\n\n\n\n<p>Debido a ello fue detenido y dijo llamarse Osvaldo M. L., de 22 a\u00f1os de edad, mismo que fue consignado a la autoridad ministerial como presunto responsable de delitos contra la salud.<\/p>\n\n\n\n<p>De acuerdo con la Unidad de An\u00e1lisis, de esta Secretar\u00eda, el detenido cuenta con tres ingresos a los separos municipales: en el 2019, por portaci\u00f3n de arma de fuego; en el 2022, por el delito de violencia familiar y a mediados del mes de mayo de este a\u00f1o, por una falta c\u00edvica.<\/p>\n\n\n\n<p>Con estas acciones, el Municipio de Oaxaca de Ju\u00e1rez garantiza la seguridad de las vecinas y vecinos de la capital del estado.<\/p>\n","protected":false},"excerpt":{"rendered":"<p>Oaxaca de Ju\u00e1rez, Oax., 09 de octubre de 2025.- Personal de la Secretar\u00eda de Seguridad&#8230;<\/p>\n","protected":false},"author":4,"featured_media":46667,"comment_status":"closed","ping_status":"open","sticky":false,"template":"","format":"standard","meta":{"footnotes":""},"categories":[10],"tags":[340,178],"jetpack_sharing_enabled":true,"featured_image_urls":{"full":["https:\/\/contextoanalisisperiodistico.com\/wp-content\/uploads\/2025\/10\/IMG-20251009-WA0025.jpg",1600,1066,false],"thumbnail":["https:\/\/contextoanalisisperiodistico.com\/wp-content\/uploads\/2025\/10\/IMG-20251009-WA0025-150x150.jpg",150,150,true],"medium":["https:\/\/contextoanalisisperiodistico.com\/wp-content\/uploads\/2025\/10\/IMG-20251009-WA0025-300x200.jpg",300,200,true],"medium_large":["https:\/\/contextoanalisisperiodistico.com\/wp-content\/uploads\/2025\/10\/IMG-20251009-WA0025-768x512.jpg",640,427,true],"large":["https:\/\/contextoanalisisperiodistico.com\/wp-content\/uploads\/2025\/10\/IMG-20251009-WA0025-1024x682.jpg",640,426,true],"1536x1536":["https:\/\/contextoanalisisperiodistico.com\/wp-content\/uploads\/2025\/10\/IMG-20251009-WA0025-1536x1023.jpg",1536,1023,true],"2048x2048":["https:\/\/contextoanalisisperiodistico.com\/wp-content\/uploads\/2025\/10\/IMG-20251009-WA0025.jpg",1600,1066,false],"covernews-slider-full":["https:\/\/contextoanalisisperiodistico.com\/wp-content\/uploads\/2025\/10\/IMG-20251009-WA0025-1115x715.jpg",1115,715,true],"covernews-slider-center":["https:\/\/contextoanalisisperiodistico.com\/wp-content\/uploads\/2025\/10\/IMG-20251009-WA0025-800x500.jpg",800,500,true],"covernews-featured":["https:\/\/contextoanalisisperiodistico.com\/wp-content\/uploads\/2025\/10\/IMG-20251009-WA0025-1024x682.jpg",1024,682,true],"covernews-medium":["https:\/\/contextoanalisisperiodistico.com\/wp-content\/uploads\/2025\/10\/IMG-20251009-WA0025-540x340.jpg",540,340,true],"covernews-medium-square":["https:\/\/contextoanalisisperiodistico.com\/wp-content\/uploads\/2025\/10\/IMG-20251009-WA0025-400x250.jpg",400,250,true]},"author_info":{"display_name":"Mario Gir\u00f3n","author_link":"https:\/\/contextoanalisisperiodistico.com\/index.php\/author\/director\/"},"category_info":"<a href=\"https:\/\/contextoanalisisperiodistico.com\/index.php\/category\/seguridad\/\" rel=\"category tag\">Seguridad<\/a>","tag_info":"Seguridad","comment_count":"0","jetpack_featured_media_url":"https:\/\/contextoanalisisperiodistico.com\/wp-content\/uploads\/2025\/10\/IMG-20251009-WA0025.jpg","_links":{"self":[{"href":"https:\/\/contextoanalisisperiodistico.com\/index.php\/wp-json\/wp\/v2\/posts\/46669"}],"collection":[{"href":"https:\/\/contextoanalisisperiodistico.com\/index.php\/wp-json\/wp\/v2\/posts"}],"about":[{"href":"https:\/\/contextoanalisisperiodistico.com\/index.php\/wp-json\/wp\/v2\/types\/post"}],"author":[{"embeddable":true,"href":"https:\/\/contextoanalisisperiodistico.com\/index.php\/wp-json\/wp\/v2\/users\/4"}],"replies":[{"embeddable":true,"href":"https:\/\/contextoanalisisperiodistico.com\/index.php\/wp-json\/wp\/v2\/comments?post=46669"}],"version-history":[{"count":2,"href":"https:\/\/contextoanalisisperiodistico.com\/index.php\/wp-json\/wp\/v2\/posts\/46669\/revisions"}],"predecessor-version":[{"id":46671,"href":"https:\/\/contextoanalisisperiodistico.com\/index.php\/wp-json\/wp\/v2\/posts\/46669\/revisions\/46671"}],"wp:featuredmedia":[{"embeddable":true,"href":"https:\/\/contextoanalisisperiodistico.com\/index.php\/wp-json\/wp\/v2\/media\/46667"}],"wp:attachment":[{"href":"https:\/\/contextoanalisisperiodistico.com\/index.php\/wp-json\/wp\/v2\/media?parent=46669"}],"wp:term":[{"taxonomy":"category","embeddable":true,"href":"https:\/\/contextoanalisisperiodistico.com\/index.php\/wp-json\/wp\/v2\/categories?post=46669"},{"taxonomy":"post_tag","embeddable":true,"href":"https:\/\/contextoanalisisperiodistico.com\/index.php\/wp-json\/wp\/v2\/tags?post=46669"}],"curies":[{"name":"wp","href":"https:\/\/api.w.org\/{rel}","templated":true}]}}