{"id":46666,"date":"2025-10-09T12:19:22","date_gmt":"2025-10-09T18:19:22","guid":{"rendered":"https:\/\/contextoanalisisperiodistico.com\/index.php\/2025\/10\/09\/el-jardin-el-panuelito-revivira-el-espiritu-de-dia-de-muertos-en-la-capital\/"},"modified":"2025-10-09T12:19:22","modified_gmt":"2025-10-09T18:19:22","slug":"el-jardin-el-panuelito-revivira-el-espiritu-de-dia-de-muertos-en-la-capital","status":"publish","type":"post","link":"https:\/\/contextoanalisisperiodistico.com\/index.php\/2025\/10\/09\/el-jardin-el-panuelito-revivira-el-espiritu-de-dia-de-muertos-en-la-capital\/","title":{"rendered":"El Jard\u00edn El Pa\u00f1uelito revivir\u00e1 el esp\u00edritu de D\u00eda de Muertos en la capital"},"content":{"rendered":"<div id=\"fb-root\"><\/div>\n\n<p>\u2022 Talleres, m\u00fasica y danza para celebrar nuestras ra\u00edces oaxaque\u00f1as<\/p>\n\n\n\n<figure class=\"wp-block-image size-large\"><img fetchpriority=\"high\" decoding=\"async\" width=\"791\" height=\"1024\" src=\"https:\/\/contextoanalisisperiodistico.com\/wp-content\/uploads\/2025\/10\/img-20251009-wa00491934268092598282755-791x1024.jpg\" alt=\"\" class=\"wp-image-46663\" srcset=\"https:\/\/contextoanalisisperiodistico.com\/wp-content\/uploads\/2025\/10\/img-20251009-wa00491934268092598282755-791x1024.jpg 791w, https:\/\/contextoanalisisperiodistico.com\/wp-content\/uploads\/2025\/10\/img-20251009-wa00491934268092598282755-232x300.jpg 232w, https:\/\/contextoanalisisperiodistico.com\/wp-content\/uploads\/2025\/10\/img-20251009-wa00491934268092598282755-768x994.jpg 768w, https:\/\/contextoanalisisperiodistico.com\/wp-content\/uploads\/2025\/10\/img-20251009-wa00491934268092598282755-1187x1536.jpg 1187w, https:\/\/contextoanalisisperiodistico.com\/wp-content\/uploads\/2025\/10\/img-20251009-wa00491934268092598282755-1024x1326.jpg 1024w, https:\/\/contextoanalisisperiodistico.com\/wp-content\/uploads\/2025\/10\/img-20251009-wa00491934268092598282755.jpg 1236w\" sizes=\"(max-width: 791px) 100vw, 791px\" \/><\/figure>\n\n\n\n<figure class=\"wp-block-image\"><img decoding=\"async\" width=\"791\" height=\"1024\" src=\"https:\/\/contextoanalisisperiodistico.com\/wp-content\/uploads\/2025\/10\/img-20251009-wa00501102476346826884104-791x1024.jpg\" alt=\"\" class=\"wp-image-46665\" srcset=\"https:\/\/contextoanalisisperiodistico.com\/wp-content\/uploads\/2025\/10\/img-20251009-wa00501102476346826884104-791x1024.jpg 791w, https:\/\/contextoanalisisperiodistico.com\/wp-content\/uploads\/2025\/10\/img-20251009-wa00501102476346826884104-232x300.jpg 232w, https:\/\/contextoanalisisperiodistico.com\/wp-content\/uploads\/2025\/10\/img-20251009-wa00501102476346826884104-768x994.jpg 768w, https:\/\/contextoanalisisperiodistico.com\/wp-content\/uploads\/2025\/10\/img-20251009-wa00501102476346826884104-1187x1536.jpg 1187w, https:\/\/contextoanalisisperiodistico.com\/wp-content\/uploads\/2025\/10\/img-20251009-wa00501102476346826884104-1024x1326.jpg 1024w, https:\/\/contextoanalisisperiodistico.com\/wp-content\/uploads\/2025\/10\/img-20251009-wa00501102476346826884104.jpg 1236w\" sizes=\"(max-width: 791px) 100vw, 791px\" \/><\/figure>\n\n\n\n<figure class=\"wp-block-image\"><img decoding=\"async\" width=\"791\" height=\"1024\" src=\"https:\/\/contextoanalisisperiodistico.com\/wp-content\/uploads\/2025\/10\/img-20251009-wa00558754288071148782700-791x1024.jpg\" alt=\"\" class=\"wp-image-46664\" srcset=\"https:\/\/contextoanalisisperiodistico.com\/wp-content\/uploads\/2025\/10\/img-20251009-wa00558754288071148782700-791x1024.jpg 791w, https:\/\/contextoanalisisperiodistico.com\/wp-content\/uploads\/2025\/10\/img-20251009-wa00558754288071148782700-232x300.jpg 232w, https:\/\/contextoanalisisperiodistico.com\/wp-content\/uploads\/2025\/10\/img-20251009-wa00558754288071148782700-768x994.jpg 768w, https:\/\/contextoanalisisperiodistico.com\/wp-content\/uploads\/2025\/10\/img-20251009-wa00558754288071148782700-1187x1536.jpg 1187w, https:\/\/contextoanalisisperiodistico.com\/wp-content\/uploads\/2025\/10\/img-20251009-wa00558754288071148782700-1024x1326.jpg 1024w, https:\/\/contextoanalisisperiodistico.com\/wp-content\/uploads\/2025\/10\/img-20251009-wa00558754288071148782700.jpg 1236w\" sizes=\"(max-width: 791px) 100vw, 791px\" \/><\/figure>\n\n\n\n<p>Oaxaca de Ju\u00e1rez, Oax. 9 de octubre de 2025.- El Municipio de Oaxaca de Ju\u00e1rez, a trav\u00e9s de la Secretar\u00eda de Cultura, Educaci\u00f3n y Fomento a la Lectura, invita a disfrutar del programa \u201cD\u00edas de los Fieles Difuntos 2025\u201d, una cartelera que llenar\u00e1 de color, m\u00fasica y tradici\u00f3n el Jard\u00edn \u201cEl Pa\u00f1uelito\u201d, del 28 de octubre al 2 de noviembre.<\/p>\n\n\n\n<p>Como antesala a la gran celebraci\u00f3n de los Fieles Difuntos, se llevar\u00e1n a cabo talleres de elaboraci\u00f3n de calaveritas, catrinas y resplandores, de 11:00 a 15:00 horas, del 28 al 30 de octubre, donde ni\u00f1as, ni\u00f1os y familias podr\u00e1n crear sus propios s\u00edmbolos de esta festividad ancestral.<\/p>\n\n\n\n<p>Adem\u00e1s, las tardes se vestir\u00e1n de arte con presentaciones culturales y art\u00edsticas que incluir\u00e1n espect\u00e1culos de m\u00fasica, danza y teatro. Entre ellos, destacan la participaci\u00f3n del Grupo Guendab\u00ed Chii con \u201cFandango con la Muerte\u201d, la Banda Infantil y Juvenil \u201cAmeyali\u201d de San Agust\u00edn Etla, as\u00ed como el ensamble danc\u00edstico \u201cLos ojos del Alebrije\u201d del Barrio de Trinidad de las Huertas.<\/p>\n\n\n\n<p>El 1 y 2 de noviembre, el escenario del Pa\u00f1uelito se llenar\u00e1 de tradici\u00f3n con el desfile conmemorativo de las Chinas Oaxaque\u00f1as de Genoveva Medina, la compa\u00f1\u00eda folcl\u00f3rica \u201cRitmo de mi raza\u201d y la participaci\u00f3n especial del Municipio de la Villa de Zaachila.<\/p>\n\n\n\n<p>Con estas actividades, el Ayuntamiento que encabeza el presidente Ray Chagoya reafirma su compromiso con el fomento a la cultura, la educaci\u00f3n y la preservaci\u00f3n de nuestras tradiciones, consolidando a Oaxaca de Ju\u00e1rez como el coraz\u00f3n vivo de las celebraciones de D\u00eda de Muertos.<\/p>\n","protected":false},"excerpt":{"rendered":"<p>\u2022 Talleres, m\u00fasica y danza para celebrar nuestras ra\u00edces oaxaque\u00f1as Oaxaca de Ju\u00e1rez, Oax. 9&#8230;<\/p>\n","protected":false},"author":4,"featured_media":46662,"comment_status":"","ping_status":"open","sticky":false,"template":"","format":"standard","meta":{"footnotes":""},"categories":[9],"tags":[340,178],"jetpack_sharing_enabled":true,"featured_image_urls":{"full":["https:\/\/contextoanalisisperiodistico.com\/wp-content\/uploads\/2025\/10\/IMG-20251009-WA0048.jpg",1236,1600,false],"thumbnail":["https:\/\/contextoanalisisperiodistico.com\/wp-content\/uploads\/2025\/10\/IMG-20251009-WA0048-150x150.jpg",150,150,true],"medium":["https:\/\/contextoanalisisperiodistico.com\/wp-content\/uploads\/2025\/10\/IMG-20251009-WA0048-232x300.jpg",232,300,true],"medium_large":["https:\/\/contextoanalisisperiodistico.com\/wp-content\/uploads\/2025\/10\/IMG-20251009-WA0048-768x994.jpg",640,828,true],"large":["https:\/\/contextoanalisisperiodistico.com\/wp-content\/uploads\/2025\/10\/IMG-20251009-WA0048-791x1024.jpg",640,829,true],"1536x1536":["https:\/\/contextoanalisisperiodistico.com\/wp-content\/uploads\/2025\/10\/IMG-20251009-WA0048-1187x1536.jpg",1187,1536,true],"2048x2048":["https:\/\/contextoanalisisperiodistico.com\/wp-content\/uploads\/2025\/10\/IMG-20251009-WA0048.jpg",1236,1600,false],"covernews-slider-full":["https:\/\/contextoanalisisperiodistico.com\/wp-content\/uploads\/2025\/10\/IMG-20251009-WA0048-1115x715.jpg",1115,715,true],"covernews-slider-center":["https:\/\/contextoanalisisperiodistico.com\/wp-content\/uploads\/2025\/10\/IMG-20251009-WA0048-800x500.jpg",800,500,true],"covernews-featured":["https:\/\/contextoanalisisperiodistico.com\/wp-content\/uploads\/2025\/10\/IMG-20251009-WA0048-1024x1326.jpg",1024,1326,true],"covernews-medium":["https:\/\/contextoanalisisperiodistico.com\/wp-content\/uploads\/2025\/10\/IMG-20251009-WA0048-540x340.jpg",540,340,true],"covernews-medium-square":["https:\/\/contextoanalisisperiodistico.com\/wp-content\/uploads\/2025\/10\/IMG-20251009-WA0048-400x250.jpg",400,250,true]},"author_info":{"display_name":"Mario Gir\u00f3n","author_link":"https:\/\/contextoanalisisperiodistico.com\/index.php\/author\/director\/"},"category_info":"<a href=\"https:\/\/contextoanalisisperiodistico.com\/index.php\/category\/politica\/\" rel=\"category tag\">Pol\u00edtica<\/a>","tag_info":"Pol\u00edtica","comment_count":"0","jetpack_featured_media_url":"https:\/\/contextoanalisisperiodistico.com\/wp-content\/uploads\/2025\/10\/IMG-20251009-WA0048.jpg","_links":{"self":[{"href":"https:\/\/contextoanalisisperiodistico.com\/index.php\/wp-json\/wp\/v2\/posts\/46666"}],"collection":[{"href":"https:\/\/contextoanalisisperiodistico.com\/index.php\/wp-json\/wp\/v2\/posts"}],"about":[{"href":"https:\/\/contextoanalisisperiodistico.com\/index.php\/wp-json\/wp\/v2\/types\/post"}],"author":[{"embeddable":true,"href":"https:\/\/contextoanalisisperiodistico.com\/index.php\/wp-json\/wp\/v2\/users\/4"}],"replies":[{"embeddable":true,"href":"https:\/\/contextoanalisisperiodistico.com\/index.php\/wp-json\/wp\/v2\/comments?post=46666"}],"version-history":[{"count":0,"href":"https:\/\/contextoanalisisperiodistico.com\/index.php\/wp-json\/wp\/v2\/posts\/46666\/revisions"}],"wp:featuredmedia":[{"embeddable":true,"href":"https:\/\/contextoanalisisperiodistico.com\/index.php\/wp-json\/wp\/v2\/media\/46662"}],"wp:attachment":[{"href":"https:\/\/contextoanalisisperiodistico.com\/index.php\/wp-json\/wp\/v2\/media?parent=46666"}],"wp:term":[{"taxonomy":"category","embeddable":true,"href":"https:\/\/contextoanalisisperiodistico.com\/index.php\/wp-json\/wp\/v2\/categories?post=46666"},{"taxonomy":"post_tag","embeddable":true,"href":"https:\/\/contextoanalisisperiodistico.com\/index.php\/wp-json\/wp\/v2\/tags?post=46666"}],"curies":[{"name":"wp","href":"https:\/\/api.w.org\/{rel}","templated":true}]}}