{"id":46631,"date":"2025-10-07T21:50:33","date_gmt":"2025-10-08T03:50:33","guid":{"rendered":"https:\/\/contextoanalisisperiodistico.com\/index.php\/2025\/10\/07\/lanza-gobierno-de-oaxaca-campana-de-prevencion-contra-reclutamiento-de-menores-a-traves-de-videojuegos\/"},"modified":"2025-10-07T21:50:33","modified_gmt":"2025-10-08T03:50:33","slug":"lanza-gobierno-de-oaxaca-campana-de-prevencion-contra-reclutamiento-de-menores-a-traves-de-videojuegos","status":"publish","type":"post","link":"https:\/\/contextoanalisisperiodistico.com\/index.php\/2025\/10\/07\/lanza-gobierno-de-oaxaca-campana-de-prevencion-contra-reclutamiento-de-menores-a-traves-de-videojuegos\/","title":{"rendered":"Lanza Gobierno de Oaxaca campa\u00f1a de prevenci\u00f3n contra reclutamiento de menores a trav\u00e9s de videojuegos"},"content":{"rendered":"<div id=\"fb-root\"><\/div>\n\n<p>\u2022 Mediante la estrategia #NoTeEnganches se activan acciones de prevenci\u00f3n para salvaguardar la integridad de ni\u00f1as, ni\u00f1os y j\u00f3venes en el ciberespacio<\/p>\n\n\n\n<figure class=\"wp-block-video\"><video controls src=\"https:\/\/contextoanalisisperiodistico.com\/wp-content\/uploads\/2025\/10\/VID-20251007-WA0108.mp4\"><\/video><\/figure>\n\n\n\n<p>Oaxaca de Ju\u00e1rez, Oax., 7 de octubre de 2025. El Gobierno de Oaxaca a trav\u00e9s del Gabinete de Seguridad lanz\u00f3 la campa\u00f1a de prevenci\u00f3n dirigida a padres, madres y tutores, para alertar sobre el riesgo de reclutamiento de menores a trav\u00e9s de videojuegos en l\u00ednea.<\/p>\n\n\n\n<p>La estrategia #NoTeEnganches, expone c\u00f3mo grupos delictivos utilizan estos espacios de entretenimiento para contactar a j\u00f3venes, ofreci\u00e9ndoles dinero f\u00e1cil, regalos y un falso sentido de poder y pertenencia con el fin de involucrarlos en actividades il\u00edcitas.<\/p>\n\n\n\n<p>Al respecto, el titular de la Secretar\u00eda de Gobierno (Sego), Jes\u00fas Romero L\u00f3pez, destac\u00f3 la importancia de tomar medidas para proteger a la ni\u00f1ez desde los hogares, subrayando que esta iniciativa es parte de la estrategia integral de seguridad instruida por el Gobernador Salom\u00f3n Jara Cruz.<\/p>\n\n\n\n<p>\u201cLa seguridad de nuestras ni\u00f1as, ni\u00f1os y j\u00f3venes es una prioridad absoluta. Los delincuentes buscan nuevas formas de operar y encontraron en este espacio una forma f\u00e1cil de acceder a sus posibles v\u00edctimas; es nuestro deber informar a los padres y madres de familia sobre los riesgos que existen en plataformas digitales. La comunicaci\u00f3n y la confianza en el hogar son el primer y m\u00e1s fuerte escudo de protecci\u00f3n contra estas amenazas\u201d, se\u00f1al\u00f3.<\/p>\n\n\n\n<p>La campa\u00f1a destaca la importancia de prestar atenci\u00f3n a si: juegan con personas desconocidas que les solicitan informaci\u00f3n personal; reciben regalos o dinero de personas que no conocen; y si se a\u00edslan o muestran cambios dr\u00e1sticos en su comportamiento.<\/p>\n\n\n\n<p>El Gabinete de Seguridad exhorta a las familias a involucrarse en las actividades digitales de sus hijas e hijos, hablar abiertamente sobre los peligros y crear un espacio de confianza para que se sientan seguros de compartir cualquier situaci\u00f3n extra\u00f1a.<\/p>\n\n\n\n<p>El Gobierno de Oaxaca hace un llamado a la ciudadan\u00eda a denunciar cualquier actividad sospechosa de manera completamente an\u00f3nima a trav\u00e9s de la l\u00ednea 089.<\/p>\n\n\n\n<p>-0-<\/p>\n","protected":false},"excerpt":{"rendered":"<p>\u2022 Mediante la estrategia #NoTeEnganches se activan acciones de prevenci\u00f3n para salvaguardar la integridad de&#8230;<\/p>\n","protected":false},"author":4,"featured_media":46629,"comment_status":"","ping_status":"open","sticky":false,"template":"","format":"standard","meta":{"footnotes":""},"categories":[9],"tags":[316,303],"jetpack_sharing_enabled":true,"featured_image_urls":{"full":["https:\/\/contextoanalisisperiodistico.com\/wp-content\/uploads\/2025\/10\/Screenshot_2025-10-07-21-47-43-87_6012fa4d4ddec268fc5c7112cbb265e7.jpg",719,1290,false],"thumbnail":["https:\/\/contextoanalisisperiodistico.com\/wp-content\/uploads\/2025\/10\/Screenshot_2025-10-07-21-47-43-87_6012fa4d4ddec268fc5c7112cbb265e7-150x150.jpg",150,150,true],"medium":["https:\/\/contextoanalisisperiodistico.com\/wp-content\/uploads\/2025\/10\/Screenshot_2025-10-07-21-47-43-87_6012fa4d4ddec268fc5c7112cbb265e7-167x300.jpg",167,300,true],"medium_large":["https:\/\/contextoanalisisperiodistico.com\/wp-content\/uploads\/2025\/10\/Screenshot_2025-10-07-21-47-43-87_6012fa4d4ddec268fc5c7112cbb265e7.jpg",640,1148,false],"large":["https:\/\/contextoanalisisperiodistico.com\/wp-content\/uploads\/2025\/10\/Screenshot_2025-10-07-21-47-43-87_6012fa4d4ddec268fc5c7112cbb265e7-571x1024.jpg",571,1024,true],"1536x1536":["https:\/\/contextoanalisisperiodistico.com\/wp-content\/uploads\/2025\/10\/Screenshot_2025-10-07-21-47-43-87_6012fa4d4ddec268fc5c7112cbb265e7.jpg",719,1290,false],"2048x2048":["https:\/\/contextoanalisisperiodistico.com\/wp-content\/uploads\/2025\/10\/Screenshot_2025-10-07-21-47-43-87_6012fa4d4ddec268fc5c7112cbb265e7.jpg",719,1290,false],"covernews-slider-full":["https:\/\/contextoanalisisperiodistico.com\/wp-content\/uploads\/2025\/10\/Screenshot_2025-10-07-21-47-43-87_6012fa4d4ddec268fc5c7112cbb265e7-719x715.jpg",719,715,true],"covernews-slider-center":["https:\/\/contextoanalisisperiodistico.com\/wp-content\/uploads\/2025\/10\/Screenshot_2025-10-07-21-47-43-87_6012fa4d4ddec268fc5c7112cbb265e7-719x500.jpg",719,500,true],"covernews-featured":["https:\/\/contextoanalisisperiodistico.com\/wp-content\/uploads\/2025\/10\/Screenshot_2025-10-07-21-47-43-87_6012fa4d4ddec268fc5c7112cbb265e7.jpg",719,1290,false],"covernews-medium":["https:\/\/contextoanalisisperiodistico.com\/wp-content\/uploads\/2025\/10\/Screenshot_2025-10-07-21-47-43-87_6012fa4d4ddec268fc5c7112cbb265e7-540x340.jpg",540,340,true],"covernews-medium-square":["https:\/\/contextoanalisisperiodistico.com\/wp-content\/uploads\/2025\/10\/Screenshot_2025-10-07-21-47-43-87_6012fa4d4ddec268fc5c7112cbb265e7-400x250.jpg",400,250,true]},"author_info":{"display_name":"Mario Gir\u00f3n","author_link":"https:\/\/contextoanalisisperiodistico.com\/index.php\/author\/director\/"},"category_info":"<a href=\"https:\/\/contextoanalisisperiodistico.com\/index.php\/category\/politica\/\" rel=\"category tag\">Pol\u00edtica<\/a>","tag_info":"Pol\u00edtica","comment_count":"0","jetpack_featured_media_url":"https:\/\/contextoanalisisperiodistico.com\/wp-content\/uploads\/2025\/10\/Screenshot_2025-10-07-21-47-43-87_6012fa4d4ddec268fc5c7112cbb265e7.jpg","_links":{"self":[{"href":"https:\/\/contextoanalisisperiodistico.com\/index.php\/wp-json\/wp\/v2\/posts\/46631"}],"collection":[{"href":"https:\/\/contextoanalisisperiodistico.com\/index.php\/wp-json\/wp\/v2\/posts"}],"about":[{"href":"https:\/\/contextoanalisisperiodistico.com\/index.php\/wp-json\/wp\/v2\/types\/post"}],"author":[{"embeddable":true,"href":"https:\/\/contextoanalisisperiodistico.com\/index.php\/wp-json\/wp\/v2\/users\/4"}],"replies":[{"embeddable":true,"href":"https:\/\/contextoanalisisperiodistico.com\/index.php\/wp-json\/wp\/v2\/comments?post=46631"}],"version-history":[{"count":0,"href":"https:\/\/contextoanalisisperiodistico.com\/index.php\/wp-json\/wp\/v2\/posts\/46631\/revisions"}],"wp:featuredmedia":[{"embeddable":true,"href":"https:\/\/contextoanalisisperiodistico.com\/index.php\/wp-json\/wp\/v2\/media\/46629"}],"wp:attachment":[{"href":"https:\/\/contextoanalisisperiodistico.com\/index.php\/wp-json\/wp\/v2\/media?parent=46631"}],"wp:term":[{"taxonomy":"category","embeddable":true,"href":"https:\/\/contextoanalisisperiodistico.com\/index.php\/wp-json\/wp\/v2\/categories?post=46631"},{"taxonomy":"post_tag","embeddable":true,"href":"https:\/\/contextoanalisisperiodistico.com\/index.php\/wp-json\/wp\/v2\/tags?post=46631"}],"curies":[{"name":"wp","href":"https:\/\/api.w.org\/{rel}","templated":true}]}}