{"id":46623,"date":"2025-10-07T21:37:06","date_gmt":"2025-10-08T03:37:06","guid":{"rendered":"https:\/\/contextoanalisisperiodistico.com\/index.php\/2025\/10\/07\/activa-gobierno-de-oaxaca-protocolo-aereo-para-donacion-de-organos-de-joven\/"},"modified":"2025-10-07T21:37:06","modified_gmt":"2025-10-08T03:37:06","slug":"activa-gobierno-de-oaxaca-protocolo-aereo-para-donacion-de-organos-de-joven","status":"publish","type":"post","link":"https:\/\/contextoanalisisperiodistico.com\/index.php\/2025\/10\/07\/activa-gobierno-de-oaxaca-protocolo-aereo-para-donacion-de-organos-de-joven\/","title":{"rendered":"Activa Gobierno de Oaxaca protocolo a\u00e9reo para donaci\u00f3n de \u00f3rganos de joven"},"content":{"rendered":"<div id=\"fb-root\"><\/div>\n\n<p>\u2022 SSO y la Direcci\u00f3n del Hangar del Gobierno del Estado coordinan traslado que permitir\u00e1 salvar vidas y fortalecer la cultura de la donaci\u00f3n<\/p>\n\n\n\n<figure class=\"wp-block-image size-large\"><img fetchpriority=\"high\" decoding=\"async\" width=\"800\" height=\"533\" src=\"https:\/\/contextoanalisisperiodistico.com\/wp-content\/uploads\/2025\/10\/img-20251007-wa00827386670558453314596.jpg\" alt=\"\" class=\"wp-image-46621\" srcset=\"https:\/\/contextoanalisisperiodistico.com\/wp-content\/uploads\/2025\/10\/img-20251007-wa00827386670558453314596.jpg 800w, https:\/\/contextoanalisisperiodistico.com\/wp-content\/uploads\/2025\/10\/img-20251007-wa00827386670558453314596-300x200.jpg 300w, https:\/\/contextoanalisisperiodistico.com\/wp-content\/uploads\/2025\/10\/img-20251007-wa00827386670558453314596-768x512.jpg 768w\" sizes=\"(max-width: 800px) 100vw, 800px\" \/><\/figure>\n\n\n\n<figure class=\"wp-block-image\"><img decoding=\"async\" width=\"838\" height=\"1024\" src=\"https:\/\/contextoanalisisperiodistico.com\/wp-content\/uploads\/2025\/10\/img-20251007-wa00844168594961723808271-838x1024.jpg\" alt=\"\" class=\"wp-image-46620\" srcset=\"https:\/\/contextoanalisisperiodistico.com\/wp-content\/uploads\/2025\/10\/img-20251007-wa00844168594961723808271-838x1024.jpg 838w, https:\/\/contextoanalisisperiodistico.com\/wp-content\/uploads\/2025\/10\/img-20251007-wa00844168594961723808271-246x300.jpg 246w, https:\/\/contextoanalisisperiodistico.com\/wp-content\/uploads\/2025\/10\/img-20251007-wa00844168594961723808271-768x938.jpg 768w, https:\/\/contextoanalisisperiodistico.com\/wp-content\/uploads\/2025\/10\/img-20251007-wa00844168594961723808271-1024x1251.jpg 1024w, https:\/\/contextoanalisisperiodistico.com\/wp-content\/uploads\/2025\/10\/img-20251007-wa00844168594961723808271.jpg 1048w\" sizes=\"(max-width: 838px) 100vw, 838px\" \/><\/figure>\n\n\n\n<figure class=\"wp-block-image\"><img decoding=\"async\" width=\"300\" height=\"200\" src=\"https:\/\/contextoanalisisperiodistico.com\/wp-content\/uploads\/2025\/10\/img-20251007-wa00834694976668165895887-300x200.jpg\" alt=\"\" class=\"wp-image-46622\" srcset=\"https:\/\/contextoanalisisperiodistico.com\/wp-content\/uploads\/2025\/10\/img-20251007-wa00834694976668165895887-300x200.jpg 300w, https:\/\/contextoanalisisperiodistico.com\/wp-content\/uploads\/2025\/10\/img-20251007-wa00834694976668165895887-768x512.jpg 768w, https:\/\/contextoanalisisperiodistico.com\/wp-content\/uploads\/2025\/10\/img-20251007-wa00834694976668165895887.jpg 800w\" sizes=\"(max-width: 300px) 100vw, 300px\" \/><\/figure>\n\n\n\n<p>Oaxaca de Ju\u00e1rez, Oax. 7 de octubre de 2025.- Servicios de Salud de Oaxaca (SSO) en coordinaci\u00f3n con la Direcci\u00f3n del Hangar del Gobierno del Estado, activaron un protocolo de traslado a\u00e9reo para la donaci\u00f3n y trasplante de \u00f3rganos y tejidos, en cumplimiento a la voluntad de una mujer de 19 a\u00f1os diagnosticada con traumatismo craneoencef\u00e1lico severo.<\/p>\n\n\n\n<p>En este hecho que refleja la solidaridad y compromiso con la vida, el proceso se realiz\u00f3 con el respaldo de la familia, brindando as\u00ed esperanza a pacientes en lista de espera para recibir un \u00f3rgano y recuperar su salud.<\/p>\n\n\n\n<p>La estrategia a\u00e9rea permiti\u00f3 reducir significativamente los tiempos de traslado y conservar la vitalidad de los \u00f3rganos, al realizarse un operativo especial desde el Hospital General IMSS &#8211; Bienestar de Tuxtepec hacia el Hospital Regional de Alta Especialidad de Oaxaca (HRAEO), donde un equipo multidisciplinario llevar\u00e1 a cabo el procedimiento m\u00e9dico que har\u00e1 posible salvar vidas.<\/p>\n\n\n\n<p>Luego del arribo, personal m\u00e9dico, operativo y familiares formaron un pasillo de honor para despedir a la donadora entre aplausos, reconociendo el valor y amor que implica dar vida a otros aun en medio de la p\u00e9rdida.<\/p>\n\n\n\n<p>El Gobierno del Estado reafirma su compromiso para promover la cultura de la donaci\u00f3n de \u00f3rganos, sembrando conciencia sobre la importancia de este acto altruista.<\/p>\n\n\n\n<p>Toda vez que la donaci\u00f3n de \u00f3rganos multiplica la vida, SSO invita a la ciudadan\u00eda a decir s\u00ed a la donaci\u00f3n y hablarlo en familia, para respetar la voluntad de quienes deciden trascender a trav\u00e9s de la generosidad.<\/p>\n\n\n\n<p>-0-<\/p>\n","protected":false},"excerpt":{"rendered":"<p>\u2022 SSO y la Direcci\u00f3n del Hangar del Gobierno del Estado coordinan traslado que permitir\u00e1&#8230;<\/p>\n","protected":false},"author":4,"featured_media":46619,"comment_status":"","ping_status":"open","sticky":false,"template":"","format":"standard","meta":{"footnotes":""},"categories":[9],"tags":[316,303],"jetpack_sharing_enabled":true,"featured_image_urls":{"full":["https:\/\/contextoanalisisperiodistico.com\/wp-content\/uploads\/2025\/10\/IMG-20251007-WA0082.jpg",800,533,false],"thumbnail":["https:\/\/contextoanalisisperiodistico.com\/wp-content\/uploads\/2025\/10\/IMG-20251007-WA0082-150x150.jpg",150,150,true],"medium":["https:\/\/contextoanalisisperiodistico.com\/wp-content\/uploads\/2025\/10\/IMG-20251007-WA0082-300x200.jpg",300,200,true],"medium_large":["https:\/\/contextoanalisisperiodistico.com\/wp-content\/uploads\/2025\/10\/IMG-20251007-WA0082-768x512.jpg",640,427,true],"large":["https:\/\/contextoanalisisperiodistico.com\/wp-content\/uploads\/2025\/10\/IMG-20251007-WA0082.jpg",640,426,false],"1536x1536":["https:\/\/contextoanalisisperiodistico.com\/wp-content\/uploads\/2025\/10\/IMG-20251007-WA0082.jpg",800,533,false],"2048x2048":["https:\/\/contextoanalisisperiodistico.com\/wp-content\/uploads\/2025\/10\/IMG-20251007-WA0082.jpg",800,533,false],"covernews-slider-full":["https:\/\/contextoanalisisperiodistico.com\/wp-content\/uploads\/2025\/10\/IMG-20251007-WA0082.jpg",800,533,false],"covernews-slider-center":["https:\/\/contextoanalisisperiodistico.com\/wp-content\/uploads\/2025\/10\/IMG-20251007-WA0082-800x500.jpg",800,500,true],"covernews-featured":["https:\/\/contextoanalisisperiodistico.com\/wp-content\/uploads\/2025\/10\/IMG-20251007-WA0082.jpg",800,533,false],"covernews-medium":["https:\/\/contextoanalisisperiodistico.com\/wp-content\/uploads\/2025\/10\/IMG-20251007-WA0082-540x340.jpg",540,340,true],"covernews-medium-square":["https:\/\/contextoanalisisperiodistico.com\/wp-content\/uploads\/2025\/10\/IMG-20251007-WA0082-400x250.jpg",400,250,true]},"author_info":{"display_name":"Mario Gir\u00f3n","author_link":"https:\/\/contextoanalisisperiodistico.com\/index.php\/author\/director\/"},"category_info":"<a href=\"https:\/\/contextoanalisisperiodistico.com\/index.php\/category\/politica\/\" rel=\"category tag\">Pol\u00edtica<\/a>","tag_info":"Pol\u00edtica","comment_count":"0","jetpack_featured_media_url":"https:\/\/contextoanalisisperiodistico.com\/wp-content\/uploads\/2025\/10\/IMG-20251007-WA0082.jpg","_links":{"self":[{"href":"https:\/\/contextoanalisisperiodistico.com\/index.php\/wp-json\/wp\/v2\/posts\/46623"}],"collection":[{"href":"https:\/\/contextoanalisisperiodistico.com\/index.php\/wp-json\/wp\/v2\/posts"}],"about":[{"href":"https:\/\/contextoanalisisperiodistico.com\/index.php\/wp-json\/wp\/v2\/types\/post"}],"author":[{"embeddable":true,"href":"https:\/\/contextoanalisisperiodistico.com\/index.php\/wp-json\/wp\/v2\/users\/4"}],"replies":[{"embeddable":true,"href":"https:\/\/contextoanalisisperiodistico.com\/index.php\/wp-json\/wp\/v2\/comments?post=46623"}],"version-history":[{"count":0,"href":"https:\/\/contextoanalisisperiodistico.com\/index.php\/wp-json\/wp\/v2\/posts\/46623\/revisions"}],"wp:featuredmedia":[{"embeddable":true,"href":"https:\/\/contextoanalisisperiodistico.com\/index.php\/wp-json\/wp\/v2\/media\/46619"}],"wp:attachment":[{"href":"https:\/\/contextoanalisisperiodistico.com\/index.php\/wp-json\/wp\/v2\/media?parent=46623"}],"wp:term":[{"taxonomy":"category","embeddable":true,"href":"https:\/\/contextoanalisisperiodistico.com\/index.php\/wp-json\/wp\/v2\/categories?post=46623"},{"taxonomy":"post_tag","embeddable":true,"href":"https:\/\/contextoanalisisperiodistico.com\/index.php\/wp-json\/wp\/v2\/tags?post=46623"}],"curies":[{"name":"wp","href":"https:\/\/api.w.org\/{rel}","templated":true}]}}