{"id":46613,"date":"2025-10-07T15:53:48","date_gmt":"2025-10-07T21:53:48","guid":{"rendered":"https:\/\/contextoanalisisperiodistico.com\/index.php\/2025\/10\/07\/aprueba-cabildo-restaurar-estatuas-y-en-lo-general-calzada-de-la-republica-propuesta-del-regidor-alvarez-martinez\/"},"modified":"2025-10-07T15:53:48","modified_gmt":"2025-10-07T21:53:48","slug":"aprueba-cabildo-restaurar-estatuas-y-en-lo-general-calzada-de-la-republica-propuesta-del-regidor-alvarez-martinez","status":"publish","type":"post","link":"https:\/\/contextoanalisisperiodistico.com\/index.php\/2025\/10\/07\/aprueba-cabildo-restaurar-estatuas-y-en-lo-general-calzada-de-la-republica-propuesta-del-regidor-alvarez-martinez\/","title":{"rendered":"Aprueba Cabildo restaurar estatuas y en lo general, calzada de La Rep\u00fablica; propuesta del regidor, \u00c1lvarez Mart\u00ednez"},"content":{"rendered":"<div id=\"fb-root\"><\/div>\n\n<p>*Devolverle el valor de origen hist\u00f3rico y la condici\u00f3n de monumentos dignos, la meta<\/p>\n\n\n\n<p>(Comunicado). Como un acto de responsabilidad hist\u00f3rica, c\u00edvica y urbana, que nuestra ciudad exige<br>por ser Patrimonio Mundial, calific\u00f3 el Regidor del Centro Hist\u00f3rico y Patrimonio<br>Mundial, Antonio \u00c1lvarez Mart\u00ednez, la validaci\u00f3n de manera un\u00e1nime de un punto de acuerdo que busca atender la Calzada de la Rep\u00fablica.<\/p>\n\n\n\n<figure class=\"wp-block-video\"><video controls src=\"https:\/\/contextoanalisisperiodistico.com\/wp-content\/uploads\/2025\/10\/VID-20251007-WA0070.mp4\"><\/video><\/figure>\n\n\n\n<p>\u00c1lvarez Mart\u00ednez explic\u00f3 que la decisi\u00f3n colegiada, busca instruir a la direcci\u00f3n del<br>Centro y Patrimonio Hist\u00f3rico para que, gestionando la colaboraci\u00f3n interinstitucional con las \u00e1reas competentes, elabore el proyecto integral de restauraci\u00f3n, conservaci\u00f3n<br>y puesta en valor de las estatuas y su entorno en la Calzada de la Rep\u00fablica.<\/p>\n\n\n\n<p>Agreg\u00f3, que la Calzada de la Rep\u00fablica, naci\u00f3 como un s\u00edmbolo tangible de la uni\u00f3n nacional, pero tambi\u00e9n, reconoci\u00f3, que en la actualidad, no se tienen monumentos, solo estatuas an\u00f3nimas y deterioradas que al carecer de placas y contexto, han perdido su valor fundacional:\u00a0 <\/p>\n\n\n\n<p>\u201cNo sabemos qui\u00e9nes son ni por qu\u00e9 est\u00e1n ah\u00ed\u201d, subray\u00f3. <\/p>\n\n\n\n<p>El regidor capitalino, manifest\u00f3 que el prop\u00f3sito de este acuerdo de Cabildo es<br>fundamentalmente para realizar las acciones necesarias y devolverles su valor de origen y que recuperen su condici\u00f3n de monumentos dignos, asegurando con esto<br>que nuestras actuales y futuras generaciones no pierdan el valor de la historia, que sigan recordando y reconociendo a los fundadores de nuestra naci\u00f3n.<\/p>\n\n\n\n<p>Explic\u00f3 que en el proyecto se deben de tomar en cuenta cuatro acciones esenciales:<\/p>\n\n\n\n<p>Realizar el diagn\u00f3stico y la restauraci\u00f3n cient\u00edfica de las piezas; instalar placas<br>informativas que regresen el nombre y el contexto a cada monumento; mejorar el<br>alumbrado p\u00fablico y la accesibilidad del entorno; y establecer un programa de<br>mantenimiento permanente.<\/p>\n\n\n\n<p>\u00c1lvarez Mart\u00ednez, ahond\u00f3 que con ello, se se pudiera consolidar a la Calzada de la<br>Rep\u00fablica, como un aut\u00e9ntico Museo de la Historia de M\u00e9xico al aire libre, mismo<br>espacio que representar\u00eda un testimonio f\u00edsico de la unidad nacional, honrando a<br>personajes que representan los ideales de justicia, libertad y soberan\u00eda que definieron a nuestra Rep\u00fablica.<\/p>\n","protected":false},"excerpt":{"rendered":"<p>*Devolverle el valor de origen hist\u00f3rico y la condici\u00f3n de monumentos dignos, la meta (Comunicado)&#8230;.<\/p>\n","protected":false},"author":4,"featured_media":46611,"comment_status":"","ping_status":"open","sticky":false,"template":"","format":"standard","meta":{"footnotes":""},"categories":[9],"tags":[316,303],"jetpack_sharing_enabled":true,"featured_image_urls":{"full":["https:\/\/contextoanalisisperiodistico.com\/wp-content\/uploads\/2025\/10\/IMG_20251007_154917.jpg",465,789,false],"thumbnail":["https:\/\/contextoanalisisperiodistico.com\/wp-content\/uploads\/2025\/10\/IMG_20251007_154917-150x150.jpg",150,150,true],"medium":["https:\/\/contextoanalisisperiodistico.com\/wp-content\/uploads\/2025\/10\/IMG_20251007_154917-177x300.jpg",177,300,true],"medium_large":["https:\/\/contextoanalisisperiodistico.com\/wp-content\/uploads\/2025\/10\/IMG_20251007_154917.jpg",465,789,false],"large":["https:\/\/contextoanalisisperiodistico.com\/wp-content\/uploads\/2025\/10\/IMG_20251007_154917.jpg",465,789,false],"1536x1536":["https:\/\/contextoanalisisperiodistico.com\/wp-content\/uploads\/2025\/10\/IMG_20251007_154917.jpg",465,789,false],"2048x2048":["https:\/\/contextoanalisisperiodistico.com\/wp-content\/uploads\/2025\/10\/IMG_20251007_154917.jpg",465,789,false],"covernews-slider-full":["https:\/\/contextoanalisisperiodistico.com\/wp-content\/uploads\/2025\/10\/IMG_20251007_154917-465x715.jpg",465,715,true],"covernews-slider-center":["https:\/\/contextoanalisisperiodistico.com\/wp-content\/uploads\/2025\/10\/IMG_20251007_154917-465x500.jpg",465,500,true],"covernews-featured":["https:\/\/contextoanalisisperiodistico.com\/wp-content\/uploads\/2025\/10\/IMG_20251007_154917.jpg",465,789,false],"covernews-medium":["https:\/\/contextoanalisisperiodistico.com\/wp-content\/uploads\/2025\/10\/IMG_20251007_154917-465x340.jpg",465,340,true],"covernews-medium-square":["https:\/\/contextoanalisisperiodistico.com\/wp-content\/uploads\/2025\/10\/IMG_20251007_154917-400x250.jpg",400,250,true]},"author_info":{"display_name":"Mario Gir\u00f3n","author_link":"https:\/\/contextoanalisisperiodistico.com\/index.php\/author\/director\/"},"category_info":"<a href=\"https:\/\/contextoanalisisperiodistico.com\/index.php\/category\/politica\/\" rel=\"category tag\">Pol\u00edtica<\/a>","tag_info":"Pol\u00edtica","comment_count":"0","jetpack_featured_media_url":"https:\/\/contextoanalisisperiodistico.com\/wp-content\/uploads\/2025\/10\/IMG_20251007_154917.jpg","_links":{"self":[{"href":"https:\/\/contextoanalisisperiodistico.com\/index.php\/wp-json\/wp\/v2\/posts\/46613"}],"collection":[{"href":"https:\/\/contextoanalisisperiodistico.com\/index.php\/wp-json\/wp\/v2\/posts"}],"about":[{"href":"https:\/\/contextoanalisisperiodistico.com\/index.php\/wp-json\/wp\/v2\/types\/post"}],"author":[{"embeddable":true,"href":"https:\/\/contextoanalisisperiodistico.com\/index.php\/wp-json\/wp\/v2\/users\/4"}],"replies":[{"embeddable":true,"href":"https:\/\/contextoanalisisperiodistico.com\/index.php\/wp-json\/wp\/v2\/comments?post=46613"}],"version-history":[{"count":0,"href":"https:\/\/contextoanalisisperiodistico.com\/index.php\/wp-json\/wp\/v2\/posts\/46613\/revisions"}],"wp:featuredmedia":[{"embeddable":true,"href":"https:\/\/contextoanalisisperiodistico.com\/index.php\/wp-json\/wp\/v2\/media\/46611"}],"wp:attachment":[{"href":"https:\/\/contextoanalisisperiodistico.com\/index.php\/wp-json\/wp\/v2\/media?parent=46613"}],"wp:term":[{"taxonomy":"category","embeddable":true,"href":"https:\/\/contextoanalisisperiodistico.com\/index.php\/wp-json\/wp\/v2\/categories?post=46613"},{"taxonomy":"post_tag","embeddable":true,"href":"https:\/\/contextoanalisisperiodistico.com\/index.php\/wp-json\/wp\/v2\/tags?post=46613"}],"curies":[{"name":"wp","href":"https:\/\/api.w.org\/{rel}","templated":true}]}}