{"id":46608,"date":"2025-10-07T14:49:53","date_gmt":"2025-10-07T20:49:53","guid":{"rendered":"https:\/\/contextoanalisisperiodistico.com\/index.php\/2025\/10\/07\/se-atiende-tema-de-seguimiento-al-caso-supervisores-y-jefes-de-sector-en-la-cdmx-ieepo\/"},"modified":"2025-10-07T14:52:37","modified_gmt":"2025-10-07T20:52:37","slug":"se-atiende-tema-de-seguimiento-al-caso-supervisores-y-jefes-de-sector-en-la-cdmx-ieepo","status":"publish","type":"post","link":"https:\/\/contextoanalisisperiodistico.com\/index.php\/2025\/10\/07\/se-atiende-tema-de-seguimiento-al-caso-supervisores-y-jefes-de-sector-en-la-cdmx-ieepo\/","title":{"rendered":"Se atiende tema de seguimiento al caso supervisores y jefes de sector, en la CDMX: IEEPO"},"content":{"rendered":"<div id=\"fb-root\"><\/div>\n\n<p>En seguimiento a la soluci\u00f3n de las demandas que han expresado supervisores y jefes de sector, de la Secci\u00f3n 22, este martes se instal\u00f3 una mesa tripartita de trabajo en laCiudad de M\u00e9xico&nbsp; inform\u00f3 el director general del Instituto Estatal de Educaci\u00f3n P\u00fablica de Oaxaca (IEEPO), Emilio Montero P\u00e9rez.<br>Manifest\u00f3 que en la reuni\u00f3n participan: la dirigencia de las y los trabajadores de la educaci\u00f3n de la Secci\u00f3n 22 del SNTE-CNTE, funcionarios de la Secretar\u00eda de Educaci\u00f3n P\u00fablica (SEP), as\u00ed como el propio director del IEEPO y un equipo de trabajo.<br>Explic\u00f3 que se trata de una reuni\u00f3n establecida con anterioridad, como parte de los acuerdos tomados para abordar las demandas planteadas por la Secci\u00f3n 22, en mayo pasado.<br>En ese sentido, manifest\u00f3 que la movilizaci\u00f3n que actualmente realizaci\u00f3n las y los supervisores en el centro de esta ciudad, es totalmente innecesaria.<br>Los tiempos para abordar y solucionar los diversos planteamientos de la gremial magisterial est\u00e1n marcados, dijo, por rutas administrativas que est\u00e1n en manos de dependencias federales, por lo que se van atendiendo a partir de la programaci\u00f3n de los recursos requeridos.<br>Abund\u00f3 que, tal y como lo se\u00f1alara el gobernador Salom\u00f3n Jara Cruz en \u201cla ma\u00f1anera\u201d de este d\u00eda, en ninguna administraci\u00f3n estatal anterior se hab\u00eda dado atenci\u00f3n al magisterio oaxaque\u00f1o, como ahora se hace, con el respaldo de la presidenta Claudia Sheinbaum Pardo, y como se hizo con el ex presidente Andr\u00e9s Manuel L\u00f3pez Obrador-<br>-0-<\/p>\n","protected":false},"excerpt":{"rendered":"<p>En seguimiento a la soluci\u00f3n de las demandas que han expresado supervisores y jefes de&#8230;<\/p>\n","protected":false},"author":4,"featured_media":46607,"comment_status":"closed","ping_status":"open","sticky":false,"template":"","format":"standard","meta":{"footnotes":""},"categories":[9],"tags":[303,169,96],"jetpack_sharing_enabled":true,"featured_image_urls":{"full":["https:\/\/contextoanalisisperiodistico.com\/wp-content\/uploads\/2025\/10\/IMG-20250930-WA0081.jpg",1600,1600,false],"thumbnail":["https:\/\/contextoanalisisperiodistico.com\/wp-content\/uploads\/2025\/10\/IMG-20250930-WA0081-150x150.jpg",150,150,true],"medium":["https:\/\/contextoanalisisperiodistico.com\/wp-content\/uploads\/2025\/10\/IMG-20250930-WA0081-300x300.jpg",300,300,true],"medium_large":["https:\/\/contextoanalisisperiodistico.com\/wp-content\/uploads\/2025\/10\/IMG-20250930-WA0081-768x768.jpg",640,640,true],"large":["https:\/\/contextoanalisisperiodistico.com\/wp-content\/uploads\/2025\/10\/IMG-20250930-WA0081-1024x1024.jpg",640,640,true],"1536x1536":["https:\/\/contextoanalisisperiodistico.com\/wp-content\/uploads\/2025\/10\/IMG-20250930-WA0081-1536x1536.jpg",1536,1536,true],"2048x2048":["https:\/\/contextoanalisisperiodistico.com\/wp-content\/uploads\/2025\/10\/IMG-20250930-WA0081.jpg",1600,1600,false],"covernews-slider-full":["https:\/\/contextoanalisisperiodistico.com\/wp-content\/uploads\/2025\/10\/IMG-20250930-WA0081-1115x715.jpg",1115,715,true],"covernews-slider-center":["https:\/\/contextoanalisisperiodistico.com\/wp-content\/uploads\/2025\/10\/IMG-20250930-WA0081-800x500.jpg",800,500,true],"covernews-featured":["https:\/\/contextoanalisisperiodistico.com\/wp-content\/uploads\/2025\/10\/IMG-20250930-WA0081-1024x1024.jpg",1024,1024,true],"covernews-medium":["https:\/\/contextoanalisisperiodistico.com\/wp-content\/uploads\/2025\/10\/IMG-20250930-WA0081-540x340.jpg",540,340,true],"covernews-medium-square":["https:\/\/contextoanalisisperiodistico.com\/wp-content\/uploads\/2025\/10\/IMG-20250930-WA0081-400x250.jpg",400,250,true]},"author_info":{"display_name":"Mario Gir\u00f3n","author_link":"https:\/\/contextoanalisisperiodistico.com\/index.php\/author\/director\/"},"category_info":"<a href=\"https:\/\/contextoanalisisperiodistico.com\/index.php\/category\/politica\/\" rel=\"category tag\">Pol\u00edtica<\/a>","tag_info":"Pol\u00edtica","comment_count":"0","jetpack_featured_media_url":"https:\/\/contextoanalisisperiodistico.com\/wp-content\/uploads\/2025\/10\/IMG-20250930-WA0081.jpg","_links":{"self":[{"href":"https:\/\/contextoanalisisperiodistico.com\/index.php\/wp-json\/wp\/v2\/posts\/46608"}],"collection":[{"href":"https:\/\/contextoanalisisperiodistico.com\/index.php\/wp-json\/wp\/v2\/posts"}],"about":[{"href":"https:\/\/contextoanalisisperiodistico.com\/index.php\/wp-json\/wp\/v2\/types\/post"}],"author":[{"embeddable":true,"href":"https:\/\/contextoanalisisperiodistico.com\/index.php\/wp-json\/wp\/v2\/users\/4"}],"replies":[{"embeddable":true,"href":"https:\/\/contextoanalisisperiodistico.com\/index.php\/wp-json\/wp\/v2\/comments?post=46608"}],"version-history":[{"count":1,"href":"https:\/\/contextoanalisisperiodistico.com\/index.php\/wp-json\/wp\/v2\/posts\/46608\/revisions"}],"predecessor-version":[{"id":46609,"href":"https:\/\/contextoanalisisperiodistico.com\/index.php\/wp-json\/wp\/v2\/posts\/46608\/revisions\/46609"}],"wp:featuredmedia":[{"embeddable":true,"href":"https:\/\/contextoanalisisperiodistico.com\/index.php\/wp-json\/wp\/v2\/media\/46607"}],"wp:attachment":[{"href":"https:\/\/contextoanalisisperiodistico.com\/index.php\/wp-json\/wp\/v2\/media?parent=46608"}],"wp:term":[{"taxonomy":"category","embeddable":true,"href":"https:\/\/contextoanalisisperiodistico.com\/index.php\/wp-json\/wp\/v2\/categories?post=46608"},{"taxonomy":"post_tag","embeddable":true,"href":"https:\/\/contextoanalisisperiodistico.com\/index.php\/wp-json\/wp\/v2\/tags?post=46608"}],"curies":[{"name":"wp","href":"https:\/\/api.w.org\/{rel}","templated":true}]}}