{"id":46604,"date":"2025-10-07T14:41:45","date_gmt":"2025-10-07T20:41:45","guid":{"rendered":"https:\/\/contextoanalisisperiodistico.com\/index.php\/2025\/10\/07\/aprueba-cabildo-de-oaxaca-de-juarez-estimulos-fiscales-acciones-de-conservacion-patrimonial-y-medidas-de-seguridad-vial\/"},"modified":"2025-10-07T14:42:44","modified_gmt":"2025-10-07T20:42:44","slug":"aprueba-cabildo-de-oaxaca-de-juarez-estimulos-fiscales-acciones-de-conservacion-patrimonial-y-medidas-de-seguridad-vial","status":"publish","type":"post","link":"https:\/\/contextoanalisisperiodistico.com\/index.php\/2025\/10\/07\/aprueba-cabildo-de-oaxaca-de-juarez-estimulos-fiscales-acciones-de-conservacion-patrimonial-y-medidas-de-seguridad-vial\/","title":{"rendered":"Aprueba Cabildo Oaxaca de Ju\u00e1rez est\u00edmulos fiscales, acciones de conservaci\u00f3n patrimonial y medidas de seguridad vial"},"content":{"rendered":"<div id=\"fb-root\"><\/div>\n\n<ul class=\"wp-block-list\">\n<li>Descuentos en traslado de dominio, rescate de estatuas en Calzada de la Rep\u00fablica, regularizaci\u00f3n de fosas y protocolo \u201cSalvando Vidas\u201d entre los acuerdos aprobados<\/li>\n<\/ul>\n\n\n\n<figure class=\"wp-block-image size-large\"><img fetchpriority=\"high\" decoding=\"async\" width=\"1024\" height=\"682\" src=\"https:\/\/contextoanalisisperiodistico.com\/wp-content\/uploads\/2025\/10\/img-20251007-wa00478148280682431416968-1024x682.jpg\" alt=\"\" class=\"wp-image-46600\" srcset=\"https:\/\/contextoanalisisperiodistico.com\/wp-content\/uploads\/2025\/10\/img-20251007-wa00478148280682431416968-1024x682.jpg 1024w, https:\/\/contextoanalisisperiodistico.com\/wp-content\/uploads\/2025\/10\/img-20251007-wa00478148280682431416968-300x200.jpg 300w, https:\/\/contextoanalisisperiodistico.com\/wp-content\/uploads\/2025\/10\/img-20251007-wa00478148280682431416968-768x511.jpg 768w, https:\/\/contextoanalisisperiodistico.com\/wp-content\/uploads\/2025\/10\/img-20251007-wa00478148280682431416968.jpg 1440w\" sizes=\"(max-width: 1024px) 100vw, 1024px\" \/><\/figure>\n\n\n\n<figure class=\"wp-block-image\"><img decoding=\"async\" width=\"1024\" height=\"682\" src=\"https:\/\/contextoanalisisperiodistico.com\/wp-content\/uploads\/2025\/10\/img-20251007-wa00489204625278542924092-1024x682.jpg\" alt=\"\" class=\"wp-image-46601\" srcset=\"https:\/\/contextoanalisisperiodistico.com\/wp-content\/uploads\/2025\/10\/img-20251007-wa00489204625278542924092-1024x682.jpg 1024w, https:\/\/contextoanalisisperiodistico.com\/wp-content\/uploads\/2025\/10\/img-20251007-wa00489204625278542924092-300x200.jpg 300w, https:\/\/contextoanalisisperiodistico.com\/wp-content\/uploads\/2025\/10\/img-20251007-wa00489204625278542924092-768x511.jpg 768w, https:\/\/contextoanalisisperiodistico.com\/wp-content\/uploads\/2025\/10\/img-20251007-wa00489204625278542924092.jpg 1440w\" sizes=\"(max-width: 1024px) 100vw, 1024px\" \/><\/figure>\n\n\n\n<figure class=\"wp-block-image\"><img decoding=\"async\" width=\"1024\" height=\"682\" src=\"https:\/\/contextoanalisisperiodistico.com\/wp-content\/uploads\/2025\/10\/img-20251007-wa00341487518015164143205-1024x682.jpg\" alt=\"\" class=\"wp-image-46603\" srcset=\"https:\/\/contextoanalisisperiodistico.com\/wp-content\/uploads\/2025\/10\/img-20251007-wa00341487518015164143205-1024x682.jpg 1024w, https:\/\/contextoanalisisperiodistico.com\/wp-content\/uploads\/2025\/10\/img-20251007-wa00341487518015164143205-300x200.jpg 300w, https:\/\/contextoanalisisperiodistico.com\/wp-content\/uploads\/2025\/10\/img-20251007-wa00341487518015164143205-768x511.jpg 768w, https:\/\/contextoanalisisperiodistico.com\/wp-content\/uploads\/2025\/10\/img-20251007-wa00341487518015164143205.jpg 1440w\" sizes=\"(max-width: 1024px) 100vw, 1024px\" \/><\/figure>\n\n\n\n<figure class=\"wp-block-image\"><img loading=\"lazy\" decoding=\"async\" width=\"1024\" height=\"682\" src=\"https:\/\/contextoanalisisperiodistico.com\/wp-content\/uploads\/2025\/10\/img-20251007-wa00357581272710620821196-1024x682.jpg\" alt=\"\" class=\"wp-image-46602\" srcset=\"https:\/\/contextoanalisisperiodistico.com\/wp-content\/uploads\/2025\/10\/img-20251007-wa00357581272710620821196-1024x682.jpg 1024w, https:\/\/contextoanalisisperiodistico.com\/wp-content\/uploads\/2025\/10\/img-20251007-wa00357581272710620821196-300x200.jpg 300w, https:\/\/contextoanalisisperiodistico.com\/wp-content\/uploads\/2025\/10\/img-20251007-wa00357581272710620821196-768x511.jpg 768w, https:\/\/contextoanalisisperiodistico.com\/wp-content\/uploads\/2025\/10\/img-20251007-wa00357581272710620821196.jpg 1440w\" sizes=\"(max-width: 1024px) 100vw, 1024px\" \/><\/figure>\n\n\n\n<p>Oaxaca de Ju\u00e1rez, Oax., 7 de octubre de 2025.\u2013 En sesi\u00f3n ordinaria de Cabildo, encabezada por el presidente municipal Ray Chagoya, las y los concejales de Oaxaca de Ju\u00e1rez aprobaron diversos acuerdos en beneficio de la ciudadan\u00eda, orientados al impulso econ\u00f3mico, la preservaci\u00f3n del patrimonio, la regularizaci\u00f3n de servicios municipales y la seguridad vial.<\/p>\n\n\n\n<p>Entre los puntos aprobados destaca la autorizaci\u00f3n del est\u00edmulo fiscal \u201cNo te quedes atr\u00e1s, regular\u00edzate\u201d, mediante el cual se concede un descuento del 20% en la suerte principal y el 100% en los accesorios del impuesto sobre la traslaci\u00f3n de dominio a personas f\u00edsicas, morales o unidades econ\u00f3micas que se regularicen durante el periodo establecido.<\/p>\n\n\n\n<p>Asimismo, a propuesta del regidor del Centro Hist\u00f3rico y Patrimonio Mundial, Antonio \u00c1lvarez Mart\u00ednez, se instruy\u00f3 a la Direcci\u00f3n del Centro Hist\u00f3rico para elaborar un proyecto integral de restauraci\u00f3n, conservaci\u00f3n y puesta en valor de las estatuas ubicadas en la Calzada de la Rep\u00fablica. Con ello, se busca devolverles su dignidad, valor hist\u00f3rico y sentido fundacional, mediante un proceso metodol\u00f3gico de rescate patrimonial.<\/p>\n\n\n\n<p>El Cabildo tambi\u00e9n aprob\u00f3 ampliar a 90 d\u00edas el periodo de regularizaci\u00f3n de fosas en los panteones municipales, en el marco de la actualizaci\u00f3n del Reglamento de Panteones, con el objetivo de ofrecer facilidades a las familias oaxaque\u00f1as y fortalecer la administraci\u00f3n de estos espacios.<\/p>\n\n\n\n<p>Finalmente, se aval\u00f3 el Protocolo de Actuaci\u00f3n para los Puntos de Control de Alcoholimetr\u00eda \u201cSalvando Vidas\u201d, con el cual se busca fortalecer la prevenci\u00f3n de accidentes y garantizar que estos operativos se realicen bajo criterios de respeto a los derechos humanos, transparencia y seguridad ciudadana.<\/p>\n\n\n\n<p>Con estas acciones, el Gobierno Municipal de Oaxaca de Ju\u00e1rez reafirma su compromiso con la legalidad, el bienestar social y la protecci\u00f3n del patrimonio hist\u00f3rico, trabajando de manera cercana y responsable con la ciudadan\u00eda.<\/p>\n","protected":false},"excerpt":{"rendered":"<p>Oaxaca de Ju\u00e1rez, Oax., 7 de octubre de 2025.\u2013 En sesi\u00f3n ordinaria de Cabildo, encabezada&#8230;<\/p>\n","protected":false},"author":4,"featured_media":46599,"comment_status":"closed","ping_status":"open","sticky":false,"template":"","format":"standard","meta":{"footnotes":""},"categories":[9],"tags":[316,340,303,178],"jetpack_sharing_enabled":true,"featured_image_urls":{"full":["https:\/\/contextoanalisisperiodistico.com\/wp-content\/uploads\/2025\/10\/IMG-20251007-WA0046.jpg",966,958,false],"thumbnail":["https:\/\/contextoanalisisperiodistico.com\/wp-content\/uploads\/2025\/10\/IMG-20251007-WA0046-150x150.jpg",150,150,true],"medium":["https:\/\/contextoanalisisperiodistico.com\/wp-content\/uploads\/2025\/10\/IMG-20251007-WA0046-300x298.jpg",300,298,true],"medium_large":["https:\/\/contextoanalisisperiodistico.com\/wp-content\/uploads\/2025\/10\/IMG-20251007-WA0046-768x762.jpg",640,635,true],"large":["https:\/\/contextoanalisisperiodistico.com\/wp-content\/uploads\/2025\/10\/IMG-20251007-WA0046.jpg",640,635,false],"1536x1536":["https:\/\/contextoanalisisperiodistico.com\/wp-content\/uploads\/2025\/10\/IMG-20251007-WA0046.jpg",966,958,false],"2048x2048":["https:\/\/contextoanalisisperiodistico.com\/wp-content\/uploads\/2025\/10\/IMG-20251007-WA0046.jpg",966,958,false],"covernews-slider-full":["https:\/\/contextoanalisisperiodistico.com\/wp-content\/uploads\/2025\/10\/IMG-20251007-WA0046-966x715.jpg",966,715,true],"covernews-slider-center":["https:\/\/contextoanalisisperiodistico.com\/wp-content\/uploads\/2025\/10\/IMG-20251007-WA0046-800x500.jpg",800,500,true],"covernews-featured":["https:\/\/contextoanalisisperiodistico.com\/wp-content\/uploads\/2025\/10\/IMG-20251007-WA0046.jpg",966,958,false],"covernews-medium":["https:\/\/contextoanalisisperiodistico.com\/wp-content\/uploads\/2025\/10\/IMG-20251007-WA0046-540x340.jpg",540,340,true],"covernews-medium-square":["https:\/\/contextoanalisisperiodistico.com\/wp-content\/uploads\/2025\/10\/IMG-20251007-WA0046-400x250.jpg",400,250,true]},"author_info":{"display_name":"Mario Gir\u00f3n","author_link":"https:\/\/contextoanalisisperiodistico.com\/index.php\/author\/director\/"},"category_info":"<a href=\"https:\/\/contextoanalisisperiodistico.com\/index.php\/category\/politica\/\" rel=\"category tag\">Pol\u00edtica<\/a>","tag_info":"Pol\u00edtica","comment_count":"0","jetpack_featured_media_url":"https:\/\/contextoanalisisperiodistico.com\/wp-content\/uploads\/2025\/10\/IMG-20251007-WA0046.jpg","_links":{"self":[{"href":"https:\/\/contextoanalisisperiodistico.com\/index.php\/wp-json\/wp\/v2\/posts\/46604"}],"collection":[{"href":"https:\/\/contextoanalisisperiodistico.com\/index.php\/wp-json\/wp\/v2\/posts"}],"about":[{"href":"https:\/\/contextoanalisisperiodistico.com\/index.php\/wp-json\/wp\/v2\/types\/post"}],"author":[{"embeddable":true,"href":"https:\/\/contextoanalisisperiodistico.com\/index.php\/wp-json\/wp\/v2\/users\/4"}],"replies":[{"embeddable":true,"href":"https:\/\/contextoanalisisperiodistico.com\/index.php\/wp-json\/wp\/v2\/comments?post=46604"}],"version-history":[{"count":2,"href":"https:\/\/contextoanalisisperiodistico.com\/index.php\/wp-json\/wp\/v2\/posts\/46604\/revisions"}],"predecessor-version":[{"id":46606,"href":"https:\/\/contextoanalisisperiodistico.com\/index.php\/wp-json\/wp\/v2\/posts\/46604\/revisions\/46606"}],"wp:featuredmedia":[{"embeddable":true,"href":"https:\/\/contextoanalisisperiodistico.com\/index.php\/wp-json\/wp\/v2\/media\/46599"}],"wp:attachment":[{"href":"https:\/\/contextoanalisisperiodistico.com\/index.php\/wp-json\/wp\/v2\/media?parent=46604"}],"wp:term":[{"taxonomy":"category","embeddable":true,"href":"https:\/\/contextoanalisisperiodistico.com\/index.php\/wp-json\/wp\/v2\/categories?post=46604"},{"taxonomy":"post_tag","embeddable":true,"href":"https:\/\/contextoanalisisperiodistico.com\/index.php\/wp-json\/wp\/v2\/tags?post=46604"}],"curies":[{"name":"wp","href":"https:\/\/api.w.org\/{rel}","templated":true}]}}