{"id":46597,"date":"2025-10-07T14:23:38","date_gmt":"2025-10-07T20:23:38","guid":{"rendered":"https:\/\/contextoanalisisperiodistico.com\/index.php\/2025\/10\/07\/encabeza-ray-chagoya-secretaria-tecnica-de-la-comision-de-la-zona-metropolitana-de-oaxaca\/"},"modified":"2025-10-07T14:25:54","modified_gmt":"2025-10-07T20:25:54","slug":"encabeza-ray-chagoya-secretaria-tecnica-de-la-comision-de-la-zona-metropolitana-de-oaxaca","status":"publish","type":"post","link":"https:\/\/contextoanalisisperiodistico.com\/index.php\/2025\/10\/07\/encabeza-ray-chagoya-secretaria-tecnica-de-la-comision-de-la-zona-metropolitana-de-oaxaca\/","title":{"rendered":"Encabeza Ray Chagoya, Secretar\u00eda T\u00e9cnica de la Comisi\u00f3n de la Zona Metropolitana de Oaxaca"},"content":{"rendered":"<div id=\"fb-root\"><\/div>\n\n<ul class=\"wp-block-list\">\n<li>Se fortalece la coordinaci\u00f3n intermunicipal y la planeaci\u00f3n urbana metropolitana<\/li>\n<\/ul>\n\n\n\n<figure class=\"wp-block-image size-large\"><img fetchpriority=\"high\" decoding=\"async\" width=\"1024\" height=\"683\" src=\"https:\/\/contextoanalisisperiodistico.com\/wp-content\/uploads\/2025\/10\/img-20251007-wa00592473351864635448979-1024x683.jpg\" alt=\"\" class=\"wp-image-46593\" srcset=\"https:\/\/contextoanalisisperiodistico.com\/wp-content\/uploads\/2025\/10\/img-20251007-wa00592473351864635448979-1024x683.jpg 1024w, https:\/\/contextoanalisisperiodistico.com\/wp-content\/uploads\/2025\/10\/img-20251007-wa00592473351864635448979-300x200.jpg 300w, https:\/\/contextoanalisisperiodistico.com\/wp-content\/uploads\/2025\/10\/img-20251007-wa00592473351864635448979-768x512.jpg 768w, https:\/\/contextoanalisisperiodistico.com\/wp-content\/uploads\/2025\/10\/img-20251007-wa00592473351864635448979.jpg 1440w\" sizes=\"(max-width: 1024px) 100vw, 1024px\" \/><\/figure>\n\n\n\n<figure class=\"wp-block-image\"><img decoding=\"async\" width=\"1024\" height=\"683\" src=\"https:\/\/contextoanalisisperiodistico.com\/wp-content\/uploads\/2025\/10\/img-20251007-wa00571087932379745087511-1024x683.jpg\" alt=\"\" class=\"wp-image-46595\" srcset=\"https:\/\/contextoanalisisperiodistico.com\/wp-content\/uploads\/2025\/10\/img-20251007-wa00571087932379745087511-1024x683.jpg 1024w, https:\/\/contextoanalisisperiodistico.com\/wp-content\/uploads\/2025\/10\/img-20251007-wa00571087932379745087511-300x200.jpg 300w, https:\/\/contextoanalisisperiodistico.com\/wp-content\/uploads\/2025\/10\/img-20251007-wa00571087932379745087511-768x512.jpg 768w, https:\/\/contextoanalisisperiodistico.com\/wp-content\/uploads\/2025\/10\/img-20251007-wa00571087932379745087511.jpg 1440w\" sizes=\"(max-width: 1024px) 100vw, 1024px\" \/><\/figure>\n\n\n\n<figure class=\"wp-block-image\"><img decoding=\"async\" width=\"1024\" height=\"683\" src=\"https:\/\/contextoanalisisperiodistico.com\/wp-content\/uploads\/2025\/10\/img-20251007-wa00568879334087893683044-1024x683.jpg\" alt=\"\" class=\"wp-image-46596\" srcset=\"https:\/\/contextoanalisisperiodistico.com\/wp-content\/uploads\/2025\/10\/img-20251007-wa00568879334087893683044-1024x683.jpg 1024w, https:\/\/contextoanalisisperiodistico.com\/wp-content\/uploads\/2025\/10\/img-20251007-wa00568879334087893683044-300x200.jpg 300w, https:\/\/contextoanalisisperiodistico.com\/wp-content\/uploads\/2025\/10\/img-20251007-wa00568879334087893683044-768x512.jpg 768w, https:\/\/contextoanalisisperiodistico.com\/wp-content\/uploads\/2025\/10\/img-20251007-wa00568879334087893683044-1536x1024.jpg 1536w, https:\/\/contextoanalisisperiodistico.com\/wp-content\/uploads\/2025\/10\/img-20251007-wa00568879334087893683044.jpg 1600w\" sizes=\"(max-width: 1024px) 100vw, 1024px\" \/><\/figure>\n\n\n\n<figure class=\"wp-block-image\"><img loading=\"lazy\" decoding=\"async\" width=\"1024\" height=\"683\" src=\"https:\/\/contextoanalisisperiodistico.com\/wp-content\/uploads\/2025\/10\/img-20251007-wa0058901085197355122079-1024x683.jpg\" alt=\"\" class=\"wp-image-46594\" srcset=\"https:\/\/contextoanalisisperiodistico.com\/wp-content\/uploads\/2025\/10\/img-20251007-wa0058901085197355122079-1024x683.jpg 1024w, https:\/\/contextoanalisisperiodistico.com\/wp-content\/uploads\/2025\/10\/img-20251007-wa0058901085197355122079-300x200.jpg 300w, https:\/\/contextoanalisisperiodistico.com\/wp-content\/uploads\/2025\/10\/img-20251007-wa0058901085197355122079-768x512.jpg 768w, https:\/\/contextoanalisisperiodistico.com\/wp-content\/uploads\/2025\/10\/img-20251007-wa0058901085197355122079.jpg 1440w\" sizes=\"(max-width: 1024px) 100vw, 1024px\" \/><\/figure>\n\n\n\n<p>Oaxaca de Ju\u00e1rez, Oax., 7 de octubre de 2025.\u2013 El presidente municipal de Oaxaca de Ju\u00e1rez, Ray Chagoya, fue ratificado como Secretario T\u00e9cnico de la Comisi\u00f3n de la Zona Metropolitana de Oaxaca, durante la primera sesi\u00f3n ordinaria correspondiente al a\u00f1o 2025, encabezada por el Gobernador del Estado, Salom\u00f3n Jara Cruz y Edna Elena Vega Rangel, Secretaria de Desarrollo Agrario, Territorial y Urbano de M\u00e9xico<\/p>\n\n\n\n<p>Este espacio reafirma la voluntad de los tres \u00f3rdenes de gobierno por consolidar una coordinaci\u00f3n efectiva entre municipios, impulsar proyectos estrat\u00e9gicos metropolitanos y fortalecer la planeaci\u00f3n urbana integral en beneficio de m\u00e1s de 736 mil personas que habitan la zona conurbada.<\/p>\n\n\n\n<p>La Comisi\u00f3n de la Zona Metropolitana, integrada por 27 municipios, trabaja en el marco del Sistema Estatal de Planeaci\u00f3n del Ordenamiento Territorial y del Desarrollo Urbano, con el prop\u00f3sito de alentar la cooperaci\u00f3n intermunicipal y promover un crecimiento equilibrado y sostenible.<\/p>\n\n\n\n<p>Durante la sesi\u00f3n se present\u00f3 el Programa de Ordenamiento de la Zona Metropolitana de Oaxaca, elaborado con la colaboraci\u00f3n de la Secretar\u00eda de Infraestructuras, Comunicaciones y Ordenamiento Territorial (Sinfra) y el Infonavit, resultado de un proceso participativo que involucr\u00f3 a los tres niveles de gobierno y a la sociedad civil. Este instrumento define un horizonte de desarrollo urbano con visi\u00f3n sustentable, equitativa y de largo plazo.<\/p>\n\n\n\n<p>Desde la capital, mencion\u00f3 Ray Chagoya, refrendamos el compromiso de contribuir a la construcci\u00f3n de una metr\u00f3poli ordenada, con bienestar, infraestructura eficiente y oportunidades compartidas para todas y todos los oaxaque\u00f1os.<\/p>\n","protected":false},"excerpt":{"rendered":"<p>Oaxaca de Ju\u00e1rez, Oax., 7 de octubre de 2025.\u2013 El presidente municipal de Oaxaca de&#8230;<\/p>\n","protected":false},"author":4,"featured_media":46592,"comment_status":"closed","ping_status":"open","sticky":false,"template":"","format":"standard","meta":{"footnotes":""},"categories":[9],"tags":[316,340,303,178],"jetpack_sharing_enabled":true,"featured_image_urls":{"full":["https:\/\/contextoanalisisperiodistico.com\/wp-content\/uploads\/2025\/10\/IMG-20251007-WA0055.jpg",1148,869,false],"thumbnail":["https:\/\/contextoanalisisperiodistico.com\/wp-content\/uploads\/2025\/10\/IMG-20251007-WA0055-150x150.jpg",150,150,true],"medium":["https:\/\/contextoanalisisperiodistico.com\/wp-content\/uploads\/2025\/10\/IMG-20251007-WA0055-300x227.jpg",300,227,true],"medium_large":["https:\/\/contextoanalisisperiodistico.com\/wp-content\/uploads\/2025\/10\/IMG-20251007-WA0055-768x581.jpg",640,484,true],"large":["https:\/\/contextoanalisisperiodistico.com\/wp-content\/uploads\/2025\/10\/IMG-20251007-WA0055-1024x775.jpg",640,484,true],"1536x1536":["https:\/\/contextoanalisisperiodistico.com\/wp-content\/uploads\/2025\/10\/IMG-20251007-WA0055.jpg",1148,869,false],"2048x2048":["https:\/\/contextoanalisisperiodistico.com\/wp-content\/uploads\/2025\/10\/IMG-20251007-WA0055.jpg",1148,869,false],"covernews-slider-full":["https:\/\/contextoanalisisperiodistico.com\/wp-content\/uploads\/2025\/10\/IMG-20251007-WA0055-1115x715.jpg",1115,715,true],"covernews-slider-center":["https:\/\/contextoanalisisperiodistico.com\/wp-content\/uploads\/2025\/10\/IMG-20251007-WA0055-800x500.jpg",800,500,true],"covernews-featured":["https:\/\/contextoanalisisperiodistico.com\/wp-content\/uploads\/2025\/10\/IMG-20251007-WA0055-1024x775.jpg",1024,775,true],"covernews-medium":["https:\/\/contextoanalisisperiodistico.com\/wp-content\/uploads\/2025\/10\/IMG-20251007-WA0055-540x340.jpg",540,340,true],"covernews-medium-square":["https:\/\/contextoanalisisperiodistico.com\/wp-content\/uploads\/2025\/10\/IMG-20251007-WA0055-400x250.jpg",400,250,true]},"author_info":{"display_name":"Mario Gir\u00f3n","author_link":"https:\/\/contextoanalisisperiodistico.com\/index.php\/author\/director\/"},"category_info":"<a href=\"https:\/\/contextoanalisisperiodistico.com\/index.php\/category\/politica\/\" rel=\"category tag\">Pol\u00edtica<\/a>","tag_info":"Pol\u00edtica","comment_count":"0","jetpack_featured_media_url":"https:\/\/contextoanalisisperiodistico.com\/wp-content\/uploads\/2025\/10\/IMG-20251007-WA0055.jpg","_links":{"self":[{"href":"https:\/\/contextoanalisisperiodistico.com\/index.php\/wp-json\/wp\/v2\/posts\/46597"}],"collection":[{"href":"https:\/\/contextoanalisisperiodistico.com\/index.php\/wp-json\/wp\/v2\/posts"}],"about":[{"href":"https:\/\/contextoanalisisperiodistico.com\/index.php\/wp-json\/wp\/v2\/types\/post"}],"author":[{"embeddable":true,"href":"https:\/\/contextoanalisisperiodistico.com\/index.php\/wp-json\/wp\/v2\/users\/4"}],"replies":[{"embeddable":true,"href":"https:\/\/contextoanalisisperiodistico.com\/index.php\/wp-json\/wp\/v2\/comments?post=46597"}],"version-history":[{"count":1,"href":"https:\/\/contextoanalisisperiodistico.com\/index.php\/wp-json\/wp\/v2\/posts\/46597\/revisions"}],"predecessor-version":[{"id":46598,"href":"https:\/\/contextoanalisisperiodistico.com\/index.php\/wp-json\/wp\/v2\/posts\/46597\/revisions\/46598"}],"wp:featuredmedia":[{"embeddable":true,"href":"https:\/\/contextoanalisisperiodistico.com\/index.php\/wp-json\/wp\/v2\/media\/46592"}],"wp:attachment":[{"href":"https:\/\/contextoanalisisperiodistico.com\/index.php\/wp-json\/wp\/v2\/media?parent=46597"}],"wp:term":[{"taxonomy":"category","embeddable":true,"href":"https:\/\/contextoanalisisperiodistico.com\/index.php\/wp-json\/wp\/v2\/categories?post=46597"},{"taxonomy":"post_tag","embeddable":true,"href":"https:\/\/contextoanalisisperiodistico.com\/index.php\/wp-json\/wp\/v2\/tags?post=46597"}],"curies":[{"name":"wp","href":"https:\/\/api.w.org\/{rel}","templated":true}]}}