{"id":46591,"date":"2025-10-06T19:56:05","date_gmt":"2025-10-07T01:56:05","guid":{"rendered":"https:\/\/contextoanalisisperiodistico.com\/index.php\/2025\/10\/06\/con-entrega-de-apoyos-a-jefas-de-familia-primavera-oaxaquena-ve-escucha-y-respalda-a-las-mujeres-salomon-jara\/"},"modified":"2025-10-06T19:56:05","modified_gmt":"2025-10-07T01:56:05","slug":"con-entrega-de-apoyos-a-jefas-de-familia-primavera-oaxaquena-ve-escucha-y-respalda-a-las-mujeres-salomon-jara","status":"publish","type":"post","link":"https:\/\/contextoanalisisperiodistico.com\/index.php\/2025\/10\/06\/con-entrega-de-apoyos-a-jefas-de-familia-primavera-oaxaquena-ve-escucha-y-respalda-a-las-mujeres-salomon-jara\/","title":{"rendered":"Con entrega de apoyos a jefas de familia, Primavera Oaxaque\u00f1a ve, escucha y respalda a las mujeres: Salom\u00f3n Jara"},"content":{"rendered":"<div id=\"fb-root\"><\/div>\n\n<p>\u2022 El Gobernador del Estado dio mil 970 tarjetas Margarita Maza a pobladoras de municipios de Valles Centrales que, en condiciones adversas, sacan adelante a sus hijas e hijos<\/p>\n\n\n\n<figure class=\"wp-block-image size-large\"><img fetchpriority=\"high\" decoding=\"async\" width=\"1024\" height=\"682\" src=\"https:\/\/contextoanalisisperiodistico.com\/wp-content\/uploads\/2025\/10\/img-20251006-wa01045580637888233566867-1024x682.jpg\" alt=\"\" class=\"wp-image-46583\" srcset=\"https:\/\/contextoanalisisperiodistico.com\/wp-content\/uploads\/2025\/10\/img-20251006-wa01045580637888233566867-1024x682.jpg 1024w, https:\/\/contextoanalisisperiodistico.com\/wp-content\/uploads\/2025\/10\/img-20251006-wa01045580637888233566867-300x200.jpg 300w, https:\/\/contextoanalisisperiodistico.com\/wp-content\/uploads\/2025\/10\/img-20251006-wa01045580637888233566867-768x512.jpg 768w, https:\/\/contextoanalisisperiodistico.com\/wp-content\/uploads\/2025\/10\/img-20251006-wa01045580637888233566867.jpg 1280w\" sizes=\"(max-width: 1024px) 100vw, 1024px\" \/><\/figure>\n\n\n\n<figure class=\"wp-block-image\"><img decoding=\"async\" width=\"1024\" height=\"682\" src=\"https:\/\/contextoanalisisperiodistico.com\/wp-content\/uploads\/2025\/10\/img-20251006-wa01071446554951793263335-1024x682.jpg\" alt=\"\" class=\"wp-image-46584\" srcset=\"https:\/\/contextoanalisisperiodistico.com\/wp-content\/uploads\/2025\/10\/img-20251006-wa01071446554951793263335-1024x682.jpg 1024w, https:\/\/contextoanalisisperiodistico.com\/wp-content\/uploads\/2025\/10\/img-20251006-wa01071446554951793263335-300x200.jpg 300w, https:\/\/contextoanalisisperiodistico.com\/wp-content\/uploads\/2025\/10\/img-20251006-wa01071446554951793263335-768x512.jpg 768w, https:\/\/contextoanalisisperiodistico.com\/wp-content\/uploads\/2025\/10\/img-20251006-wa01071446554951793263335.jpg 1280w\" sizes=\"(max-width: 1024px) 100vw, 1024px\" \/><\/figure>\n\n\n\n<figure class=\"wp-block-image\"><img decoding=\"async\" width=\"1024\" height=\"682\" src=\"https:\/\/contextoanalisisperiodistico.com\/wp-content\/uploads\/2025\/10\/img-20251006-wa0100253786714478697663-1024x682.jpg\" alt=\"\" class=\"wp-image-46585\" srcset=\"https:\/\/contextoanalisisperiodistico.com\/wp-content\/uploads\/2025\/10\/img-20251006-wa0100253786714478697663-1024x682.jpg 1024w, https:\/\/contextoanalisisperiodistico.com\/wp-content\/uploads\/2025\/10\/img-20251006-wa0100253786714478697663-300x200.jpg 300w, https:\/\/contextoanalisisperiodistico.com\/wp-content\/uploads\/2025\/10\/img-20251006-wa0100253786714478697663-768x512.jpg 768w, https:\/\/contextoanalisisperiodistico.com\/wp-content\/uploads\/2025\/10\/img-20251006-wa0100253786714478697663.jpg 1280w\" sizes=\"(max-width: 1024px) 100vw, 1024px\" \/><\/figure>\n\n\n\n<figure class=\"wp-block-image\"><img loading=\"lazy\" decoding=\"async\" width=\"1024\" height=\"682\" src=\"https:\/\/contextoanalisisperiodistico.com\/wp-content\/uploads\/2025\/10\/img-20251006-wa00994935457684132011934-1024x682.jpg\" alt=\"\" class=\"wp-image-46586\" srcset=\"https:\/\/contextoanalisisperiodistico.com\/wp-content\/uploads\/2025\/10\/img-20251006-wa00994935457684132011934-1024x682.jpg 1024w, https:\/\/contextoanalisisperiodistico.com\/wp-content\/uploads\/2025\/10\/img-20251006-wa00994935457684132011934-300x200.jpg 300w, https:\/\/contextoanalisisperiodistico.com\/wp-content\/uploads\/2025\/10\/img-20251006-wa00994935457684132011934-768x512.jpg 768w, https:\/\/contextoanalisisperiodistico.com\/wp-content\/uploads\/2025\/10\/img-20251006-wa00994935457684132011934.jpg 1280w\" sizes=\"(max-width: 1024px) 100vw, 1024px\" \/><\/figure>\n\n\n\n<figure class=\"wp-block-image\"><img loading=\"lazy\" decoding=\"async\" width=\"1024\" height=\"682\" src=\"https:\/\/contextoanalisisperiodistico.com\/wp-content\/uploads\/2025\/10\/img-20251006-wa01013273632991523624799-1024x682.jpg\" alt=\"\" class=\"wp-image-46587\" srcset=\"https:\/\/contextoanalisisperiodistico.com\/wp-content\/uploads\/2025\/10\/img-20251006-wa01013273632991523624799-1024x682.jpg 1024w, https:\/\/contextoanalisisperiodistico.com\/wp-content\/uploads\/2025\/10\/img-20251006-wa01013273632991523624799-300x200.jpg 300w, https:\/\/contextoanalisisperiodistico.com\/wp-content\/uploads\/2025\/10\/img-20251006-wa01013273632991523624799-768x512.jpg 768w, https:\/\/contextoanalisisperiodistico.com\/wp-content\/uploads\/2025\/10\/img-20251006-wa01013273632991523624799.jpg 1280w\" sizes=\"(max-width: 1024px) 100vw, 1024px\" \/><\/figure>\n\n\n\n<figure class=\"wp-block-image\"><img loading=\"lazy\" decoding=\"async\" width=\"1024\" height=\"683\" src=\"https:\/\/contextoanalisisperiodistico.com\/wp-content\/uploads\/2025\/10\/img-20251006-wa01027435276365453471995-1024x683.jpg\" alt=\"\" class=\"wp-image-46588\" srcset=\"https:\/\/contextoanalisisperiodistico.com\/wp-content\/uploads\/2025\/10\/img-20251006-wa01027435276365453471995-1024x683.jpg 1024w, https:\/\/contextoanalisisperiodistico.com\/wp-content\/uploads\/2025\/10\/img-20251006-wa01027435276365453471995-300x200.jpg 300w, https:\/\/contextoanalisisperiodistico.com\/wp-content\/uploads\/2025\/10\/img-20251006-wa01027435276365453471995-768x512.jpg 768w, https:\/\/contextoanalisisperiodistico.com\/wp-content\/uploads\/2025\/10\/img-20251006-wa01027435276365453471995.jpg 1279w\" sizes=\"(max-width: 1024px) 100vw, 1024px\" \/><\/figure>\n\n\n\n<figure class=\"wp-block-image\"><img loading=\"lazy\" decoding=\"async\" width=\"1024\" height=\"634\" src=\"https:\/\/contextoanalisisperiodistico.com\/wp-content\/uploads\/2025\/10\/img-20251006-wa0105257035471935600572-1024x634.jpg\" alt=\"\" class=\"wp-image-46589\" srcset=\"https:\/\/contextoanalisisperiodistico.com\/wp-content\/uploads\/2025\/10\/img-20251006-wa0105257035471935600572-1024x634.jpg 1024w, https:\/\/contextoanalisisperiodistico.com\/wp-content\/uploads\/2025\/10\/img-20251006-wa0105257035471935600572-300x186.jpg 300w, https:\/\/contextoanalisisperiodistico.com\/wp-content\/uploads\/2025\/10\/img-20251006-wa0105257035471935600572-768x476.jpg 768w, https:\/\/contextoanalisisperiodistico.com\/wp-content\/uploads\/2025\/10\/img-20251006-wa0105257035471935600572.jpg 1280w\" sizes=\"(max-width: 1024px) 100vw, 1024px\" \/><\/figure>\n\n\n\n<figure class=\"wp-block-image\"><img loading=\"lazy\" decoding=\"async\" width=\"1024\" height=\"774\" src=\"https:\/\/contextoanalisisperiodistico.com\/wp-content\/uploads\/2025\/10\/img-20251006-wa01085811450820886083685-1024x774.jpg\" alt=\"\" class=\"wp-image-46590\" srcset=\"https:\/\/contextoanalisisperiodistico.com\/wp-content\/uploads\/2025\/10\/img-20251006-wa01085811450820886083685-1024x774.jpg 1024w, https:\/\/contextoanalisisperiodistico.com\/wp-content\/uploads\/2025\/10\/img-20251006-wa01085811450820886083685-300x227.jpg 300w, https:\/\/contextoanalisisperiodistico.com\/wp-content\/uploads\/2025\/10\/img-20251006-wa01085811450820886083685-768x581.jpg 768w, https:\/\/contextoanalisisperiodistico.com\/wp-content\/uploads\/2025\/10\/img-20251006-wa01085811450820886083685.jpg 1128w\" sizes=\"(max-width: 1024px) 100vw, 1024px\" \/><\/figure>\n\n\n\n<p>Oaxaca de Ju\u00e1rez, Oax. 6 de octubre de 2025.- Como un reconocimiento al trabajo que realizan las jefas de familia de Oaxaca, el Gobernador Salom\u00f3n Jara Cruz entreg\u00f3 mil 970 pl\u00e1sticos del programa Tarjeta Margarita Maza a igual n\u00famero de beneficiarias de la regi\u00f3n Valles Centrales, con una inversi\u00f3n total de 19 millones 700 mil pesos.<\/p>\n\n\n\n<p>Durante el acto realizado en el Parque Primavera Oaxaque\u00f1a Cho Ndob\u00e1, el Mandatario estatal destac\u00f3 que, con este hecho, su administraci\u00f3n da un paso firme hacia la justicia y dignidad de quienes sostienen con su trabajo, amor y esfuerzo; el hogar y la vida de sus hijas e hijos.<\/p>\n\n\n\n<p>\u201cHoy les decimos con claridad, la Primavera Oaxaque\u00f1a las ve, escucha y est\u00e1 para respaldarlas. Este acto demuestra que la transformaci\u00f3n del estado se construye con ustedes, las mujeres, nuestro centro de atenci\u00f3n prioritaria\u201d, asever\u00f3.<\/p>\n\n\n\n<p>La Tarjeta Margarita Maza otorga un apoyo bimestral de 2 mil pesos a jefas de familia que viven en situaci\u00f3n de pobreza extrema, tienen bajo su resguardo a personas menores de 18 a\u00f1os y cubren solas los gastos de su hogar.<\/p>\n\n\n\n<p>M\u00e1s que un recurso, este acto es un reconocimiento al rol fundamental que desempe\u00f1an aquellas mujeres que, en condiciones adversas, sacan adelante a sus hijas e hijos.<\/p>\n\n\n\n<p>De manera simb\u00f3lica recibieron esta tarjeta: Juana Hern\u00e1ndez Arellanes, del municipio Coatecas Altas; Norma S\u00e1nchez S\u00e1nchez, de San Bartolom\u00e9 Quialana; Maricela Hern\u00e1ndez, de Magdalena Teitipac; Elvia Santiago Carranza, de San Baltazar Chichic\u00e1pam y Valeria Ram\u00edrez Ordaz de San Agust\u00edn Amatengo.<\/p>\n\n\n\n<p>La titular de la Secretar\u00eda de Bienestar, Tequio e Inclusi\u00f3n (Sebienti), Vilma Mart\u00ednez Cort\u00e9s indic\u00f3 que esta acci\u00f3n reconoce y acompa\u00f1a, con hechos, el trabajo de quienes son pilares de su hogar.<\/p>\n\n\n\n<p>\u201cLos apoyos sociales son actos de justicia. Hoy caminamos hacia un Oaxaca donde la justicia y la igualdad son una realidad\u201d, se\u00f1al\u00f3.<\/p>\n\n\n\n<p>En representaci\u00f3n de las jefas de familia, In\u00e9s \u00c1ngeles Santiago de San Pablo Villa de Mitla, resalt\u00f3 que este apoyo simboliza tranquilidad, fuerza y esperanza. \u201cGracias al Gobernador Salom\u00f3n Jara Cruz, hoy las mujeres no estamos solas; gracias por darnos verdaderos resultados\u201d, dijo.<\/p>\n\n\n\n<p>-0-<\/p>\n","protected":false},"excerpt":{"rendered":"<p>\u2022 El Gobernador del Estado dio mil 970 tarjetas Margarita Maza a pobladoras de municipios&#8230;<\/p>\n","protected":false},"author":4,"featured_media":46582,"comment_status":"","ping_status":"open","sticky":false,"template":"","format":"standard","meta":{"footnotes":""},"categories":[9],"tags":[316,303],"jetpack_sharing_enabled":true,"featured_image_urls":{"full":["https:\/\/contextoanalisisperiodistico.com\/wp-content\/uploads\/2025\/10\/IMG-20251006-WA0106.jpg",1213,853,false],"thumbnail":["https:\/\/contextoanalisisperiodistico.com\/wp-content\/uploads\/2025\/10\/IMG-20251006-WA0106-150x150.jpg",150,150,true],"medium":["https:\/\/contextoanalisisperiodistico.com\/wp-content\/uploads\/2025\/10\/IMG-20251006-WA0106-300x211.jpg",300,211,true],"medium_large":["https:\/\/contextoanalisisperiodistico.com\/wp-content\/uploads\/2025\/10\/IMG-20251006-WA0106-768x540.jpg",640,450,true],"large":["https:\/\/contextoanalisisperiodistico.com\/wp-content\/uploads\/2025\/10\/IMG-20251006-WA0106-1024x720.jpg",640,450,true],"1536x1536":["https:\/\/contextoanalisisperiodistico.com\/wp-content\/uploads\/2025\/10\/IMG-20251006-WA0106.jpg",1213,853,false],"2048x2048":["https:\/\/contextoanalisisperiodistico.com\/wp-content\/uploads\/2025\/10\/IMG-20251006-WA0106.jpg",1213,853,false],"covernews-slider-full":["https:\/\/contextoanalisisperiodistico.com\/wp-content\/uploads\/2025\/10\/IMG-20251006-WA0106-1115x715.jpg",1115,715,true],"covernews-slider-center":["https:\/\/contextoanalisisperiodistico.com\/wp-content\/uploads\/2025\/10\/IMG-20251006-WA0106-800x500.jpg",800,500,true],"covernews-featured":["https:\/\/contextoanalisisperiodistico.com\/wp-content\/uploads\/2025\/10\/IMG-20251006-WA0106-1024x720.jpg",1024,720,true],"covernews-medium":["https:\/\/contextoanalisisperiodistico.com\/wp-content\/uploads\/2025\/10\/IMG-20251006-WA0106-540x340.jpg",540,340,true],"covernews-medium-square":["https:\/\/contextoanalisisperiodistico.com\/wp-content\/uploads\/2025\/10\/IMG-20251006-WA0106-400x250.jpg",400,250,true]},"author_info":{"display_name":"Mario Gir\u00f3n","author_link":"https:\/\/contextoanalisisperiodistico.com\/index.php\/author\/director\/"},"category_info":"<a href=\"https:\/\/contextoanalisisperiodistico.com\/index.php\/category\/politica\/\" rel=\"category tag\">Pol\u00edtica<\/a>","tag_info":"Pol\u00edtica","comment_count":"0","jetpack_featured_media_url":"https:\/\/contextoanalisisperiodistico.com\/wp-content\/uploads\/2025\/10\/IMG-20251006-WA0106.jpg","_links":{"self":[{"href":"https:\/\/contextoanalisisperiodistico.com\/index.php\/wp-json\/wp\/v2\/posts\/46591"}],"collection":[{"href":"https:\/\/contextoanalisisperiodistico.com\/index.php\/wp-json\/wp\/v2\/posts"}],"about":[{"href":"https:\/\/contextoanalisisperiodistico.com\/index.php\/wp-json\/wp\/v2\/types\/post"}],"author":[{"embeddable":true,"href":"https:\/\/contextoanalisisperiodistico.com\/index.php\/wp-json\/wp\/v2\/users\/4"}],"replies":[{"embeddable":true,"href":"https:\/\/contextoanalisisperiodistico.com\/index.php\/wp-json\/wp\/v2\/comments?post=46591"}],"version-history":[{"count":0,"href":"https:\/\/contextoanalisisperiodistico.com\/index.php\/wp-json\/wp\/v2\/posts\/46591\/revisions"}],"wp:featuredmedia":[{"embeddable":true,"href":"https:\/\/contextoanalisisperiodistico.com\/index.php\/wp-json\/wp\/v2\/media\/46582"}],"wp:attachment":[{"href":"https:\/\/contextoanalisisperiodistico.com\/index.php\/wp-json\/wp\/v2\/media?parent=46591"}],"wp:term":[{"taxonomy":"category","embeddable":true,"href":"https:\/\/contextoanalisisperiodistico.com\/index.php\/wp-json\/wp\/v2\/categories?post=46591"},{"taxonomy":"post_tag","embeddable":true,"href":"https:\/\/contextoanalisisperiodistico.com\/index.php\/wp-json\/wp\/v2\/tags?post=46591"}],"curies":[{"name":"wp","href":"https:\/\/api.w.org\/{rel}","templated":true}]}}