{"id":46573,"date":"2025-10-06T14:37:23","date_gmt":"2025-10-06T20:37:23","guid":{"rendered":"https:\/\/contextoanalisisperiodistico.com\/index.php\/2025\/10\/06\/refuerza-sso-vigilancia-epidemiologica-del-virus-coxsackie-para-minimizar-contagios\/"},"modified":"2025-10-06T14:37:23","modified_gmt":"2025-10-06T20:37:23","slug":"refuerza-sso-vigilancia-epidemiologica-del-virus-coxsackie-para-minimizar-contagios","status":"publish","type":"post","link":"https:\/\/contextoanalisisperiodistico.com\/index.php\/2025\/10\/06\/refuerza-sso-vigilancia-epidemiologica-del-virus-coxsackie-para-minimizar-contagios\/","title":{"rendered":"Refuerza SSO vigilancia epidemiol\u00f3gica del virus Coxsackie para minimizar contagios"},"content":{"rendered":"<div id=\"fb-root\"><\/div>\n\n<p>\u2022 Hasta la semana epidemiol\u00f3gica n\u00famero 40 se registran 753 casos acumulados de la enfermedad conocida como mano-pie-boca; con la atenci\u00f3n adecuada, la infecci\u00f3n es controlable y autolimitada<\/p>\n\n\n\n<figure class=\"wp-block-image size-large\"><img fetchpriority=\"high\" decoding=\"async\" width=\"800\" height=\"450\" src=\"https:\/\/contextoanalisisperiodistico.com\/wp-content\/uploads\/2025\/10\/img-20251006-wa00722499565450644101292.jpg\" alt=\"\" class=\"wp-image-46571\" srcset=\"https:\/\/contextoanalisisperiodistico.com\/wp-content\/uploads\/2025\/10\/img-20251006-wa00722499565450644101292.jpg 800w, https:\/\/contextoanalisisperiodistico.com\/wp-content\/uploads\/2025\/10\/img-20251006-wa00722499565450644101292-300x169.jpg 300w, https:\/\/contextoanalisisperiodistico.com\/wp-content\/uploads\/2025\/10\/img-20251006-wa00722499565450644101292-768x432.jpg 768w\" sizes=\"(max-width: 800px) 100vw, 800px\" \/><\/figure>\n\n\n\n<figure class=\"wp-block-image\"><img decoding=\"async\" width=\"300\" height=\"169\" src=\"https:\/\/contextoanalisisperiodistico.com\/wp-content\/uploads\/2025\/10\/img-20251006-wa00735619650451129804312-300x169.jpg\" alt=\"\" class=\"wp-image-46572\" srcset=\"https:\/\/contextoanalisisperiodistico.com\/wp-content\/uploads\/2025\/10\/img-20251006-wa00735619650451129804312-300x169.jpg 300w, https:\/\/contextoanalisisperiodistico.com\/wp-content\/uploads\/2025\/10\/img-20251006-wa00735619650451129804312.jpg 728w\" sizes=\"(max-width: 300px) 100vw, 300px\" \/><\/figure>\n\n\n\n<p>\u2022 Se recomienda implementar filtros sanitarios en centros educativos, aislar a los pacientes, acudir oportunamente al m\u00e9dico y evitar el uso de antibi\u00f3ticos<\/p>\n\n\n\n<p>Oaxaca de Ju\u00e1rez, Oax., 6 de octubre de 2025.- Con el objetivo de reforzar las acciones de prevenci\u00f3n y control del virus Coxsackie, Servicios de Salud de Oaxaca (SSO) intensifica la vigilancia epidemiol\u00f3gica en todo el territorio estatal.<\/p>\n\n\n\n<p>El secretario de Salud, Efr\u00e9n Emmanuel Jarqu\u00edn Gonz\u00e1lez inform\u00f3 que esta infecci\u00f3n, conocida tambi\u00e9n como enfermedad de mano-pie-boca, es tratable y no pone en riesgo la vida de las personas; toda vez que, con atenci\u00f3n m\u00e9dica oportuna y cuidados adecuados, el padecimiento se autolimita en un lapso de entre 7 y 10 d\u00edas.<\/p>\n\n\n\n<p>Detall\u00f3 que la forma m\u00e1s efectiva de prevenir la propagaci\u00f3n del virus es mediante: una higiene personal adecuada, lavado frecuente de manos, desinfecci\u00f3n de superficies en centros de cuidado infantil y hogares, as\u00ed como la correcta eliminaci\u00f3n de heces fecales.<\/p>\n\n\n\n<p>La enfermedad afecta principalmente a lactantes, as\u00ed como a ni\u00f1as y ni\u00f1os menores de 5 a\u00f1os, tambi\u00e9n puede presentarse en adultos. Se caracteriza por fiebre, lesiones vesiculares en la mucosa oral y erupciones en las palmas de las manos y plantas de los pies.<\/p>\n\n\n\n<p>Hasta la semana epidemiol\u00f3gica n\u00famero 40, en Oaxaca se han registrado 753 casos acumulados: 369 personas del sexo masculino y 384 del femenino. Los grupos de edad m\u00e1s afectados son los de 1 a 4 a\u00f1os (396 casos) y 5 a 9 a\u00f1os (290 casos).<\/p>\n\n\n\n<p>Actualmente, se reportaron casos en 45 municipios del estado. Por Jurisdicci\u00f3n Sanitaria, Valles Centrales concentra 140; Istmo, 114; Tuxtepec, 70; Mixteca, 44 y Sierra, 41. Todos los pacientes han recibido atenci\u00f3n m\u00e9dica.<\/p>\n\n\n\n<p>Debido a la alta contagiosidad del virus, en casos sospechosos es fundamental mantener aislamiento domiciliario hasta la desaparici\u00f3n completa de los s\u00edntomas. Asimismo, se recomienda evitar el contacto cercano con personas susceptibles y mantener estrictas medidas de higiene.<\/p>\n\n\n\n<p>El secretario de Salud enfatiz\u00f3 la importancia de que los planteles educativos implementen filtros sanitarios para detectar oportunamente s\u00edntomas entre el alumnado y evitar brotes en las aulas. Adem\u00e1s, reiter\u00f3 la necesidad de acudir al m\u00e9dico ante cualquier signo de enfermedad y no utilizar antibi\u00f3ticos, ya que el virus no responde a este tipo de tratamiento.<\/p>\n\n\n\n<p>Ante la detecci\u00f3n de casos sospechosos, personal directivo de los centros escolares deber\u00e1 informar de inmediato al centro de salud m\u00e1s cercano para la valoraci\u00f3n m\u00e9dica y la aplicaci\u00f3n de acciones preventivas.<\/p>\n\n\n\n<p>El personal de la Unidad de Inteligencia para Emergencias en Salud (UIES), junto con profesionales de promoci\u00f3n de la salud, medicina y enfermer\u00eda, autoridades municipales, comit\u00e9s de padres de familia, personal docente y redes comunitarias; han intensificado las acciones de informaci\u00f3n, vigilancia y prevenci\u00f3n en estancias infantiles y escuelas de nivel preescolar, primaria y secundaria.<\/p>\n\n\n\n<p>-0-<\/p>\n","protected":false},"excerpt":{"rendered":"<p>\u2022 Hasta la semana epidemiol\u00f3gica n\u00famero 40 se registran 753 casos acumulados de la enfermedad&#8230;<\/p>\n","protected":false},"author":4,"featured_media":46570,"comment_status":"","ping_status":"open","sticky":false,"template":"","format":"standard","meta":{"footnotes":""},"categories":[92],"tags":[303],"jetpack_sharing_enabled":true,"featured_image_urls":{"full":["https:\/\/contextoanalisisperiodistico.com\/wp-content\/uploads\/2025\/10\/IMG-20251006-WA0074.jpg",800,600,false],"thumbnail":["https:\/\/contextoanalisisperiodistico.com\/wp-content\/uploads\/2025\/10\/IMG-20251006-WA0074-150x150.jpg",150,150,true],"medium":["https:\/\/contextoanalisisperiodistico.com\/wp-content\/uploads\/2025\/10\/IMG-20251006-WA0074-300x225.jpg",300,225,true],"medium_large":["https:\/\/contextoanalisisperiodistico.com\/wp-content\/uploads\/2025\/10\/IMG-20251006-WA0074-768x576.jpg",640,480,true],"large":["https:\/\/contextoanalisisperiodistico.com\/wp-content\/uploads\/2025\/10\/IMG-20251006-WA0074.jpg",640,480,false],"1536x1536":["https:\/\/contextoanalisisperiodistico.com\/wp-content\/uploads\/2025\/10\/IMG-20251006-WA0074.jpg",800,600,false],"2048x2048":["https:\/\/contextoanalisisperiodistico.com\/wp-content\/uploads\/2025\/10\/IMG-20251006-WA0074.jpg",800,600,false],"covernews-slider-full":["https:\/\/contextoanalisisperiodistico.com\/wp-content\/uploads\/2025\/10\/IMG-20251006-WA0074.jpg",800,600,false],"covernews-slider-center":["https:\/\/contextoanalisisperiodistico.com\/wp-content\/uploads\/2025\/10\/IMG-20251006-WA0074-800x500.jpg",800,500,true],"covernews-featured":["https:\/\/contextoanalisisperiodistico.com\/wp-content\/uploads\/2025\/10\/IMG-20251006-WA0074.jpg",800,600,false],"covernews-medium":["https:\/\/contextoanalisisperiodistico.com\/wp-content\/uploads\/2025\/10\/IMG-20251006-WA0074-540x340.jpg",540,340,true],"covernews-medium-square":["https:\/\/contextoanalisisperiodistico.com\/wp-content\/uploads\/2025\/10\/IMG-20251006-WA0074-400x250.jpg",400,250,true]},"author_info":{"display_name":"Mario Gir\u00f3n","author_link":"https:\/\/contextoanalisisperiodistico.com\/index.php\/author\/director\/"},"category_info":"<a href=\"https:\/\/contextoanalisisperiodistico.com\/index.php\/category\/salud\/\" rel=\"category tag\">Salud<\/a>","tag_info":"Salud","comment_count":"0","jetpack_featured_media_url":"https:\/\/contextoanalisisperiodistico.com\/wp-content\/uploads\/2025\/10\/IMG-20251006-WA0074.jpg","_links":{"self":[{"href":"https:\/\/contextoanalisisperiodistico.com\/index.php\/wp-json\/wp\/v2\/posts\/46573"}],"collection":[{"href":"https:\/\/contextoanalisisperiodistico.com\/index.php\/wp-json\/wp\/v2\/posts"}],"about":[{"href":"https:\/\/contextoanalisisperiodistico.com\/index.php\/wp-json\/wp\/v2\/types\/post"}],"author":[{"embeddable":true,"href":"https:\/\/contextoanalisisperiodistico.com\/index.php\/wp-json\/wp\/v2\/users\/4"}],"replies":[{"embeddable":true,"href":"https:\/\/contextoanalisisperiodistico.com\/index.php\/wp-json\/wp\/v2\/comments?post=46573"}],"version-history":[{"count":0,"href":"https:\/\/contextoanalisisperiodistico.com\/index.php\/wp-json\/wp\/v2\/posts\/46573\/revisions"}],"wp:featuredmedia":[{"embeddable":true,"href":"https:\/\/contextoanalisisperiodistico.com\/index.php\/wp-json\/wp\/v2\/media\/46570"}],"wp:attachment":[{"href":"https:\/\/contextoanalisisperiodistico.com\/index.php\/wp-json\/wp\/v2\/media?parent=46573"}],"wp:term":[{"taxonomy":"category","embeddable":true,"href":"https:\/\/contextoanalisisperiodistico.com\/index.php\/wp-json\/wp\/v2\/categories?post=46573"},{"taxonomy":"post_tag","embeddable":true,"href":"https:\/\/contextoanalisisperiodistico.com\/index.php\/wp-json\/wp\/v2\/tags?post=46573"}],"curies":[{"name":"wp","href":"https:\/\/api.w.org\/{rel}","templated":true}]}}