{"id":46569,"date":"2025-10-06T14:31:12","date_gmt":"2025-10-06T20:31:12","guid":{"rendered":"https:\/\/contextoanalisisperiodistico.com\/index.php\/2025\/10\/06\/policia-municipal-detiene-a-una-persona-por-el-presunto-delito-de-danos-2\/"},"modified":"2025-10-06T14:31:12","modified_gmt":"2025-10-06T20:31:12","slug":"policia-municipal-detiene-a-una-persona-por-el-presunto-delito-de-danos-2","status":"publish","type":"post","link":"https:\/\/contextoanalisisperiodistico.com\/index.php\/2025\/10\/06\/policia-municipal-detiene-a-una-persona-por-el-presunto-delito-de-danos-2\/","title":{"rendered":"Polic\u00eda Municipal detiene a una persona por el presunto delito de da\u00f1os"},"content":{"rendered":"<div id=\"fb-root\"><\/div>\n\n<p>Oaxaca de Ju\u00e1rez, Oax., 06 de octubre de 2025.- Personal de la Secretar\u00eda de Seguridad Vecinal realiz\u00f3 la detenci\u00f3n de una persona al ser se\u00f1alada como presunta responsable del delito de da\u00f1os, la cual qued\u00f3 a disposici\u00f3n de la autoridad ministerial.<\/p>\n\n\n\n<p>Los hechos tuvieron lugar el domingo a las 22:40 horas, cuando el C-4 alert\u00f3 a elementos de la Direcci\u00f3n de Proximidad Social para brindar un auxilio en un domicilio de la colonia Moctezuma de San Mart\u00edn Mexic\u00e1pam.<\/p>\n\n\n\n<p>Al arribar, una mujer pidi\u00f3 la detenci\u00f3n del sujeto a quien acus\u00f3 de haber causado da\u00f1os al port\u00f3n met\u00e1lico de su domicilio, as\u00ed como tambi\u00e9n presuntamente rompi\u00f3 el cristal de la ventanilla de un veh\u00edculo.<\/p>\n\n\n\n<p>Ante el se\u00f1alamiento directo, procedieron a la detenci\u00f3n de quien dijo llamarse H\u00e9ctor L. L., de 47 a\u00f1os de edad, quien qued\u00f3 a disposici\u00f3n del Ministerio P\u00fablico para determinar su situaci\u00f3n jur\u00eddica.<\/p>\n","protected":false},"excerpt":{"rendered":"<p>Oaxaca de Ju\u00e1rez, Oax., 06 de octubre de 2025.- Personal de la Secretar\u00eda de Seguridad&#8230;<\/p>\n","protected":false},"author":4,"featured_media":46568,"comment_status":"","ping_status":"open","sticky":false,"template":"","format":"standard","meta":{"footnotes":""},"categories":[10],"tags":[303],"jetpack_sharing_enabled":true,"featured_image_urls":{"full":["https:\/\/contextoanalisisperiodistico.com\/wp-content\/uploads\/2025\/10\/IMG-20251006-WA0070.jpg",503,609,false],"thumbnail":["https:\/\/contextoanalisisperiodistico.com\/wp-content\/uploads\/2025\/10\/IMG-20251006-WA0070-150x150.jpg",150,150,true],"medium":["https:\/\/contextoanalisisperiodistico.com\/wp-content\/uploads\/2025\/10\/IMG-20251006-WA0070-248x300.jpg",248,300,true],"medium_large":["https:\/\/contextoanalisisperiodistico.com\/wp-content\/uploads\/2025\/10\/IMG-20251006-WA0070.jpg",503,609,false],"large":["https:\/\/contextoanalisisperiodistico.com\/wp-content\/uploads\/2025\/10\/IMG-20251006-WA0070.jpg",503,609,false],"1536x1536":["https:\/\/contextoanalisisperiodistico.com\/wp-content\/uploads\/2025\/10\/IMG-20251006-WA0070.jpg",503,609,false],"2048x2048":["https:\/\/contextoanalisisperiodistico.com\/wp-content\/uploads\/2025\/10\/IMG-20251006-WA0070.jpg",503,609,false],"covernews-slider-full":["https:\/\/contextoanalisisperiodistico.com\/wp-content\/uploads\/2025\/10\/IMG-20251006-WA0070.jpg",503,609,false],"covernews-slider-center":["https:\/\/contextoanalisisperiodistico.com\/wp-content\/uploads\/2025\/10\/IMG-20251006-WA0070-503x500.jpg",503,500,true],"covernews-featured":["https:\/\/contextoanalisisperiodistico.com\/wp-content\/uploads\/2025\/10\/IMG-20251006-WA0070.jpg",503,609,false],"covernews-medium":["https:\/\/contextoanalisisperiodistico.com\/wp-content\/uploads\/2025\/10\/IMG-20251006-WA0070-503x340.jpg",503,340,true],"covernews-medium-square":["https:\/\/contextoanalisisperiodistico.com\/wp-content\/uploads\/2025\/10\/IMG-20251006-WA0070-400x250.jpg",400,250,true]},"author_info":{"display_name":"Mario Gir\u00f3n","author_link":"https:\/\/contextoanalisisperiodistico.com\/index.php\/author\/director\/"},"category_info":"<a href=\"https:\/\/contextoanalisisperiodistico.com\/index.php\/category\/seguridad\/\" rel=\"category tag\">Seguridad<\/a>","tag_info":"Seguridad","comment_count":"0","jetpack_featured_media_url":"https:\/\/contextoanalisisperiodistico.com\/wp-content\/uploads\/2025\/10\/IMG-20251006-WA0070.jpg","_links":{"self":[{"href":"https:\/\/contextoanalisisperiodistico.com\/index.php\/wp-json\/wp\/v2\/posts\/46569"}],"collection":[{"href":"https:\/\/contextoanalisisperiodistico.com\/index.php\/wp-json\/wp\/v2\/posts"}],"about":[{"href":"https:\/\/contextoanalisisperiodistico.com\/index.php\/wp-json\/wp\/v2\/types\/post"}],"author":[{"embeddable":true,"href":"https:\/\/contextoanalisisperiodistico.com\/index.php\/wp-json\/wp\/v2\/users\/4"}],"replies":[{"embeddable":true,"href":"https:\/\/contextoanalisisperiodistico.com\/index.php\/wp-json\/wp\/v2\/comments?post=46569"}],"version-history":[{"count":0,"href":"https:\/\/contextoanalisisperiodistico.com\/index.php\/wp-json\/wp\/v2\/posts\/46569\/revisions"}],"wp:featuredmedia":[{"embeddable":true,"href":"https:\/\/contextoanalisisperiodistico.com\/index.php\/wp-json\/wp\/v2\/media\/46568"}],"wp:attachment":[{"href":"https:\/\/contextoanalisisperiodistico.com\/index.php\/wp-json\/wp\/v2\/media?parent=46569"}],"wp:term":[{"taxonomy":"category","embeddable":true,"href":"https:\/\/contextoanalisisperiodistico.com\/index.php\/wp-json\/wp\/v2\/categories?post=46569"},{"taxonomy":"post_tag","embeddable":true,"href":"https:\/\/contextoanalisisperiodistico.com\/index.php\/wp-json\/wp\/v2\/tags?post=46569"}],"curies":[{"name":"wp","href":"https:\/\/api.w.org\/{rel}","templated":true}]}}