{"id":46567,"date":"2025-10-06T13:11:31","date_gmt":"2025-10-06T19:11:31","guid":{"rendered":"https:\/\/contextoanalisisperiodistico.com\/index.php\/2025\/10\/06\/reitera-salomon-jara-cruz-lealtad-con-proyecto-de-transformacion-que-encabeza-la-presidenta-claudia-sheinbaum\/"},"modified":"2025-10-06T13:11:31","modified_gmt":"2025-10-06T19:11:31","slug":"reitera-salomon-jara-cruz-lealtad-con-proyecto-de-transformacion-que-encabeza-la-presidenta-claudia-sheinbaum","status":"publish","type":"post","link":"https:\/\/contextoanalisisperiodistico.com\/index.php\/2025\/10\/06\/reitera-salomon-jara-cruz-lealtad-con-proyecto-de-transformacion-que-encabeza-la-presidenta-claudia-sheinbaum\/","title":{"rendered":"Reitera Salom\u00f3n Jara Cruz lealtad con proyecto de transformaci\u00f3n que encabeza la Presidenta Claudia Sheinbaum"},"content":{"rendered":"<div id=\"fb-root\"><\/div>\n\n<p>\u2022 El Mandatario estatal acompa\u00f1\u00f3 a la titular del Poder Ejecutivo Federal en el cierre de la gira nacional de su Primer Informe de Gobierno; a quien le refrend\u00f3 su disposici\u00f3n para trabajar en unidad<\/p>\n\n\n\n<figure class=\"wp-block-image size-large\"><img fetchpriority=\"high\" decoding=\"async\" width=\"1024\" height=\"682\" src=\"https:\/\/contextoanalisisperiodistico.com\/wp-content\/uploads\/2025\/10\/img-20251006-wa00595861174009045843799-1024x682.jpg\" alt=\"\" class=\"wp-image-46566\" srcset=\"https:\/\/contextoanalisisperiodistico.com\/wp-content\/uploads\/2025\/10\/img-20251006-wa00595861174009045843799-1024x682.jpg 1024w, https:\/\/contextoanalisisperiodistico.com\/wp-content\/uploads\/2025\/10\/img-20251006-wa00595861174009045843799-300x200.jpg 300w, https:\/\/contextoanalisisperiodistico.com\/wp-content\/uploads\/2025\/10\/img-20251006-wa00595861174009045843799-768x512.jpg 768w, https:\/\/contextoanalisisperiodistico.com\/wp-content\/uploads\/2025\/10\/img-20251006-wa00595861174009045843799-1536x1023.jpg 1536w, https:\/\/contextoanalisisperiodistico.com\/wp-content\/uploads\/2025\/10\/img-20251006-wa00595861174009045843799.jpg 1600w\" sizes=\"(max-width: 1024px) 100vw, 1024px\" \/><\/figure>\n\n\n\n<p>\u2022 A nivel nacional se redujo de manera significativa la pobreza y desigualdad mediante los programas de Bienestar<\/p>\n\n\n\n<p>Oaxaca de Ju\u00e1rez, Oax. 6 de octubre de 2025.- El Gobernador Salom\u00f3n Jara Cruz reiter\u00f3 la lealtad de la Primavera Oaxaque\u00f1a con el proyecto de transformaci\u00f3n que encabeza la Presidenta Claudia Sheinbaum Pardo; as\u00ed como la determinaci\u00f3n para dar continuidad al humanismo mexicano y consolidar el bienestar del pueblo.<\/p>\n\n\n\n<p>\u201cCon unidad, honestidad y trabajo conjunto, seguiremos construyendo un M\u00e9xico m\u00e1s justo, pr\u00f3spero y libre, donde el poder p\u00fablico se ejerza siempre al servicio del pueblo\u201d, afirm\u00f3 en conferencia de prensa.<\/p>\n\n\n\n<p>El Mandatario estatal comparti\u00f3 que miles de oaxaque\u00f1as y oaxaque\u00f1os se dieron cita en la Ciudad de M\u00e9xico para acompa\u00f1ar a la titular del Poder Ejecutivo Federal en el cierre de la gira nacional de su Primer Informe de Gobierno y celebrar que la transformaci\u00f3n avanza con el nuevo sistema de gobierno, que coloca al ser humano y su dignidad en el centro de las decisiones p\u00fablicas.<\/p>\n\n\n\n<p>\u201cEs la primera mujer que dirige los destinos de nuestra naci\u00f3n y lo hace con gran liderazgo, ha quedado demostrado que es posible gobernar con congruencia y fortalecer un modelo de desarrollo centrado en la justicia social, la igualdad y la soberan\u00eda nacional\u201d, expres\u00f3.<\/p>\n\n\n\n<p>En este sentido, Jara Cruz celebr\u00f3 la significativa reducci\u00f3n de la pobreza y desigualdad a nivel nacional, al pasar del 41.9 al 29.5 por ciento, mediante los programas Bienestar, que benefician principalmente a personas mayores con pensiones y apoyos a quienes tienen discapacidad; mientras que, en las comunidades en mayor situaci\u00f3n de vulnerabilidad, se emprenden acciones estrat\u00e9gicas.<\/p>\n\n\n\n<p>En materia educativa se ampliaron las becas, mejor\u00f3 la infraestructura escolar y se fortaleci\u00f3 el sistema p\u00fablico; adem\u00e1s, se priorizan las pol\u00edticas de g\u00e9nero e inclusi\u00f3n en favor de mujeres, j\u00f3venes y pueblos originarios.<\/p>\n\n\n\n<p>En cuanto a seguridad, la federaci\u00f3n ha profundizado la coordinaci\u00f3n entre niveles de gobierno, logrando una reducci\u00f3n sostenida en los \u00edndices de violencia de alto impacto.<\/p>\n\n\n\n<p>Asimismo, se impulsa una pol\u00edtica h\u00eddrica nacional con inversiones hist\u00f3ricas en infraestructura y tecnificaci\u00f3n; el programa Vivienda para el Bienestar avanza con la construcci\u00f3n de hogares dignos y la rehabilitaci\u00f3n de casas abandonadas; se rescat\u00f3 la Comisi\u00f3n Federal de Electricidad (CFE) y Petr\u00f3leos Mexicanos (Pemex); en infraestructura, se desarrollan obras estrat\u00e9gicas de transporte y conectividad, entre otras obras.<\/p>\n\n\n\n<p>-0-<\/p>\n","protected":false},"excerpt":{"rendered":"<p>\u2022 El Mandatario estatal acompa\u00f1\u00f3 a la titular del Poder Ejecutivo Federal en el cierre&#8230;<\/p>\n","protected":false},"author":4,"featured_media":46565,"comment_status":"","ping_status":"open","sticky":false,"template":"","format":"standard","meta":{"footnotes":""},"categories":[9],"tags":[303],"jetpack_sharing_enabled":true,"featured_image_urls":{"full":["https:\/\/contextoanalisisperiodistico.com\/wp-content\/uploads\/2025\/10\/IMG-20251006-WA0060.jpg",1600,1066,false],"thumbnail":["https:\/\/contextoanalisisperiodistico.com\/wp-content\/uploads\/2025\/10\/IMG-20251006-WA0060-150x150.jpg",150,150,true],"medium":["https:\/\/contextoanalisisperiodistico.com\/wp-content\/uploads\/2025\/10\/IMG-20251006-WA0060-300x200.jpg",300,200,true],"medium_large":["https:\/\/contextoanalisisperiodistico.com\/wp-content\/uploads\/2025\/10\/IMG-20251006-WA0060-768x512.jpg",640,427,true],"large":["https:\/\/contextoanalisisperiodistico.com\/wp-content\/uploads\/2025\/10\/IMG-20251006-WA0060-1024x682.jpg",640,426,true],"1536x1536":["https:\/\/contextoanalisisperiodistico.com\/wp-content\/uploads\/2025\/10\/IMG-20251006-WA0060-1536x1023.jpg",1536,1023,true],"2048x2048":["https:\/\/contextoanalisisperiodistico.com\/wp-content\/uploads\/2025\/10\/IMG-20251006-WA0060.jpg",1600,1066,false],"covernews-slider-full":["https:\/\/contextoanalisisperiodistico.com\/wp-content\/uploads\/2025\/10\/IMG-20251006-WA0060-1115x715.jpg",1115,715,true],"covernews-slider-center":["https:\/\/contextoanalisisperiodistico.com\/wp-content\/uploads\/2025\/10\/IMG-20251006-WA0060-800x500.jpg",800,500,true],"covernews-featured":["https:\/\/contextoanalisisperiodistico.com\/wp-content\/uploads\/2025\/10\/IMG-20251006-WA0060-1024x682.jpg",1024,682,true],"covernews-medium":["https:\/\/contextoanalisisperiodistico.com\/wp-content\/uploads\/2025\/10\/IMG-20251006-WA0060-540x340.jpg",540,340,true],"covernews-medium-square":["https:\/\/contextoanalisisperiodistico.com\/wp-content\/uploads\/2025\/10\/IMG-20251006-WA0060-400x250.jpg",400,250,true]},"author_info":{"display_name":"Mario Gir\u00f3n","author_link":"https:\/\/contextoanalisisperiodistico.com\/index.php\/author\/director\/"},"category_info":"<a href=\"https:\/\/contextoanalisisperiodistico.com\/index.php\/category\/politica\/\" rel=\"category tag\">Pol\u00edtica<\/a>","tag_info":"Pol\u00edtica","comment_count":"0","jetpack_featured_media_url":"https:\/\/contextoanalisisperiodistico.com\/wp-content\/uploads\/2025\/10\/IMG-20251006-WA0060.jpg","_links":{"self":[{"href":"https:\/\/contextoanalisisperiodistico.com\/index.php\/wp-json\/wp\/v2\/posts\/46567"}],"collection":[{"href":"https:\/\/contextoanalisisperiodistico.com\/index.php\/wp-json\/wp\/v2\/posts"}],"about":[{"href":"https:\/\/contextoanalisisperiodistico.com\/index.php\/wp-json\/wp\/v2\/types\/post"}],"author":[{"embeddable":true,"href":"https:\/\/contextoanalisisperiodistico.com\/index.php\/wp-json\/wp\/v2\/users\/4"}],"replies":[{"embeddable":true,"href":"https:\/\/contextoanalisisperiodistico.com\/index.php\/wp-json\/wp\/v2\/comments?post=46567"}],"version-history":[{"count":0,"href":"https:\/\/contextoanalisisperiodistico.com\/index.php\/wp-json\/wp\/v2\/posts\/46567\/revisions"}],"wp:featuredmedia":[{"embeddable":true,"href":"https:\/\/contextoanalisisperiodistico.com\/index.php\/wp-json\/wp\/v2\/media\/46565"}],"wp:attachment":[{"href":"https:\/\/contextoanalisisperiodistico.com\/index.php\/wp-json\/wp\/v2\/media?parent=46567"}],"wp:term":[{"taxonomy":"category","embeddable":true,"href":"https:\/\/contextoanalisisperiodistico.com\/index.php\/wp-json\/wp\/v2\/categories?post=46567"},{"taxonomy":"post_tag","embeddable":true,"href":"https:\/\/contextoanalisisperiodistico.com\/index.php\/wp-json\/wp\/v2\/tags?post=46567"}],"curies":[{"name":"wp","href":"https:\/\/api.w.org\/{rel}","templated":true}]}}