{"id":46531,"date":"2025-10-03T16:49:36","date_gmt":"2025-10-03T22:49:36","guid":{"rendered":"https:\/\/contextoanalisisperiodistico.com\/index.php\/2025\/10\/03\/capacita-sso-a-personal-en-prevencion-y-control-de-riesgos-de-trabajo\/"},"modified":"2025-10-03T16:49:36","modified_gmt":"2025-10-03T22:49:36","slug":"capacita-sso-a-personal-en-prevencion-y-control-de-riesgos-de-trabajo","status":"publish","type":"post","link":"https:\/\/contextoanalisisperiodistico.com\/index.php\/2025\/10\/03\/capacita-sso-a-personal-en-prevencion-y-control-de-riesgos-de-trabajo\/","title":{"rendered":"Capacita SSO a personal en prevenci\u00f3n y control de riesgos de trabajo"},"content":{"rendered":"<div id=\"fb-root\"><\/div>\n\n<p>\u2022 M\u00e1s de 70 trabajadoras y trabajadores fortalecen sus conocimientos para integrar comisiones de Seguridad, Higiene y Medio Ambiente en el Trabajo<\/p>\n\n\n\n<figure class=\"wp-block-image size-large\"><img fetchpriority=\"high\" decoding=\"async\" width=\"800\" height=\"349\" src=\"https:\/\/contextoanalisisperiodistico.com\/wp-content\/uploads\/2025\/10\/img-20251003-wa00904892523773060804446.jpg\" alt=\"\" class=\"wp-image-46528\" srcset=\"https:\/\/contextoanalisisperiodistico.com\/wp-content\/uploads\/2025\/10\/img-20251003-wa00904892523773060804446.jpg 800w, https:\/\/contextoanalisisperiodistico.com\/wp-content\/uploads\/2025\/10\/img-20251003-wa00904892523773060804446-300x131.jpg 300w, https:\/\/contextoanalisisperiodistico.com\/wp-content\/uploads\/2025\/10\/img-20251003-wa00904892523773060804446-768x335.jpg 768w\" sizes=\"(max-width: 800px) 100vw, 800px\" \/><\/figure>\n\n\n\n<figure class=\"wp-block-image\"><img decoding=\"async\" width=\"682\" height=\"1024\" src=\"https:\/\/contextoanalisisperiodistico.com\/wp-content\/uploads\/2025\/10\/img-20251003-wa0087582112067674294416-682x1024.jpg\" alt=\"\" class=\"wp-image-46529\" srcset=\"https:\/\/contextoanalisisperiodistico.com\/wp-content\/uploads\/2025\/10\/img-20251003-wa0087582112067674294416-682x1024.jpg 682w, https:\/\/contextoanalisisperiodistico.com\/wp-content\/uploads\/2025\/10\/img-20251003-wa0087582112067674294416-200x300.jpg 200w, https:\/\/contextoanalisisperiodistico.com\/wp-content\/uploads\/2025\/10\/img-20251003-wa0087582112067674294416-768x1152.jpg 768w, https:\/\/contextoanalisisperiodistico.com\/wp-content\/uploads\/2025\/10\/img-20251003-wa0087582112067674294416.jpg 853w\" sizes=\"(max-width: 682px) 100vw, 682px\" \/><\/figure>\n\n\n\n<figure class=\"wp-block-image\"><img decoding=\"async\" width=\"300\" height=\"168\" src=\"https:\/\/contextoanalisisperiodistico.com\/wp-content\/uploads\/2025\/10\/img-20251003-wa00893981129952396591071-300x168.jpg\" alt=\"\" class=\"wp-image-46530\" srcset=\"https:\/\/contextoanalisisperiodistico.com\/wp-content\/uploads\/2025\/10\/img-20251003-wa00893981129952396591071-300x168.jpg 300w, https:\/\/contextoanalisisperiodistico.com\/wp-content\/uploads\/2025\/10\/img-20251003-wa00893981129952396591071-768x431.jpg 768w, https:\/\/contextoanalisisperiodistico.com\/wp-content\/uploads\/2025\/10\/img-20251003-wa00893981129952396591071.jpg 800w\" sizes=\"(max-width: 300px) 100vw, 300px\" \/><\/figure>\n\n\n\n<p>Oaxaca de Ju\u00e1rez, Oax., 3 de octubre de 2025.- Con el compromiso de impulsar entornos laborales seguros, saludables y productivos; Servicios de Salud de Oaxaca (SSO) llev\u00f3 a cabo una jornada de capacitaci\u00f3n dirigida a m\u00e1s de 70 trabajadores y trabajadoras sobre la prevenci\u00f3n, identificaci\u00f3n y control de riesgos.<\/p>\n\n\n\n<p>En este marco se abord\u00f3 tambi\u00e9n la integraci\u00f3n y funcionamiento de las comisiones de Seguridad, Higiene y Medio Ambiente en el Trabajo.<\/p>\n\n\n\n<p>En representaci\u00f3n del secretario de Salud, Efr\u00e9n Emmanuel Jarqu\u00edn Gonz\u00e1lez; el subdirector general de Administraci\u00f3n y Finanzas de SSO, Octavio Torres Castillo se\u00f1al\u00f3 que este tipo de adiestramientos permiten fortalecer las capacidades institucionales para anticipar y atender riesgos laborales, adem\u00e1s de consolidar una cultura de prevenci\u00f3n y seguridad en todas las \u00e1reas de la dependencia.<\/p>\n\n\n\n<p>Destac\u00f3 que la seguridad laboral no solo es una obligaci\u00f3n normativa, sino una responsabilidad \u00e9tica y social que protege al recurso m\u00e1s valioso de la instituci\u00f3n: su personal. En este marco, agradeci\u00f3 la colaboraci\u00f3n del Instituto de Seguridad y Servicios Sociales de los Trabajadores del Estado (ISSSTE) por sumar esfuerzos con SSO en la protecci\u00f3n de la base trabajadora.<\/p>\n\n\n\n<p>Por su parte, el director de Administraci\u00f3n de SSO y secretario t\u00e9cnico de la Comisi\u00f3n Estatal de Seguridad y Salud en el Trabajo, Alejo Esa\u00fa Ram\u00edrez subray\u00f3 el compromiso de la instituci\u00f3n de garantizar el cumplimiento de las regulaciones y normativas en la materia, con el objetivo de salvaguardar la vida y salud del personal, que a su vez contribuye a una mayor eficiencia operativa y a fortalecer la responsabilidad social de la dependencia.<\/p>\n\n\n\n<p>Finalmente, hizo un llamado a la corresponsabilidad y al trabajo en equipo. \u201cDebemos sumar esfuerzos para evitar riesgos. Todas y todos somos responsables de generar un ambiente laboral sano y seguro que reduzca accidentes y garantice bienestar para quienes integran esta instituci\u00f3n\u201d.<\/p>\n\n\n\n<p>-0-<\/p>\n","protected":false},"excerpt":{"rendered":"<p>\u2022 M\u00e1s de 70 trabajadoras y trabajadores fortalecen sus conocimientos para integrar comisiones de Seguridad,&#8230;<\/p>\n","protected":false},"author":4,"featured_media":46527,"comment_status":"","ping_status":"open","sticky":false,"template":"","format":"standard","meta":{"footnotes":""},"categories":[92],"tags":[303],"jetpack_sharing_enabled":true,"featured_image_urls":{"full":["https:\/\/contextoanalisisperiodistico.com\/wp-content\/uploads\/2025\/10\/IMG-20251003-WA0086.jpg",724,800,false],"thumbnail":["https:\/\/contextoanalisisperiodistico.com\/wp-content\/uploads\/2025\/10\/IMG-20251003-WA0086-150x150.jpg",150,150,true],"medium":["https:\/\/contextoanalisisperiodistico.com\/wp-content\/uploads\/2025\/10\/IMG-20251003-WA0086-272x300.jpg",272,300,true],"medium_large":["https:\/\/contextoanalisisperiodistico.com\/wp-content\/uploads\/2025\/10\/IMG-20251003-WA0086.jpg",640,707,false],"large":["https:\/\/contextoanalisisperiodistico.com\/wp-content\/uploads\/2025\/10\/IMG-20251003-WA0086.jpg",640,707,false],"1536x1536":["https:\/\/contextoanalisisperiodistico.com\/wp-content\/uploads\/2025\/10\/IMG-20251003-WA0086.jpg",724,800,false],"2048x2048":["https:\/\/contextoanalisisperiodistico.com\/wp-content\/uploads\/2025\/10\/IMG-20251003-WA0086.jpg",724,800,false],"covernews-slider-full":["https:\/\/contextoanalisisperiodistico.com\/wp-content\/uploads\/2025\/10\/IMG-20251003-WA0086-724x715.jpg",724,715,true],"covernews-slider-center":["https:\/\/contextoanalisisperiodistico.com\/wp-content\/uploads\/2025\/10\/IMG-20251003-WA0086-724x500.jpg",724,500,true],"covernews-featured":["https:\/\/contextoanalisisperiodistico.com\/wp-content\/uploads\/2025\/10\/IMG-20251003-WA0086.jpg",724,800,false],"covernews-medium":["https:\/\/contextoanalisisperiodistico.com\/wp-content\/uploads\/2025\/10\/IMG-20251003-WA0086-540x340.jpg",540,340,true],"covernews-medium-square":["https:\/\/contextoanalisisperiodistico.com\/wp-content\/uploads\/2025\/10\/IMG-20251003-WA0086-400x250.jpg",400,250,true]},"author_info":{"display_name":"Mario Gir\u00f3n","author_link":"https:\/\/contextoanalisisperiodistico.com\/index.php\/author\/director\/"},"category_info":"<a href=\"https:\/\/contextoanalisisperiodistico.com\/index.php\/category\/salud\/\" rel=\"category tag\">Salud<\/a>","tag_info":"Salud","comment_count":"0","jetpack_featured_media_url":"https:\/\/contextoanalisisperiodistico.com\/wp-content\/uploads\/2025\/10\/IMG-20251003-WA0086.jpg","_links":{"self":[{"href":"https:\/\/contextoanalisisperiodistico.com\/index.php\/wp-json\/wp\/v2\/posts\/46531"}],"collection":[{"href":"https:\/\/contextoanalisisperiodistico.com\/index.php\/wp-json\/wp\/v2\/posts"}],"about":[{"href":"https:\/\/contextoanalisisperiodistico.com\/index.php\/wp-json\/wp\/v2\/types\/post"}],"author":[{"embeddable":true,"href":"https:\/\/contextoanalisisperiodistico.com\/index.php\/wp-json\/wp\/v2\/users\/4"}],"replies":[{"embeddable":true,"href":"https:\/\/contextoanalisisperiodistico.com\/index.php\/wp-json\/wp\/v2\/comments?post=46531"}],"version-history":[{"count":0,"href":"https:\/\/contextoanalisisperiodistico.com\/index.php\/wp-json\/wp\/v2\/posts\/46531\/revisions"}],"wp:featuredmedia":[{"embeddable":true,"href":"https:\/\/contextoanalisisperiodistico.com\/index.php\/wp-json\/wp\/v2\/media\/46527"}],"wp:attachment":[{"href":"https:\/\/contextoanalisisperiodistico.com\/index.php\/wp-json\/wp\/v2\/media?parent=46531"}],"wp:term":[{"taxonomy":"category","embeddable":true,"href":"https:\/\/contextoanalisisperiodistico.com\/index.php\/wp-json\/wp\/v2\/categories?post=46531"},{"taxonomy":"post_tag","embeddable":true,"href":"https:\/\/contextoanalisisperiodistico.com\/index.php\/wp-json\/wp\/v2\/tags?post=46531"}],"curies":[{"name":"wp","href":"https:\/\/api.w.org\/{rel}","templated":true}]}}