{"id":46513,"date":"2025-10-03T12:47:21","date_gmt":"2025-10-03T18:47:21","guid":{"rendered":"https:\/\/contextoanalisisperiodistico.com\/index.php\/2025\/10\/03\/destaca-salomon-jara-acciones-impulsadas-en-materia-de-conservacion-del-patrimonio-natural\/"},"modified":"2025-10-03T12:47:21","modified_gmt":"2025-10-03T18:47:21","slug":"destaca-salomon-jara-acciones-impulsadas-en-materia-de-conservacion-del-patrimonio-natural","status":"publish","type":"post","link":"https:\/\/contextoanalisisperiodistico.com\/index.php\/2025\/10\/03\/destaca-salomon-jara-acciones-impulsadas-en-materia-de-conservacion-del-patrimonio-natural\/","title":{"rendered":"Destaca Salom\u00f3n Jara acciones impulsadas en materia de conservaci\u00f3n del patrimonio natural"},"content":{"rendered":"<div id=\"fb-root\"><\/div>\n\n<p>\u2022 Durante la visita de la titular de la Semarnat, Alicia B\u00e1rcena; Coesfo y Sefader detallaron c\u00f3mo se protegen los bosques y se procura la autosuficiencia alimentaria con mejores granos<\/p>\n\n\n\n\n\n<figure class=\"wp-block-image size-large\"><img fetchpriority=\"high\" decoding=\"async\" width=\"1024\" height=\"683\" src=\"https:\/\/contextoanalisisperiodistico.com\/wp-content\/uploads\/2025\/10\/img-20251003-wa0052527149859811733001-1024x683.jpg\" alt=\"\" class=\"wp-image-46509\" srcset=\"https:\/\/contextoanalisisperiodistico.com\/wp-content\/uploads\/2025\/10\/img-20251003-wa0052527149859811733001-1024x683.jpg 1024w, https:\/\/contextoanalisisperiodistico.com\/wp-content\/uploads\/2025\/10\/img-20251003-wa0052527149859811733001-300x200.jpg 300w, https:\/\/contextoanalisisperiodistico.com\/wp-content\/uploads\/2025\/10\/img-20251003-wa0052527149859811733001-768x512.jpg 768w, https:\/\/contextoanalisisperiodistico.com\/wp-content\/uploads\/2025\/10\/img-20251003-wa0052527149859811733001.jpg 1200w\" sizes=\"(max-width: 1024px) 100vw, 1024px\" \/><\/figure>\n\n\n\n<figure class=\"wp-block-image\"><img decoding=\"async\" width=\"1024\" height=\"683\" src=\"https:\/\/contextoanalisisperiodistico.com\/wp-content\/uploads\/2025\/10\/img-20251003-wa00588546132003774650208-1024x683.jpg\" alt=\"\" class=\"wp-image-46507\" srcset=\"https:\/\/contextoanalisisperiodistico.com\/wp-content\/uploads\/2025\/10\/img-20251003-wa00588546132003774650208-1024x683.jpg 1024w, https:\/\/contextoanalisisperiodistico.com\/wp-content\/uploads\/2025\/10\/img-20251003-wa00588546132003774650208-300x200.jpg 300w, https:\/\/contextoanalisisperiodistico.com\/wp-content\/uploads\/2025\/10\/img-20251003-wa00588546132003774650208-768x512.jpg 768w, https:\/\/contextoanalisisperiodistico.com\/wp-content\/uploads\/2025\/10\/img-20251003-wa00588546132003774650208.jpg 1200w\" sizes=\"(max-width: 1024px) 100vw, 1024px\" \/><\/figure>\n\n\n\n<figure class=\"wp-block-image\"><img decoding=\"async\" width=\"1024\" height=\"683\" src=\"https:\/\/contextoanalisisperiodistico.com\/wp-content\/uploads\/2025\/10\/img-20251003-wa00501382563885245522509-1024x683.jpg\" alt=\"\" class=\"wp-image-46508\" srcset=\"https:\/\/contextoanalisisperiodistico.com\/wp-content\/uploads\/2025\/10\/img-20251003-wa00501382563885245522509-1024x683.jpg 1024w, https:\/\/contextoanalisisperiodistico.com\/wp-content\/uploads\/2025\/10\/img-20251003-wa00501382563885245522509-300x200.jpg 300w, https:\/\/contextoanalisisperiodistico.com\/wp-content\/uploads\/2025\/10\/img-20251003-wa00501382563885245522509-768x512.jpg 768w, https:\/\/contextoanalisisperiodistico.com\/wp-content\/uploads\/2025\/10\/img-20251003-wa00501382563885245522509.jpg 1200w\" sizes=\"(max-width: 1024px) 100vw, 1024px\" \/><\/figure>\n\n\n\n<figure class=\"wp-block-image\"><img loading=\"lazy\" decoding=\"async\" width=\"1024\" height=\"683\" src=\"https:\/\/contextoanalisisperiodistico.com\/wp-content\/uploads\/2025\/10\/img-20251003-wa00572457459537263831250-1024x683.jpg\" alt=\"\" class=\"wp-image-46511\" srcset=\"https:\/\/contextoanalisisperiodistico.com\/wp-content\/uploads\/2025\/10\/img-20251003-wa00572457459537263831250-1024x683.jpg 1024w, https:\/\/contextoanalisisperiodistico.com\/wp-content\/uploads\/2025\/10\/img-20251003-wa00572457459537263831250-300x200.jpg 300w, https:\/\/contextoanalisisperiodistico.com\/wp-content\/uploads\/2025\/10\/img-20251003-wa00572457459537263831250-768x512.jpg 768w, https:\/\/contextoanalisisperiodistico.com\/wp-content\/uploads\/2025\/10\/img-20251003-wa00572457459537263831250.jpg 1200w\" sizes=\"(max-width: 1024px) 100vw, 1024px\" \/><\/figure>\n\n\n\n<figure class=\"wp-block-image\"><img loading=\"lazy\" decoding=\"async\" width=\"1024\" height=\"683\" src=\"https:\/\/contextoanalisisperiodistico.com\/wp-content\/uploads\/2025\/10\/img-20251003-wa0056651097512952240180-1024x683.jpg\" alt=\"\" class=\"wp-image-46510\" srcset=\"https:\/\/contextoanalisisperiodistico.com\/wp-content\/uploads\/2025\/10\/img-20251003-wa0056651097512952240180-1024x683.jpg 1024w, https:\/\/contextoanalisisperiodistico.com\/wp-content\/uploads\/2025\/10\/img-20251003-wa0056651097512952240180-300x200.jpg 300w, https:\/\/contextoanalisisperiodistico.com\/wp-content\/uploads\/2025\/10\/img-20251003-wa0056651097512952240180-768x512.jpg 768w, https:\/\/contextoanalisisperiodistico.com\/wp-content\/uploads\/2025\/10\/img-20251003-wa0056651097512952240180.jpg 1200w\" sizes=\"(max-width: 1024px) 100vw, 1024px\" \/><\/figure>\n\n\n\n<figure class=\"wp-block-image\"><img loading=\"lazy\" decoding=\"async\" width=\"1024\" height=\"683\" src=\"https:\/\/contextoanalisisperiodistico.com\/wp-content\/uploads\/2025\/10\/img-20251003-wa00531351372260707487360-1024x683.jpg\" alt=\"\" class=\"wp-image-46512\" srcset=\"https:\/\/contextoanalisisperiodistico.com\/wp-content\/uploads\/2025\/10\/img-20251003-wa00531351372260707487360-1024x683.jpg 1024w, https:\/\/contextoanalisisperiodistico.com\/wp-content\/uploads\/2025\/10\/img-20251003-wa00531351372260707487360-300x200.jpg 300w, https:\/\/contextoanalisisperiodistico.com\/wp-content\/uploads\/2025\/10\/img-20251003-wa00531351372260707487360-768x512.jpg 768w, https:\/\/contextoanalisisperiodistico.com\/wp-content\/uploads\/2025\/10\/img-20251003-wa00531351372260707487360.jpg 1200w\" sizes=\"(max-width: 1024px) 100vw, 1024px\" \/><\/figure>\n\n\n\n<p>Santa Cruz Xoxocotl\u00e1n, Oax. 3 de octubre de 2025.- En el marco de la visita a Oaxaca de la titular de la Secretar\u00eda de Medio Ambiente y Recursos Naturales (Semarnat) del Gobierno de M\u00e9xico, Alicia B\u00e1rcena Ibarra; el Gobernador Salom\u00f3n Jara Cruz dio a conocer las acciones impulsadas en materia de conservaci\u00f3n del patrimonio natural.<\/p>\n\n\n\n<p>Desde el vivero del Bosque El Tequio se inform\u00f3 que en la Primavera Oaxaque\u00f1a se implementa el programa Reforesta Oaxaca mediante el cual se trabaja en la reforestaci\u00f3n, sanidad, protecci\u00f3n y fomento de la riqueza natural.<\/p>\n\n\n\n<p>Esto mediante los 37 viveros establecidos en el estado, que producen 86 especies de \u00e1rboles y plantas nativas; con las cuales, a la fecha, se han restaurado 10 mil 500 hect\u00e1reas; detall\u00f3 la Comisi\u00f3n Estatal Forestal (Coesfo).<\/p>\n\n\n\n<p>La titular de esta dependencia, Magdalena Coello Castillo expuso que la meta este a\u00f1o es reforestar 12 mil hect\u00e1reas y 20 mil hect\u00e1reas para el 2026; para ello se instalar\u00e1n 10 viveros m\u00e1s en la entidad. En estas acciones, el Gobierno de Oaxaca ha destinado 283 millones de pesos.<\/p>\n\n\n\n<p>En materia de sanidad, con una inversi\u00f3n de 19 millones de pesos, en 2025 se atiende un promedio de 9 mil hect\u00e1reas y se combate al insecto defoliador por tercer a\u00f1o consecutivo en las regiones: Sierra Sur, Costa, Mixteca y Sierra de Ju\u00e1rez; a trav\u00e9s de un m\u00e9todo innovador que emplea un dron.<\/p>\n\n\n\n<p>En tanto, la entidad tiene el fondo concurrente m\u00e1s grande de M\u00e9xico que se ejercer\u00e1 de manera conjunta con la Comisi\u00f3n Natural Forestal (Conafor), para atender, en un inicio, 23 mil hect\u00e1reas en Valles Centrales, Sierra Sur y Cuenca del Papaloapan.<\/p>\n\n\n\n<p>En el tema de protecci\u00f3n y vigilancia agreste, as\u00ed como el combate de incendios en estos espacios, Oaxaca es una de las entidades que m\u00e1s atenci\u00f3n brinda a trav\u00e9s de 21 brigadas. Este a\u00f1o, se sofocaron 187 incendios en coordinaci\u00f3n con personas comuneras y autoridades municipales con una inversi\u00f3n de aproximadamente 55.5 millones de pesos.<\/p>\n\n\n\n<p>En el marco de esta visita, a trav\u00e9s de la Secretar\u00eda de Fomento Agroalimentario y Desarrollo Rural (Sefader), se mostraron los m\u00f3dulos de investigaci\u00f3n de ma\u00edces nativos y del sistema milpa, que fortalece la calidad gen\u00e9tica que se siembra en el estado.<\/p>\n\n\n\n<p>El titular de la Sefader, V\u00edctor L\u00f3pez Leyva destac\u00f3 la meta de 100 bancos comunitarios de semillas a instalar en el estado durante el pr\u00f3ximo a\u00f1o y conservar la diversidad que tiene Oaxaca en plantas, que permitir\u00e1 alcanzar la soberan\u00eda alimentaria.<\/p>\n\n\n\n<p>-0-<\/p>\n","protected":false},"excerpt":{"rendered":"<p>\u2022 Durante la visita de la titular de la Semarnat, Alicia B\u00e1rcena; Coesfo y Sefader&#8230;<\/p>\n","protected":false},"author":4,"featured_media":46506,"comment_status":"","ping_status":"open","sticky":false,"template":"","format":"standard","meta":{"footnotes":""},"categories":[9],"tags":[303],"jetpack_sharing_enabled":true,"featured_image_urls":{"full":["https:\/\/contextoanalisisperiodistico.com\/wp-content\/uploads\/2025\/10\/IMG-20251003-WA0055.jpg",1200,800,false],"thumbnail":["https:\/\/contextoanalisisperiodistico.com\/wp-content\/uploads\/2025\/10\/IMG-20251003-WA0055-150x150.jpg",150,150,true],"medium":["https:\/\/contextoanalisisperiodistico.com\/wp-content\/uploads\/2025\/10\/IMG-20251003-WA0055-300x200.jpg",300,200,true],"medium_large":["https:\/\/contextoanalisisperiodistico.com\/wp-content\/uploads\/2025\/10\/IMG-20251003-WA0055-768x512.jpg",640,427,true],"large":["https:\/\/contextoanalisisperiodistico.com\/wp-content\/uploads\/2025\/10\/IMG-20251003-WA0055-1024x683.jpg",640,427,true],"1536x1536":["https:\/\/contextoanalisisperiodistico.com\/wp-content\/uploads\/2025\/10\/IMG-20251003-WA0055.jpg",1200,800,false],"2048x2048":["https:\/\/contextoanalisisperiodistico.com\/wp-content\/uploads\/2025\/10\/IMG-20251003-WA0055.jpg",1200,800,false],"covernews-slider-full":["https:\/\/contextoanalisisperiodistico.com\/wp-content\/uploads\/2025\/10\/IMG-20251003-WA0055-1115x715.jpg",1115,715,true],"covernews-slider-center":["https:\/\/contextoanalisisperiodistico.com\/wp-content\/uploads\/2025\/10\/IMG-20251003-WA0055-800x500.jpg",800,500,true],"covernews-featured":["https:\/\/contextoanalisisperiodistico.com\/wp-content\/uploads\/2025\/10\/IMG-20251003-WA0055-1024x683.jpg",1024,683,true],"covernews-medium":["https:\/\/contextoanalisisperiodistico.com\/wp-content\/uploads\/2025\/10\/IMG-20251003-WA0055-540x340.jpg",540,340,true],"covernews-medium-square":["https:\/\/contextoanalisisperiodistico.com\/wp-content\/uploads\/2025\/10\/IMG-20251003-WA0055-400x250.jpg",400,250,true]},"author_info":{"display_name":"Mario Gir\u00f3n","author_link":"https:\/\/contextoanalisisperiodistico.com\/index.php\/author\/director\/"},"category_info":"<a href=\"https:\/\/contextoanalisisperiodistico.com\/index.php\/category\/politica\/\" rel=\"category tag\">Pol\u00edtica<\/a>","tag_info":"Pol\u00edtica","comment_count":"0","jetpack_featured_media_url":"https:\/\/contextoanalisisperiodistico.com\/wp-content\/uploads\/2025\/10\/IMG-20251003-WA0055.jpg","_links":{"self":[{"href":"https:\/\/contextoanalisisperiodistico.com\/index.php\/wp-json\/wp\/v2\/posts\/46513"}],"collection":[{"href":"https:\/\/contextoanalisisperiodistico.com\/index.php\/wp-json\/wp\/v2\/posts"}],"about":[{"href":"https:\/\/contextoanalisisperiodistico.com\/index.php\/wp-json\/wp\/v2\/types\/post"}],"author":[{"embeddable":true,"href":"https:\/\/contextoanalisisperiodistico.com\/index.php\/wp-json\/wp\/v2\/users\/4"}],"replies":[{"embeddable":true,"href":"https:\/\/contextoanalisisperiodistico.com\/index.php\/wp-json\/wp\/v2\/comments?post=46513"}],"version-history":[{"count":0,"href":"https:\/\/contextoanalisisperiodistico.com\/index.php\/wp-json\/wp\/v2\/posts\/46513\/revisions"}],"wp:featuredmedia":[{"embeddable":true,"href":"https:\/\/contextoanalisisperiodistico.com\/index.php\/wp-json\/wp\/v2\/media\/46506"}],"wp:attachment":[{"href":"https:\/\/contextoanalisisperiodistico.com\/index.php\/wp-json\/wp\/v2\/media?parent=46513"}],"wp:term":[{"taxonomy":"category","embeddable":true,"href":"https:\/\/contextoanalisisperiodistico.com\/index.php\/wp-json\/wp\/v2\/categories?post=46513"},{"taxonomy":"post_tag","embeddable":true,"href":"https:\/\/contextoanalisisperiodistico.com\/index.php\/wp-json\/wp\/v2\/tags?post=46513"}],"curies":[{"name":"wp","href":"https:\/\/api.w.org\/{rel}","templated":true}]}}