{"id":46504,"date":"2025-10-03T11:05:04","date_gmt":"2025-10-03T17:05:04","guid":{"rendered":"https:\/\/contextoanalisisperiodistico.com\/index.php\/2025\/10\/03\/mantienen-cuadrillas-del-centro-historico-acciones-para-mejorar-la-imagen-urbana-de-la-capital\/"},"modified":"2025-10-03T11:08:06","modified_gmt":"2025-10-03T17:08:06","slug":"mantienen-cuadrillas-del-centro-historico-acciones-para-mejorar-la-imagen-urbana-de-la-capital","status":"publish","type":"post","link":"https:\/\/contextoanalisisperiodistico.com\/index.php\/2025\/10\/03\/mantienen-cuadrillas-del-centro-historico-acciones-para-mejorar-la-imagen-urbana-de-la-capital\/","title":{"rendered":"Cuadrillas del Centro Hist\u00f3rico mejorando la imagen urbana capitalina"},"content":{"rendered":"<div id=\"fb-root\"><\/div>\n\n<p>Oaxaca de Ju\u00e1rez, Oax., 3 de octubre de 2025.- Con el objetivo de consolidar una ciudad limpia y segura, y en cumplimiento a las instrucciones del presidente municipal Ray Chagoya, la Secretar\u00eda de Obras P\u00fablicas y Desarrollo Urbano, a trav\u00e9s de las Cuadrillas del Centro Hist\u00f3rico, refuerza de manera constante las labores de saneamiento, limpieza y mantenimiento en el primer cuadro de la capital.<\/p>\n\n\n\n<figure class=\"wp-block-image size-large\"><img fetchpriority=\"high\" decoding=\"async\" width=\"799\" height=\"1024\" src=\"https:\/\/contextoanalisisperiodistico.com\/wp-content\/uploads\/2025\/10\/img-20251003-wa00313056382616426043663-799x1024.jpg\" alt=\"\" class=\"wp-image-46496\" srcset=\"https:\/\/contextoanalisisperiodistico.com\/wp-content\/uploads\/2025\/10\/img-20251003-wa00313056382616426043663-799x1024.jpg 799w, https:\/\/contextoanalisisperiodistico.com\/wp-content\/uploads\/2025\/10\/img-20251003-wa00313056382616426043663-234x300.jpg 234w, https:\/\/contextoanalisisperiodistico.com\/wp-content\/uploads\/2025\/10\/img-20251003-wa00313056382616426043663-768x984.jpg 768w, https:\/\/contextoanalisisperiodistico.com\/wp-content\/uploads\/2025\/10\/img-20251003-wa00313056382616426043663.jpg 884w\" sizes=\"(max-width: 799px) 100vw, 799px\" \/><\/figure>\n\n\n\n<figure class=\"wp-block-image\"><img decoding=\"async\" width=\"732\" height=\"1024\" src=\"https:\/\/contextoanalisisperiodistico.com\/wp-content\/uploads\/2025\/10\/img-20251003-wa00331584766224276568511-732x1024.jpg\" alt=\"\" class=\"wp-image-46497\" srcset=\"https:\/\/contextoanalisisperiodistico.com\/wp-content\/uploads\/2025\/10\/img-20251003-wa00331584766224276568511-732x1024.jpg 732w, https:\/\/contextoanalisisperiodistico.com\/wp-content\/uploads\/2025\/10\/img-20251003-wa00331584766224276568511-214x300.jpg 214w, https:\/\/contextoanalisisperiodistico.com\/wp-content\/uploads\/2025\/10\/img-20251003-wa00331584766224276568511-768x1075.jpg 768w, https:\/\/contextoanalisisperiodistico.com\/wp-content\/uploads\/2025\/10\/img-20251003-wa00331584766224276568511.jpg 838w\" sizes=\"(max-width: 732px) 100vw, 732px\" \/><\/figure>\n\n\n\n<figure class=\"wp-block-image\"><img decoding=\"async\" width=\"1024\" height=\"682\" src=\"https:\/\/contextoanalisisperiodistico.com\/wp-content\/uploads\/2025\/10\/img-20251003-wa0037687405704098696846-1024x682.jpg\" alt=\"\" class=\"wp-image-46498\" srcset=\"https:\/\/contextoanalisisperiodistico.com\/wp-content\/uploads\/2025\/10\/img-20251003-wa0037687405704098696846-1024x682.jpg 1024w, https:\/\/contextoanalisisperiodistico.com\/wp-content\/uploads\/2025\/10\/img-20251003-wa0037687405704098696846-300x200.jpg 300w, https:\/\/contextoanalisisperiodistico.com\/wp-content\/uploads\/2025\/10\/img-20251003-wa0037687405704098696846-768x512.jpg 768w, https:\/\/contextoanalisisperiodistico.com\/wp-content\/uploads\/2025\/10\/img-20251003-wa0037687405704098696846.jpg 1280w\" sizes=\"(max-width: 1024px) 100vw, 1024px\" \/><\/figure>\n\n\n\n<figure class=\"wp-block-image\"><img loading=\"lazy\" decoding=\"async\" width=\"662\" height=\"1024\" src=\"https:\/\/contextoanalisisperiodistico.com\/wp-content\/uploads\/2025\/10\/img-20251003-wa00393139416209109337244-662x1024.jpg\" alt=\"\" class=\"wp-image-46499\" srcset=\"https:\/\/contextoanalisisperiodistico.com\/wp-content\/uploads\/2025\/10\/img-20251003-wa00393139416209109337244-662x1024.jpg 662w, https:\/\/contextoanalisisperiodistico.com\/wp-content\/uploads\/2025\/10\/img-20251003-wa00393139416209109337244-194x300.jpg 194w, https:\/\/contextoanalisisperiodistico.com\/wp-content\/uploads\/2025\/10\/img-20251003-wa00393139416209109337244-768x1189.jpg 768w, https:\/\/contextoanalisisperiodistico.com\/wp-content\/uploads\/2025\/10\/img-20251003-wa00393139416209109337244.jpg 900w\" sizes=\"(max-width: 662px) 100vw, 662px\" \/><\/figure>\n\n\n\n<figure class=\"wp-block-image\"><img loading=\"lazy\" decoding=\"async\" width=\"709\" height=\"1024\" src=\"https:\/\/contextoanalisisperiodistico.com\/wp-content\/uploads\/2025\/10\/img-20251003-wa0038120394838481492395-709x1024.jpg\" alt=\"\" class=\"wp-image-46500\" srcset=\"https:\/\/contextoanalisisperiodistico.com\/wp-content\/uploads\/2025\/10\/img-20251003-wa0038120394838481492395-709x1024.jpg 709w, https:\/\/contextoanalisisperiodistico.com\/wp-content\/uploads\/2025\/10\/img-20251003-wa0038120394838481492395-208x300.jpg 208w, https:\/\/contextoanalisisperiodistico.com\/wp-content\/uploads\/2025\/10\/img-20251003-wa0038120394838481492395-768x1109.jpg 768w, https:\/\/contextoanalisisperiodistico.com\/wp-content\/uploads\/2025\/10\/img-20251003-wa0038120394838481492395.jpg 885w\" sizes=\"(max-width: 709px) 100vw, 709px\" \/><\/figure>\n\n\n\n<figure class=\"wp-block-image\"><img loading=\"lazy\" decoding=\"async\" width=\"1024\" height=\"576\" src=\"https:\/\/contextoanalisisperiodistico.com\/wp-content\/uploads\/2025\/10\/img-20251003-wa00369118104689914166580-1024x576.jpg\" alt=\"\" class=\"wp-image-46501\" srcset=\"https:\/\/contextoanalisisperiodistico.com\/wp-content\/uploads\/2025\/10\/img-20251003-wa00369118104689914166580-1024x576.jpg 1024w, https:\/\/contextoanalisisperiodistico.com\/wp-content\/uploads\/2025\/10\/img-20251003-wa00369118104689914166580-300x169.jpg 300w, https:\/\/contextoanalisisperiodistico.com\/wp-content\/uploads\/2025\/10\/img-20251003-wa00369118104689914166580-768x432.jpg 768w, https:\/\/contextoanalisisperiodistico.com\/wp-content\/uploads\/2025\/10\/img-20251003-wa00369118104689914166580.jpg 1280w\" sizes=\"(max-width: 1024px) 100vw, 1024px\" \/><\/figure>\n\n\n\n<figure class=\"wp-block-image\"><img loading=\"lazy\" decoding=\"async\" width=\"717\" height=\"1024\" src=\"https:\/\/contextoanalisisperiodistico.com\/wp-content\/uploads\/2025\/10\/img-20251003-wa00328321138855078508111-717x1024.jpg\" alt=\"\" class=\"wp-image-46502\" srcset=\"https:\/\/contextoanalisisperiodistico.com\/wp-content\/uploads\/2025\/10\/img-20251003-wa00328321138855078508111-717x1024.jpg 717w, https:\/\/contextoanalisisperiodistico.com\/wp-content\/uploads\/2025\/10\/img-20251003-wa00328321138855078508111-210x300.jpg 210w, https:\/\/contextoanalisisperiodistico.com\/wp-content\/uploads\/2025\/10\/img-20251003-wa00328321138855078508111-768x1097.jpg 768w, https:\/\/contextoanalisisperiodistico.com\/wp-content\/uploads\/2025\/10\/img-20251003-wa00328321138855078508111.jpg 900w\" sizes=\"(max-width: 717px) 100vw, 717px\" \/><\/figure>\n\n\n\n<figure class=\"wp-block-image\"><img loading=\"lazy\" decoding=\"async\" width=\"1024\" height=\"682\" src=\"https:\/\/contextoanalisisperiodistico.com\/wp-content\/uploads\/2025\/10\/img-20251003-wa00346681903462566134288-1024x682.jpg\" alt=\"\" class=\"wp-image-46503\" srcset=\"https:\/\/contextoanalisisperiodistico.com\/wp-content\/uploads\/2025\/10\/img-20251003-wa00346681903462566134288-1024x682.jpg 1024w, https:\/\/contextoanalisisperiodistico.com\/wp-content\/uploads\/2025\/10\/img-20251003-wa00346681903462566134288-300x200.jpg 300w, https:\/\/contextoanalisisperiodistico.com\/wp-content\/uploads\/2025\/10\/img-20251003-wa00346681903462566134288-768x512.jpg 768w, https:\/\/contextoanalisisperiodistico.com\/wp-content\/uploads\/2025\/10\/img-20251003-wa00346681903462566134288.jpg 1280w\" sizes=\"(max-width: 1024px) 100vw, 1024px\" \/><\/figure>\n\n\n\n<p>Durante el tercer trimestre de este a\u00f1o se realizaron importantes trabajos de pintura en guarniciones de avenidas principales, entre ellas la Calzada Madero, la Avenida Independencia y 20 de Noviembre. Asimismo, se ejecutaron 30 acciones de retiro de contaminaci\u00f3n visual en diferentes calles del Centro Hist\u00f3rico, contribuyendo a mejorar la est\u00e9tica urbana.<\/p>\n\n\n\n<p>Las tareas de lavado a presi\u00f3n tambi\u00e9n fueron prioritarias, abarcando espacios p\u00fablicos emblem\u00e1ticos como el Paseo Ju\u00e1rez El Llano, el Palacio Municipal, la Alameda de Le\u00f3n, el Jard\u00edn San Pablo, el Jard\u00edn Conzantti y el Parque Labastida, adem\u00e1s de diversas calles del primer cuadro que requieren atenci\u00f3n permanente.<\/p>\n\n\n\n<p>En materia de embellecimiento, se pintaron jardineras en el Cerro del Fort\u00edn, la Plaza de la Danza, la Calzada de la Rep\u00fablica, el boulevard Eduardo Vasconcelos, la Plazuela Cuarto Centenario y en \u00e1reas de monumentos hist\u00f3ricos. De igual manera, se dio mantenimiento al mobiliario urbano en puntos representativos como el templo de La Merced, El Llano, la Alameda de Le\u00f3n y el Jard\u00edn Carbajal.<\/p>\n\n\n\n<p>Estas acciones reflejan el compromiso del Gobierno Municipal por preservar y embellecer el patrimonio urbano de Oaxaca de Ju\u00e1rez, garantizando un entorno agradable y digno para sus habitantes y visitantes.<\/p>\n","protected":false},"excerpt":{"rendered":"<p>Oaxaca de Ju\u00e1rez, Oax., 3 de octubre de 2025.- Con el objetivo de consolidar una&#8230;<\/p>\n","protected":false},"author":4,"featured_media":46495,"comment_status":"closed","ping_status":"open","sticky":false,"template":"","format":"standard","meta":{"footnotes":""},"categories":[9],"tags":[316,302,303,178],"jetpack_sharing_enabled":true,"featured_image_urls":{"full":["https:\/\/contextoanalisisperiodistico.com\/wp-content\/uploads\/2025\/10\/IMG-20251003-WA0035.jpg",861,1209,false],"thumbnail":["https:\/\/contextoanalisisperiodistico.com\/wp-content\/uploads\/2025\/10\/IMG-20251003-WA0035-150x150.jpg",150,150,true],"medium":["https:\/\/contextoanalisisperiodistico.com\/wp-content\/uploads\/2025\/10\/IMG-20251003-WA0035-214x300.jpg",214,300,true],"medium_large":["https:\/\/contextoanalisisperiodistico.com\/wp-content\/uploads\/2025\/10\/IMG-20251003-WA0035-768x1078.jpg",640,898,true],"large":["https:\/\/contextoanalisisperiodistico.com\/wp-content\/uploads\/2025\/10\/IMG-20251003-WA0035-729x1024.jpg",640,899,true],"1536x1536":["https:\/\/contextoanalisisperiodistico.com\/wp-content\/uploads\/2025\/10\/IMG-20251003-WA0035.jpg",861,1209,false],"2048x2048":["https:\/\/contextoanalisisperiodistico.com\/wp-content\/uploads\/2025\/10\/IMG-20251003-WA0035.jpg",861,1209,false],"covernews-slider-full":["https:\/\/contextoanalisisperiodistico.com\/wp-content\/uploads\/2025\/10\/IMG-20251003-WA0035-861x715.jpg",861,715,true],"covernews-slider-center":["https:\/\/contextoanalisisperiodistico.com\/wp-content\/uploads\/2025\/10\/IMG-20251003-WA0035-800x500.jpg",800,500,true],"covernews-featured":["https:\/\/contextoanalisisperiodistico.com\/wp-content\/uploads\/2025\/10\/IMG-20251003-WA0035.jpg",861,1209,false],"covernews-medium":["https:\/\/contextoanalisisperiodistico.com\/wp-content\/uploads\/2025\/10\/IMG-20251003-WA0035-540x340.jpg",540,340,true],"covernews-medium-square":["https:\/\/contextoanalisisperiodistico.com\/wp-content\/uploads\/2025\/10\/IMG-20251003-WA0035-400x250.jpg",400,250,true]},"author_info":{"display_name":"Mario Gir\u00f3n","author_link":"https:\/\/contextoanalisisperiodistico.com\/index.php\/author\/director\/"},"category_info":"<a href=\"https:\/\/contextoanalisisperiodistico.com\/index.php\/category\/politica\/\" rel=\"category tag\">Pol\u00edtica<\/a>","tag_info":"Pol\u00edtica","comment_count":"0","jetpack_featured_media_url":"https:\/\/contextoanalisisperiodistico.com\/wp-content\/uploads\/2025\/10\/IMG-20251003-WA0035.jpg","_links":{"self":[{"href":"https:\/\/contextoanalisisperiodistico.com\/index.php\/wp-json\/wp\/v2\/posts\/46504"}],"collection":[{"href":"https:\/\/contextoanalisisperiodistico.com\/index.php\/wp-json\/wp\/v2\/posts"}],"about":[{"href":"https:\/\/contextoanalisisperiodistico.com\/index.php\/wp-json\/wp\/v2\/types\/post"}],"author":[{"embeddable":true,"href":"https:\/\/contextoanalisisperiodistico.com\/index.php\/wp-json\/wp\/v2\/users\/4"}],"replies":[{"embeddable":true,"href":"https:\/\/contextoanalisisperiodistico.com\/index.php\/wp-json\/wp\/v2\/comments?post=46504"}],"version-history":[{"count":1,"href":"https:\/\/contextoanalisisperiodistico.com\/index.php\/wp-json\/wp\/v2\/posts\/46504\/revisions"}],"predecessor-version":[{"id":46505,"href":"https:\/\/contextoanalisisperiodistico.com\/index.php\/wp-json\/wp\/v2\/posts\/46504\/revisions\/46505"}],"wp:featuredmedia":[{"embeddable":true,"href":"https:\/\/contextoanalisisperiodistico.com\/index.php\/wp-json\/wp\/v2\/media\/46495"}],"wp:attachment":[{"href":"https:\/\/contextoanalisisperiodistico.com\/index.php\/wp-json\/wp\/v2\/media?parent=46504"}],"wp:term":[{"taxonomy":"category","embeddable":true,"href":"https:\/\/contextoanalisisperiodistico.com\/index.php\/wp-json\/wp\/v2\/categories?post=46504"},{"taxonomy":"post_tag","embeddable":true,"href":"https:\/\/contextoanalisisperiodistico.com\/index.php\/wp-json\/wp\/v2\/tags?post=46504"}],"curies":[{"name":"wp","href":"https:\/\/api.w.org\/{rel}","templated":true}]}}