{"id":46489,"date":"2025-10-02T17:58:04","date_gmt":"2025-10-02T23:58:04","guid":{"rendered":"https:\/\/contextoanalisisperiodistico.com\/index.php\/2025\/10\/02\/brinda-sebienti-mas-de-70-mil-servicios-del-programa-vee-tata-en-cuatro-regiones-de-oaxaca\/"},"modified":"2025-10-02T17:58:04","modified_gmt":"2025-10-02T23:58:04","slug":"brinda-sebienti-mas-de-70-mil-servicios-del-programa-vee-tata-en-cuatro-regiones-de-oaxaca","status":"publish","type":"post","link":"https:\/\/contextoanalisisperiodistico.com\/index.php\/2025\/10\/02\/brinda-sebienti-mas-de-70-mil-servicios-del-programa-vee-tata-en-cuatro-regiones-de-oaxaca\/","title":{"rendered":"Brinda Sebienti m\u00e1s de 70 mil servicios del programa Ve\u2019e Tata en cuatro regiones de Oaxaca"},"content":{"rendered":"<div id=\"fb-root\"><\/div>\n\n<ul class=\"wp-block-list\">\n<li>Mediante unidades m\u00f3viles se otorgan consultas m\u00e9dicas generales, mastograf\u00edas, pruebas de papanicolaou, servicios de odontolog\u00eda, optometr\u00eda y entrega de lentes<\/li>\n<\/ul>\n\n\n\n<figure class=\"wp-block-image size-large\"><img fetchpriority=\"high\" decoding=\"async\" width=\"1024\" height=\"768\" src=\"https:\/\/contextoanalisisperiodistico.com\/wp-content\/uploads\/2025\/10\/img-20251002-wa0105740314832015581325-1024x768.jpg\" alt=\"\" class=\"wp-image-46488\" srcset=\"https:\/\/contextoanalisisperiodistico.com\/wp-content\/uploads\/2025\/10\/img-20251002-wa0105740314832015581325-1024x768.jpg 1024w, https:\/\/contextoanalisisperiodistico.com\/wp-content\/uploads\/2025\/10\/img-20251002-wa0105740314832015581325-300x225.jpg 300w, https:\/\/contextoanalisisperiodistico.com\/wp-content\/uploads\/2025\/10\/img-20251002-wa0105740314832015581325-768x576.jpg 768w, https:\/\/contextoanalisisperiodistico.com\/wp-content\/uploads\/2025\/10\/img-20251002-wa0105740314832015581325-1536x1152.jpg 1536w, https:\/\/contextoanalisisperiodistico.com\/wp-content\/uploads\/2025\/10\/img-20251002-wa0105740314832015581325.jpg 1600w\" sizes=\"(max-width: 1024px) 100vw, 1024px\" \/><\/figure>\n\n\n\n<figure class=\"wp-block-image\"><img decoding=\"async\" width=\"1024\" height=\"768\" src=\"https:\/\/contextoanalisisperiodistico.com\/wp-content\/uploads\/2025\/10\/img-20251002-wa01045836694971409952097-1024x768.jpg\" alt=\"\" class=\"wp-image-46487\" srcset=\"https:\/\/contextoanalisisperiodistico.com\/wp-content\/uploads\/2025\/10\/img-20251002-wa01045836694971409952097-1024x768.jpg 1024w, https:\/\/contextoanalisisperiodistico.com\/wp-content\/uploads\/2025\/10\/img-20251002-wa01045836694971409952097-300x225.jpg 300w, https:\/\/contextoanalisisperiodistico.com\/wp-content\/uploads\/2025\/10\/img-20251002-wa01045836694971409952097-768x576.jpg 768w, https:\/\/contextoanalisisperiodistico.com\/wp-content\/uploads\/2025\/10\/img-20251002-wa01045836694971409952097-1536x1152.jpg 1536w, https:\/\/contextoanalisisperiodistico.com\/wp-content\/uploads\/2025\/10\/img-20251002-wa01045836694971409952097.jpg 1600w\" sizes=\"(max-width: 1024px) 100vw, 1024px\" \/><\/figure>\n\n\n\n<p>Oaxaca de Ju\u00e1rez, Oax., 2 de octubre de 2025.- Al corte del 28 de septiembre, la Secretar\u00eda de Bienestar, Tequio e Inclusi\u00f3n (Sebienti) ha otorgado 70 mil 243 servicios del programa Ve\u2019e Tata-Salud en tu municipio, en cuatro regiones de la entidad.<\/p>\n\n\n\n<p>La estrategia, que opera mediante unidades m\u00f3viles, ofrece atenci\u00f3n m\u00e9dica integral, preventiva y diagn\u00f3stica, con el objetivo de detectar enfermedades de manera oportuna y acercar los servicios m\u00e9dicos a las zonas hist\u00f3ricamente marginadas.<\/p>\n\n\n\n<p>Entre los servicios que se ofrecen destacan: consultas m\u00e9dicas generales, mastograf\u00edas m\u00f3viles, pruebas de papanicolaou, odontolog\u00eda, optometr\u00eda, entrega de lentes, estudios de laboratorio, atenci\u00f3n nutricional, medicina alternativa y entrega de aparatos de movilidad.<\/p>\n\n\n\n<p>De esta manera en Valles Centrales se registraron 11 mil 620 atenciones, en el Istmo de Tehuantepec 21 mil 28, en la Costa 12 mil 117 y en la Mixteca 25 mil 458; lo que refleja la respuesta favorable de la poblaci\u00f3n.<\/p>\n\n\n\n<p>En su siguiente etapa, Ve\u2019e Tata ampliar\u00e1 su cobertura a 43 municipios de la Sierra de Ju\u00e1rez, como: San Pedro y San Pablo Ayutla, Tamazul\u00e1pam del Esp\u00edritu Santo, Santa Mar\u00eda Temaxcalapa, Santiago Zoochila, Santa Mar\u00eda Tlahuitoltepec, Santiago Camotl\u00e1n y San Baltazar Yatzachi el Bajo.<\/p>\n\n\n\n<p>Esta iniciativa de la Primavera Oaxaque\u00f1a, impulsada por el Gobernador Salom\u00f3n Jara Cruz, lleva servicios p\u00fablicos de calidad a comunidades que por a\u00f1os estuvieron en el abandono.<\/p>\n\n\n\n<p>-0-<\/p>\n","protected":false},"excerpt":{"rendered":"<p>Oaxaca de Ju\u00e1rez, Oax., 2 de octubre de 2025.- Al corte del 28 de septiembre,&#8230;<\/p>\n","protected":false},"author":4,"featured_media":46486,"comment_status":"","ping_status":"open","sticky":false,"template":"","format":"standard","meta":{"footnotes":""},"categories":[92],"tags":[303],"jetpack_sharing_enabled":true,"featured_image_urls":{"full":["https:\/\/contextoanalisisperiodistico.com\/wp-content\/uploads\/2025\/10\/IMG-20251002-WA0103.jpg",1600,1200,false],"thumbnail":["https:\/\/contextoanalisisperiodistico.com\/wp-content\/uploads\/2025\/10\/IMG-20251002-WA0103-150x150.jpg",150,150,true],"medium":["https:\/\/contextoanalisisperiodistico.com\/wp-content\/uploads\/2025\/10\/IMG-20251002-WA0103-300x225.jpg",300,225,true],"medium_large":["https:\/\/contextoanalisisperiodistico.com\/wp-content\/uploads\/2025\/10\/IMG-20251002-WA0103-768x576.jpg",640,480,true],"large":["https:\/\/contextoanalisisperiodistico.com\/wp-content\/uploads\/2025\/10\/IMG-20251002-WA0103-1024x768.jpg",640,480,true],"1536x1536":["https:\/\/contextoanalisisperiodistico.com\/wp-content\/uploads\/2025\/10\/IMG-20251002-WA0103-1536x1152.jpg",1536,1152,true],"2048x2048":["https:\/\/contextoanalisisperiodistico.com\/wp-content\/uploads\/2025\/10\/IMG-20251002-WA0103.jpg",1600,1200,false],"covernews-slider-full":["https:\/\/contextoanalisisperiodistico.com\/wp-content\/uploads\/2025\/10\/IMG-20251002-WA0103-1115x715.jpg",1115,715,true],"covernews-slider-center":["https:\/\/contextoanalisisperiodistico.com\/wp-content\/uploads\/2025\/10\/IMG-20251002-WA0103-800x500.jpg",800,500,true],"covernews-featured":["https:\/\/contextoanalisisperiodistico.com\/wp-content\/uploads\/2025\/10\/IMG-20251002-WA0103-1024x768.jpg",1024,768,true],"covernews-medium":["https:\/\/contextoanalisisperiodistico.com\/wp-content\/uploads\/2025\/10\/IMG-20251002-WA0103-540x340.jpg",540,340,true],"covernews-medium-square":["https:\/\/contextoanalisisperiodistico.com\/wp-content\/uploads\/2025\/10\/IMG-20251002-WA0103-400x250.jpg",400,250,true]},"author_info":{"display_name":"Mario Gir\u00f3n","author_link":"https:\/\/contextoanalisisperiodistico.com\/index.php\/author\/director\/"},"category_info":"<a href=\"https:\/\/contextoanalisisperiodistico.com\/index.php\/category\/salud\/\" rel=\"category tag\">Salud<\/a>","tag_info":"Salud","comment_count":"0","jetpack_featured_media_url":"https:\/\/contextoanalisisperiodistico.com\/wp-content\/uploads\/2025\/10\/IMG-20251002-WA0103.jpg","_links":{"self":[{"href":"https:\/\/contextoanalisisperiodistico.com\/index.php\/wp-json\/wp\/v2\/posts\/46489"}],"collection":[{"href":"https:\/\/contextoanalisisperiodistico.com\/index.php\/wp-json\/wp\/v2\/posts"}],"about":[{"href":"https:\/\/contextoanalisisperiodistico.com\/index.php\/wp-json\/wp\/v2\/types\/post"}],"author":[{"embeddable":true,"href":"https:\/\/contextoanalisisperiodistico.com\/index.php\/wp-json\/wp\/v2\/users\/4"}],"replies":[{"embeddable":true,"href":"https:\/\/contextoanalisisperiodistico.com\/index.php\/wp-json\/wp\/v2\/comments?post=46489"}],"version-history":[{"count":0,"href":"https:\/\/contextoanalisisperiodistico.com\/index.php\/wp-json\/wp\/v2\/posts\/46489\/revisions"}],"wp:featuredmedia":[{"embeddable":true,"href":"https:\/\/contextoanalisisperiodistico.com\/index.php\/wp-json\/wp\/v2\/media\/46486"}],"wp:attachment":[{"href":"https:\/\/contextoanalisisperiodistico.com\/index.php\/wp-json\/wp\/v2\/media?parent=46489"}],"wp:term":[{"taxonomy":"category","embeddable":true,"href":"https:\/\/contextoanalisisperiodistico.com\/index.php\/wp-json\/wp\/v2\/categories?post=46489"},{"taxonomy":"post_tag","embeddable":true,"href":"https:\/\/contextoanalisisperiodistico.com\/index.php\/wp-json\/wp\/v2\/tags?post=46489"}],"curies":[{"name":"wp","href":"https:\/\/api.w.org\/{rel}","templated":true}]}}