{"id":46485,"date":"2025-10-02T16:02:03","date_gmt":"2025-10-02T22:02:03","guid":{"rendered":"https:\/\/contextoanalisisperiodistico.com\/index.php\/2025\/10\/02\/concluye-con-exito-el-primer-mes-de-la-iniciativa-vihsion-hospitalaria-coesida\/"},"modified":"2025-10-02T16:02:03","modified_gmt":"2025-10-02T22:02:03","slug":"concluye-con-exito-el-primer-mes-de-la-iniciativa-vihsion-hospitalaria-coesida","status":"publish","type":"post","link":"https:\/\/contextoanalisisperiodistico.com\/index.php\/2025\/10\/02\/concluye-con-exito-el-primer-mes-de-la-iniciativa-vihsion-hospitalaria-coesida\/","title":{"rendered":"Concluye con \u00e9xito el primer mes de la iniciativa \u201cVIHsi\u00f3n Hospitalaria\u201d: Coesida"},"content":{"rendered":"<div id=\"fb-root\"><\/div>\n\n<ul class=\"wp-block-list\">\n<li>Se aplicaron mil 900 pruebas r\u00e1pidas de VIH, S\u00edfilis y Hepatitis C a personas usuarias y personal de salud de dos nosocomios de Oaxaca<\/li>\n<\/ul>\n\n\n\n<figure class=\"wp-block-image size-large\"><img fetchpriority=\"high\" decoding=\"async\" width=\"1024\" height=\"576\" src=\"https:\/\/contextoanalisisperiodistico.com\/wp-content\/uploads\/2025\/10\/img-20251002-wa00936569000377266307289-1024x576.jpg\" alt=\"\" class=\"wp-image-46482\" srcset=\"https:\/\/contextoanalisisperiodistico.com\/wp-content\/uploads\/2025\/10\/img-20251002-wa00936569000377266307289-1024x576.jpg 1024w, https:\/\/contextoanalisisperiodistico.com\/wp-content\/uploads\/2025\/10\/img-20251002-wa00936569000377266307289-300x169.jpg 300w, https:\/\/contextoanalisisperiodistico.com\/wp-content\/uploads\/2025\/10\/img-20251002-wa00936569000377266307289-768x432.jpg 768w, https:\/\/contextoanalisisperiodistico.com\/wp-content\/uploads\/2025\/10\/img-20251002-wa00936569000377266307289.jpg 1280w\" sizes=\"(max-width: 1024px) 100vw, 1024px\" \/><\/figure>\n\n\n\n<figure class=\"wp-block-image\"><img decoding=\"async\" width=\"1024\" height=\"576\" src=\"https:\/\/contextoanalisisperiodistico.com\/wp-content\/uploads\/2025\/10\/img-20251002-wa00967269188378215980940-1024x576.jpg\" alt=\"\" class=\"wp-image-46483\" srcset=\"https:\/\/contextoanalisisperiodistico.com\/wp-content\/uploads\/2025\/10\/img-20251002-wa00967269188378215980940-1024x576.jpg 1024w, https:\/\/contextoanalisisperiodistico.com\/wp-content\/uploads\/2025\/10\/img-20251002-wa00967269188378215980940-300x169.jpg 300w, https:\/\/contextoanalisisperiodistico.com\/wp-content\/uploads\/2025\/10\/img-20251002-wa00967269188378215980940-768x432.jpg 768w, https:\/\/contextoanalisisperiodistico.com\/wp-content\/uploads\/2025\/10\/img-20251002-wa00967269188378215980940-1536x864.jpg 1536w, https:\/\/contextoanalisisperiodistico.com\/wp-content\/uploads\/2025\/10\/img-20251002-wa00967269188378215980940.jpg 1600w\" sizes=\"(max-width: 1024px) 100vw, 1024px\" \/><\/figure>\n\n\n\n<figure class=\"wp-block-image\"><img decoding=\"async\" width=\"1024\" height=\"756\" src=\"https:\/\/contextoanalisisperiodistico.com\/wp-content\/uploads\/2025\/10\/img-20251002-wa0094232648850273466018-1024x756.jpg\" alt=\"\" class=\"wp-image-46484\" srcset=\"https:\/\/contextoanalisisperiodistico.com\/wp-content\/uploads\/2025\/10\/img-20251002-wa0094232648850273466018-1024x756.jpg 1024w, https:\/\/contextoanalisisperiodistico.com\/wp-content\/uploads\/2025\/10\/img-20251002-wa0094232648850273466018-300x222.jpg 300w, https:\/\/contextoanalisisperiodistico.com\/wp-content\/uploads\/2025\/10\/img-20251002-wa0094232648850273466018-768x567.jpg 768w, https:\/\/contextoanalisisperiodistico.com\/wp-content\/uploads\/2025\/10\/img-20251002-wa0094232648850273466018.jpg 1200w\" sizes=\"(max-width: 1024px) 100vw, 1024px\" \/><\/figure>\n\n\n\n<p>San Bartolo Coyotepec, Oax. 2 de octubre de 2025.- El Consejo Estatal para la Prevenci\u00f3n y Control del Sida (Coesida) concluy\u00f3 con \u00e9xito el primer mes de la iniciativa \u201cVIHsi\u00f3n Hospitalaria\u201d, que lleva servicios de detecci\u00f3n oportuna del Virus de la Inmunodeficiencia Humana (VIH), S\u00edfilis y Hepatitis C a los hospitales de la entidad.<\/p>\n\n\n\n<p>En este primer bloque de actividades, se aplicaron mil 900 pruebas r\u00e1pidas a personas usuarias y trabajadoras del Hospital General Doctor Aurelio Valdivieso y del Hospital Regional de Alta Especialidad de Oaxaca (HRAEO).<\/p>\n\n\n\n<p>Esta estrategia encabezada por el responsable estatal del Programa Nacional de Eliminaci\u00f3n de la Hepatitis C, Antonio Sosa Cruz, tiene como objetivo garantizar el acceso a diagn\u00f3sticos oportunos y fortalecer la cultura de prevenci\u00f3n en los espacios hospitalarios, donde diariamente acude una gran cantidad de poblaci\u00f3n.<\/p>\n\n\n\n<p>Sosa Cruz se\u00f1al\u00f3 que la experiencia de este primer mes confirma la pertinencia de llevar la prevenci\u00f3n directamente a los hospitales, pues esto facilita la participaci\u00f3n tanto del personal m\u00e9dico como de las y los usuarios, quienes encuentran en estas jornadas una oportunidad cercana y accesible para cuidar su salud.<\/p>\n\n\n\n<p>Por su parte, la directora general del Coesida, Itayetzin Medina Hern\u00e1ndez subray\u00f3 que la detecci\u00f3n temprana de estas infecciones es clave para brindar tratamientos oportunos; mejorar la calidad de vida de las personas; reducir la transmisi\u00f3n y ampliar la cobertura de estas pruebas en todo el estado.<\/p>\n\n\n\n<p>Con la implementaci\u00f3n de \u201cVIHsi\u00f3n Hospitalaria\u201d, la Primavera Oaxaque\u00f1a contin\u00faa trabajando de manera coordinada con instituciones de salud, ampliando los espacios de detecci\u00f3n y reforzando las acciones de prevenci\u00f3n en beneficio de la poblaci\u00f3n oaxaque\u00f1a.<\/p>\n\n\n\n<p>-0-<\/p>\n","protected":false},"excerpt":{"rendered":"<p>San Bartolo Coyotepec, Oax. 2 de octubre de 2025.- El Consejo Estatal para la Prevenci\u00f3n&#8230;<\/p>\n","protected":false},"author":4,"featured_media":46481,"comment_status":"","ping_status":"open","sticky":false,"template":"","format":"standard","meta":{"footnotes":""},"categories":[92],"tags":[303],"jetpack_sharing_enabled":true,"featured_image_urls":{"full":["https:\/\/contextoanalisisperiodistico.com\/wp-content\/uploads\/2025\/10\/IMG-20251002-WA0095.jpg",1280,720,false],"thumbnail":["https:\/\/contextoanalisisperiodistico.com\/wp-content\/uploads\/2025\/10\/IMG-20251002-WA0095-150x150.jpg",150,150,true],"medium":["https:\/\/contextoanalisisperiodistico.com\/wp-content\/uploads\/2025\/10\/IMG-20251002-WA0095-300x169.jpg",300,169,true],"medium_large":["https:\/\/contextoanalisisperiodistico.com\/wp-content\/uploads\/2025\/10\/IMG-20251002-WA0095-768x432.jpg",640,360,true],"large":["https:\/\/contextoanalisisperiodistico.com\/wp-content\/uploads\/2025\/10\/IMG-20251002-WA0095-1024x576.jpg",640,360,true],"1536x1536":["https:\/\/contextoanalisisperiodistico.com\/wp-content\/uploads\/2025\/10\/IMG-20251002-WA0095.jpg",1280,720,false],"2048x2048":["https:\/\/contextoanalisisperiodistico.com\/wp-content\/uploads\/2025\/10\/IMG-20251002-WA0095.jpg",1280,720,false],"covernews-slider-full":["https:\/\/contextoanalisisperiodistico.com\/wp-content\/uploads\/2025\/10\/IMG-20251002-WA0095-1115x715.jpg",1115,715,true],"covernews-slider-center":["https:\/\/contextoanalisisperiodistico.com\/wp-content\/uploads\/2025\/10\/IMG-20251002-WA0095-800x500.jpg",800,500,true],"covernews-featured":["https:\/\/contextoanalisisperiodistico.com\/wp-content\/uploads\/2025\/10\/IMG-20251002-WA0095-1024x576.jpg",1024,576,true],"covernews-medium":["https:\/\/contextoanalisisperiodistico.com\/wp-content\/uploads\/2025\/10\/IMG-20251002-WA0095-540x340.jpg",540,340,true],"covernews-medium-square":["https:\/\/contextoanalisisperiodistico.com\/wp-content\/uploads\/2025\/10\/IMG-20251002-WA0095-400x250.jpg",400,250,true]},"author_info":{"display_name":"Mario Gir\u00f3n","author_link":"https:\/\/contextoanalisisperiodistico.com\/index.php\/author\/director\/"},"category_info":"<a href=\"https:\/\/contextoanalisisperiodistico.com\/index.php\/category\/salud\/\" rel=\"category tag\">Salud<\/a>","tag_info":"Salud","comment_count":"0","jetpack_featured_media_url":"https:\/\/contextoanalisisperiodistico.com\/wp-content\/uploads\/2025\/10\/IMG-20251002-WA0095.jpg","_links":{"self":[{"href":"https:\/\/contextoanalisisperiodistico.com\/index.php\/wp-json\/wp\/v2\/posts\/46485"}],"collection":[{"href":"https:\/\/contextoanalisisperiodistico.com\/index.php\/wp-json\/wp\/v2\/posts"}],"about":[{"href":"https:\/\/contextoanalisisperiodistico.com\/index.php\/wp-json\/wp\/v2\/types\/post"}],"author":[{"embeddable":true,"href":"https:\/\/contextoanalisisperiodistico.com\/index.php\/wp-json\/wp\/v2\/users\/4"}],"replies":[{"embeddable":true,"href":"https:\/\/contextoanalisisperiodistico.com\/index.php\/wp-json\/wp\/v2\/comments?post=46485"}],"version-history":[{"count":0,"href":"https:\/\/contextoanalisisperiodistico.com\/index.php\/wp-json\/wp\/v2\/posts\/46485\/revisions"}],"wp:featuredmedia":[{"embeddable":true,"href":"https:\/\/contextoanalisisperiodistico.com\/index.php\/wp-json\/wp\/v2\/media\/46481"}],"wp:attachment":[{"href":"https:\/\/contextoanalisisperiodistico.com\/index.php\/wp-json\/wp\/v2\/media?parent=46485"}],"wp:term":[{"taxonomy":"category","embeddable":true,"href":"https:\/\/contextoanalisisperiodistico.com\/index.php\/wp-json\/wp\/v2\/categories?post=46485"},{"taxonomy":"post_tag","embeddable":true,"href":"https:\/\/contextoanalisisperiodistico.com\/index.php\/wp-json\/wp\/v2\/tags?post=46485"}],"curies":[{"name":"wp","href":"https:\/\/api.w.org\/{rel}","templated":true}]}}