{"id":46480,"date":"2025-10-02T13:30:08","date_gmt":"2025-10-02T19:30:08","guid":{"rendered":"https:\/\/contextoanalisisperiodistico.com\/index.php\/2025\/10\/02\/oaxaca-de-juarez-avanza-en-seguridad-con-mas-confianza-ciudadana-y-trabajo-coordinado\/"},"modified":"2025-10-02T13:30:08","modified_gmt":"2025-10-02T19:30:08","slug":"oaxaca-de-juarez-avanza-en-seguridad-con-mas-confianza-ciudadana-y-trabajo-coordinado","status":"publish","type":"post","link":"https:\/\/contextoanalisisperiodistico.com\/index.php\/2025\/10\/02\/oaxaca-de-juarez-avanza-en-seguridad-con-mas-confianza-ciudadana-y-trabajo-coordinado\/","title":{"rendered":"Oaxaca de Ju\u00e1rez avanza en seguridad con m\u00e1s confianza ciudadana y trabajo coordinado"},"content":{"rendered":"<div id=\"fb-root\"><\/div>\n\n<ul class=\"wp-block-list\">\n<li>El edil capitalino y el fiscal Bernardo Rodr\u00edguez Alamilla resaltan el trabajo en equipo de las instituciones en la seguridad de la ciudad<\/li>\n<\/ul>\n\n\n\n<figure class=\"wp-block-image size-large\"><img fetchpriority=\"high\" decoding=\"async\" width=\"1024\" height=\"682\" src=\"https:\/\/contextoanalisisperiodistico.com\/wp-content\/uploads\/2025\/10\/img-20251002-wa00675321243288585247785-1024x682.jpg\" alt=\"\" class=\"wp-image-46475\" srcset=\"https:\/\/contextoanalisisperiodistico.com\/wp-content\/uploads\/2025\/10\/img-20251002-wa00675321243288585247785-1024x682.jpg 1024w, https:\/\/contextoanalisisperiodistico.com\/wp-content\/uploads\/2025\/10\/img-20251002-wa00675321243288585247785-300x200.jpg 300w, https:\/\/contextoanalisisperiodistico.com\/wp-content\/uploads\/2025\/10\/img-20251002-wa00675321243288585247785-768x512.jpg 768w, https:\/\/contextoanalisisperiodistico.com\/wp-content\/uploads\/2025\/10\/img-20251002-wa00675321243288585247785-1536x1024.jpg 1536w, https:\/\/contextoanalisisperiodistico.com\/wp-content\/uploads\/2025\/10\/img-20251002-wa00675321243288585247785.jpg 2000w\" sizes=\"(max-width: 1024px) 100vw, 1024px\" \/><\/figure>\n\n\n\n<figure class=\"wp-block-image\"><img decoding=\"async\" width=\"1024\" height=\"895\" src=\"https:\/\/contextoanalisisperiodistico.com\/wp-content\/uploads\/2025\/10\/img-20251002-wa00698708734342506505092-1024x895.jpg\" alt=\"\" class=\"wp-image-46476\" srcset=\"https:\/\/contextoanalisisperiodistico.com\/wp-content\/uploads\/2025\/10\/img-20251002-wa00698708734342506505092-1024x895.jpg 1024w, https:\/\/contextoanalisisperiodistico.com\/wp-content\/uploads\/2025\/10\/img-20251002-wa00698708734342506505092-300x262.jpg 300w, https:\/\/contextoanalisisperiodistico.com\/wp-content\/uploads\/2025\/10\/img-20251002-wa00698708734342506505092-768x671.jpg 768w, https:\/\/contextoanalisisperiodistico.com\/wp-content\/uploads\/2025\/10\/img-20251002-wa00698708734342506505092.jpg 1465w\" sizes=\"(max-width: 1024px) 100vw, 1024px\" \/><\/figure>\n\n\n\n<figure class=\"wp-block-image\"><img decoding=\"async\" width=\"1024\" height=\"794\" src=\"https:\/\/contextoanalisisperiodistico.com\/wp-content\/uploads\/2025\/10\/img-20251002-wa00712905082909876258221-1024x794.jpg\" alt=\"\" class=\"wp-image-46477\" srcset=\"https:\/\/contextoanalisisperiodistico.com\/wp-content\/uploads\/2025\/10\/img-20251002-wa00712905082909876258221-1024x794.jpg 1024w, https:\/\/contextoanalisisperiodistico.com\/wp-content\/uploads\/2025\/10\/img-20251002-wa00712905082909876258221-300x233.jpg 300w, https:\/\/contextoanalisisperiodistico.com\/wp-content\/uploads\/2025\/10\/img-20251002-wa00712905082909876258221-768x596.jpg 768w, https:\/\/contextoanalisisperiodistico.com\/wp-content\/uploads\/2025\/10\/img-20251002-wa00712905082909876258221.jpg 1101w\" sizes=\"(max-width: 1024px) 100vw, 1024px\" \/><\/figure>\n\n\n\n<figure class=\"wp-block-image\"><img loading=\"lazy\" decoding=\"async\" width=\"1024\" height=\"683\" src=\"https:\/\/contextoanalisisperiodistico.com\/wp-content\/uploads\/2025\/10\/img-20251002-wa00688272847389746544229-1024x683.jpg\" alt=\"\" class=\"wp-image-46479\" srcset=\"https:\/\/contextoanalisisperiodistico.com\/wp-content\/uploads\/2025\/10\/img-20251002-wa00688272847389746544229-1024x683.jpg 1024w, https:\/\/contextoanalisisperiodistico.com\/wp-content\/uploads\/2025\/10\/img-20251002-wa00688272847389746544229-300x200.jpg 300w, https:\/\/contextoanalisisperiodistico.com\/wp-content\/uploads\/2025\/10\/img-20251002-wa00688272847389746544229-768x512.jpg 768w, https:\/\/contextoanalisisperiodistico.com\/wp-content\/uploads\/2025\/10\/img-20251002-wa00688272847389746544229.jpg 1280w\" sizes=\"(max-width: 1024px) 100vw, 1024px\" \/><\/figure>\n\n\n\n<figure class=\"wp-block-image\"><img loading=\"lazy\" decoding=\"async\" width=\"1024\" height=\"814\" src=\"https:\/\/contextoanalisisperiodistico.com\/wp-content\/uploads\/2025\/10\/img-20251002-wa00668407870504415987603-1024x814.jpg\" alt=\"\" class=\"wp-image-46478\" srcset=\"https:\/\/contextoanalisisperiodistico.com\/wp-content\/uploads\/2025\/10\/img-20251002-wa00668407870504415987603-1024x814.jpg 1024w, https:\/\/contextoanalisisperiodistico.com\/wp-content\/uploads\/2025\/10\/img-20251002-wa00668407870504415987603-300x238.jpg 300w, https:\/\/contextoanalisisperiodistico.com\/wp-content\/uploads\/2025\/10\/img-20251002-wa00668407870504415987603-768x611.jpg 768w, https:\/\/contextoanalisisperiodistico.com\/wp-content\/uploads\/2025\/10\/img-20251002-wa00668407870504415987603.jpg 1341w\" sizes=\"(max-width: 1024px) 100vw, 1024px\" \/><\/figure>\n\n\n\n<p>Oaxaca de Ju\u00e1rez, Oax., 2 de octubre 2025.\u2013 En un encuentro con medios de comunicaci\u00f3n, el presidente municipal Ray Chagoya Villanueva asegur\u00f3 que la capital del estado es una ciudad segura, respaldado en cifras oficiales que muestran una baja en la incidencia delictiva, aunque reconoci\u00f3 que la percepci\u00f3n ciudadana no siempre coincide con la realidad de los n\u00fameros.<\/p>\n\n\n\n<p>\u201cS\u00ed, Oaxaca de Ju\u00e1rez es una ciudad segura, los datos nos reiteran que no es la capital que algunos perciben en el discurso cotidiano. Lo importante es hablar con datos objetivos y mantener una comunicaci\u00f3n directa con la gente\u201d, dijo el edil al referirse a los datos de la Encuesta Nacional de Victimizaci\u00f3n y Percepci\u00f3n sobre Seguridad P\u00fablica (ENVIPE) 2025.<\/p>\n\n\n\n<p>Chagoya subray\u00f3 que la seguridad es una tarea de todos los d\u00edas y destac\u00f3 que en la capital trabajan de manera conjunta la Fiscal\u00eda General del Estado, la Guardia Nacional, la Secretar\u00eda de la Defensa Nacional, la Marina, la Polic\u00eda Estatal y las corporaciones municipales. \u201cHoy no hay grupos aislados ni operativos cerrados: todas las instituciones participan y lo hacen con puertas abiertas\u201d, afirm\u00f3.<\/p>\n\n\n\n<p>Otro dato alentador que nos da la Encuesta Nacional de Victimizaci\u00f3n y Percepci\u00f3n sobre Seguridad P\u00fablica es que hay un aumento en las denuncias y en la apertura de carpetas de investigaci\u00f3n. Eso significa que las vecinas y los vecinos est\u00e1n confiando m\u00e1s en las autoridades para combatir la inseguridad y para hacer valer sus derechos.<\/p>\n\n\n\n<p>Por su parte, el fiscal Bernardo Rodr\u00edguez Alamilla puntualiz\u00f3 que Oaxaca de Ju\u00e1rez concentra diariamente la movilidad de m\u00e1s de un mill\u00f3n de personas provenientes de los Valles Centrales, lo que exige coordinaci\u00f3n permanente entre autoridades. \u201cLa capital es centro pol\u00edtico, econ\u00f3mico y social del estado, por eso la Fiscal\u00eda est\u00e1 presente para garantizar que cada d\u00eda la ciudadan\u00eda viva con mayor tranquilidad\u201d, expres\u00f3.<\/p>\n\n\n\n<p>Ambos funcionarios coincidieron en que la estrategia no se limita a operativos visibles, sino que integra trabajo t\u00e9cnico especializado, intercambio de informaci\u00f3n y di\u00e1logo con la sociedad. \u201cSe trata de construir seguridad como un bien colectivo, donde la confianza y la colaboraci\u00f3n sean el eje\u201d, concluy\u00f3 Ray Chagoya.<\/p>\n","protected":false},"excerpt":{"rendered":"<p>Oaxaca de Ju\u00e1rez, Oax., 2 de octubre 2025.\u2013 En un encuentro con medios de comunicaci\u00f3n,&#8230;<\/p>\n","protected":false},"author":4,"featured_media":46474,"comment_status":"","ping_status":"open","sticky":false,"template":"","format":"standard","meta":{"footnotes":""},"categories":[9],"tags":[348,178],"jetpack_sharing_enabled":true,"featured_image_urls":{"full":["https:\/\/contextoanalisisperiodistico.com\/wp-content\/uploads\/2025\/10\/IMG-20251002-WA0070.jpg",943,854,false],"thumbnail":["https:\/\/contextoanalisisperiodistico.com\/wp-content\/uploads\/2025\/10\/IMG-20251002-WA0070-150x150.jpg",150,150,true],"medium":["https:\/\/contextoanalisisperiodistico.com\/wp-content\/uploads\/2025\/10\/IMG-20251002-WA0070-300x272.jpg",300,272,true],"medium_large":["https:\/\/contextoanalisisperiodistico.com\/wp-content\/uploads\/2025\/10\/IMG-20251002-WA0070-768x696.jpg",640,580,true],"large":["https:\/\/contextoanalisisperiodistico.com\/wp-content\/uploads\/2025\/10\/IMG-20251002-WA0070.jpg",640,580,false],"1536x1536":["https:\/\/contextoanalisisperiodistico.com\/wp-content\/uploads\/2025\/10\/IMG-20251002-WA0070.jpg",943,854,false],"2048x2048":["https:\/\/contextoanalisisperiodistico.com\/wp-content\/uploads\/2025\/10\/IMG-20251002-WA0070.jpg",943,854,false],"covernews-slider-full":["https:\/\/contextoanalisisperiodistico.com\/wp-content\/uploads\/2025\/10\/IMG-20251002-WA0070-943x715.jpg",943,715,true],"covernews-slider-center":["https:\/\/contextoanalisisperiodistico.com\/wp-content\/uploads\/2025\/10\/IMG-20251002-WA0070-800x500.jpg",800,500,true],"covernews-featured":["https:\/\/contextoanalisisperiodistico.com\/wp-content\/uploads\/2025\/10\/IMG-20251002-WA0070.jpg",943,854,false],"covernews-medium":["https:\/\/contextoanalisisperiodistico.com\/wp-content\/uploads\/2025\/10\/IMG-20251002-WA0070-540x340.jpg",540,340,true],"covernews-medium-square":["https:\/\/contextoanalisisperiodistico.com\/wp-content\/uploads\/2025\/10\/IMG-20251002-WA0070-400x250.jpg",400,250,true]},"author_info":{"display_name":"Mario Gir\u00f3n","author_link":"https:\/\/contextoanalisisperiodistico.com\/index.php\/author\/director\/"},"category_info":"<a href=\"https:\/\/contextoanalisisperiodistico.com\/index.php\/category\/politica\/\" rel=\"category tag\">Pol\u00edtica<\/a>","tag_info":"Pol\u00edtica","comment_count":"0","jetpack_featured_media_url":"https:\/\/contextoanalisisperiodistico.com\/wp-content\/uploads\/2025\/10\/IMG-20251002-WA0070.jpg","_links":{"self":[{"href":"https:\/\/contextoanalisisperiodistico.com\/index.php\/wp-json\/wp\/v2\/posts\/46480"}],"collection":[{"href":"https:\/\/contextoanalisisperiodistico.com\/index.php\/wp-json\/wp\/v2\/posts"}],"about":[{"href":"https:\/\/contextoanalisisperiodistico.com\/index.php\/wp-json\/wp\/v2\/types\/post"}],"author":[{"embeddable":true,"href":"https:\/\/contextoanalisisperiodistico.com\/index.php\/wp-json\/wp\/v2\/users\/4"}],"replies":[{"embeddable":true,"href":"https:\/\/contextoanalisisperiodistico.com\/index.php\/wp-json\/wp\/v2\/comments?post=46480"}],"version-history":[{"count":0,"href":"https:\/\/contextoanalisisperiodistico.com\/index.php\/wp-json\/wp\/v2\/posts\/46480\/revisions"}],"wp:featuredmedia":[{"embeddable":true,"href":"https:\/\/contextoanalisisperiodistico.com\/index.php\/wp-json\/wp\/v2\/media\/46474"}],"wp:attachment":[{"href":"https:\/\/contextoanalisisperiodistico.com\/index.php\/wp-json\/wp\/v2\/media?parent=46480"}],"wp:term":[{"taxonomy":"category","embeddable":true,"href":"https:\/\/contextoanalisisperiodistico.com\/index.php\/wp-json\/wp\/v2\/categories?post=46480"},{"taxonomy":"post_tag","embeddable":true,"href":"https:\/\/contextoanalisisperiodistico.com\/index.php\/wp-json\/wp\/v2\/tags?post=46480"}],"curies":[{"name":"wp","href":"https:\/\/api.w.org\/{rel}","templated":true}]}}