{"id":46473,"date":"2025-10-02T13:24:10","date_gmt":"2025-10-02T19:24:10","guid":{"rendered":"https:\/\/contextoanalisisperiodistico.com\/index.php\/2025\/10\/02\/supervisa-semovi-200-taxis-del-valle-eteco-mediante-operativo-transporte-seguro\/"},"modified":"2025-10-02T13:24:10","modified_gmt":"2025-10-02T19:24:10","slug":"supervisa-semovi-200-taxis-del-valle-eteco-mediante-operativo-transporte-seguro","status":"publish","type":"post","link":"https:\/\/contextoanalisisperiodistico.com\/index.php\/2025\/10\/02\/supervisa-semovi-200-taxis-del-valle-eteco-mediante-operativo-transporte-seguro\/","title":{"rendered":"Supervisa Semovi 200 taxis del valle eteco mediante Operativo Transporte Seguro"},"content":{"rendered":"<div id=\"fb-root\"><\/div>\n\n<ul class=\"wp-block-list\">\n<li>Esta acci\u00f3n contempl\u00f3 la revisi\u00f3n de crom\u00e1tica, retiro de aditamentos y la revista f\u00edsico-mec\u00e1nico a veh\u00edculos<\/li>\n<\/ul>\n\n\n\n<figure class=\"wp-block-image size-large\"><img fetchpriority=\"high\" decoding=\"async\" width=\"1024\" height=\"683\" src=\"https:\/\/contextoanalisisperiodistico.com\/wp-content\/uploads\/2025\/10\/img-20251002-wa00514935570785641986950-1024x683.jpg\" alt=\"\" class=\"wp-image-46469\" srcset=\"https:\/\/contextoanalisisperiodistico.com\/wp-content\/uploads\/2025\/10\/img-20251002-wa00514935570785641986950-1024x683.jpg 1024w, https:\/\/contextoanalisisperiodistico.com\/wp-content\/uploads\/2025\/10\/img-20251002-wa00514935570785641986950-300x200.jpg 300w, https:\/\/contextoanalisisperiodistico.com\/wp-content\/uploads\/2025\/10\/img-20251002-wa00514935570785641986950-768x512.jpg 768w, https:\/\/contextoanalisisperiodistico.com\/wp-content\/uploads\/2025\/10\/img-20251002-wa00514935570785641986950.jpg 1280w\" sizes=\"(max-width: 1024px) 100vw, 1024px\" \/><\/figure>\n\n\n\n<figure class=\"wp-block-image\"><img decoding=\"async\" width=\"1024\" height=\"682\" src=\"https:\/\/contextoanalisisperiodistico.com\/wp-content\/uploads\/2025\/10\/img-20251002-wa00508435744301461991128-1024x682.jpg\" alt=\"\" class=\"wp-image-46470\" srcset=\"https:\/\/contextoanalisisperiodistico.com\/wp-content\/uploads\/2025\/10\/img-20251002-wa00508435744301461991128-1024x682.jpg 1024w, https:\/\/contextoanalisisperiodistico.com\/wp-content\/uploads\/2025\/10\/img-20251002-wa00508435744301461991128-300x200.jpg 300w, https:\/\/contextoanalisisperiodistico.com\/wp-content\/uploads\/2025\/10\/img-20251002-wa00508435744301461991128-768x512.jpg 768w, https:\/\/contextoanalisisperiodistico.com\/wp-content\/uploads\/2025\/10\/img-20251002-wa00508435744301461991128-1536x1023.jpg 1536w, https:\/\/contextoanalisisperiodistico.com\/wp-content\/uploads\/2025\/10\/img-20251002-wa00508435744301461991128.jpg 1600w\" sizes=\"(max-width: 1024px) 100vw, 1024px\" \/><\/figure>\n\n\n\n<figure class=\"wp-block-image\"><img decoding=\"async\" width=\"1024\" height=\"576\" src=\"https:\/\/contextoanalisisperiodistico.com\/wp-content\/uploads\/2025\/10\/img-20251002-wa00532874245467095840782-1024x576.jpg\" alt=\"\" class=\"wp-image-46471\" srcset=\"https:\/\/contextoanalisisperiodistico.com\/wp-content\/uploads\/2025\/10\/img-20251002-wa00532874245467095840782-1024x576.jpg 1024w, https:\/\/contextoanalisisperiodistico.com\/wp-content\/uploads\/2025\/10\/img-20251002-wa00532874245467095840782-300x169.jpg 300w, https:\/\/contextoanalisisperiodistico.com\/wp-content\/uploads\/2025\/10\/img-20251002-wa00532874245467095840782-768x432.jpg 768w, https:\/\/contextoanalisisperiodistico.com\/wp-content\/uploads\/2025\/10\/img-20251002-wa00532874245467095840782.jpg 1280w\" sizes=\"(max-width: 1024px) 100vw, 1024px\" \/><\/figure>\n\n\n\n<figure class=\"wp-block-image\"><img loading=\"lazy\" decoding=\"async\" width=\"1024\" height=\"683\" src=\"https:\/\/contextoanalisisperiodistico.com\/wp-content\/uploads\/2025\/10\/img-20251002-wa00528646993542309916810-1024x683.jpg\" alt=\"\" class=\"wp-image-46472\" srcset=\"https:\/\/contextoanalisisperiodistico.com\/wp-content\/uploads\/2025\/10\/img-20251002-wa00528646993542309916810-1024x683.jpg 1024w, https:\/\/contextoanalisisperiodistico.com\/wp-content\/uploads\/2025\/10\/img-20251002-wa00528646993542309916810-300x200.jpg 300w, https:\/\/contextoanalisisperiodistico.com\/wp-content\/uploads\/2025\/10\/img-20251002-wa00528646993542309916810-768x512.jpg 768w, https:\/\/contextoanalisisperiodistico.com\/wp-content\/uploads\/2025\/10\/img-20251002-wa00528646993542309916810.jpg 1280w\" sizes=\"(max-width: 1024px) 100vw, 1024px\" \/><\/figure>\n\n\n\n<p>Oaxaca de Ju\u00e1rez, Oax. 2 de octubre de 2025.- La Secretar\u00eda de Movilidad (Semovi) puso en marcha el Operativo Transporte Seguro para el valle de Etla, mediante el cual se inspeccionaron 200 unidades en la modalidad taxi tipo B, que dan servicio en diferentes municipios de esa zona.<\/p>\n\n\n\n<p>La titular de la dependencia, Yesenia Nolasco Ram\u00edrez subray\u00f3 que estas acciones forman parte del compromiso del Gobierno que encabeza Salom\u00f3n Jara Cruz, para ordenar el transporte p\u00fablico y garantizar la seguridad en los veh\u00edculos.<\/p>\n\n\n\n<p>\u201cQueremos que cada persona usuaria viaje con confianza y que las y los operadores cumplan con todas las condiciones legales y mec\u00e1nicas que marca la ley\u201d, destac\u00f3.<\/p>\n\n\n\n<p>El dispositivo instalado en el mercado zonal de Santa Rosa Panzacola de la ciudad de Oaxaca, contempl\u00f3 la revisi\u00f3n de crom\u00e1tica, retiro de aditamentos no permitidos, inspecciones f\u00edsico-mec\u00e1nicas, verificaci\u00f3n documental de licencias y permisos.<\/p>\n\n\n\n<p>Asimismo, las personas conductoras recibieron la capacitaci\u00f3n \u201cLa violencia no es parte del viaje\u201d, a cargo de la Unidad de G\u00e9nero de la Semovi, para que ofrezcan un servicio digno y seguro a las y los usuarios.<\/p>\n\n\n\n<p>En el operativo participaron el subsecretario de Regulaci\u00f3n y Control de Transporte, Pedro Silva Salazar, as\u00ed como elementos de la Polic\u00eda Vial Estatal.<\/p>\n\n\n\n<p>La Primavera Oaxaque\u00f1a avanza en la construcci\u00f3n de un sistema de movilidad m\u00e1s seguro, accesible y eficiente para las familias.<\/p>\n\n\n\n<p>-0-<\/p>\n","protected":false},"excerpt":{"rendered":"<p>Oaxaca de Ju\u00e1rez, Oax. 2 de octubre de 2025.- La Secretar\u00eda de Movilidad (Semovi) puso&#8230;<\/p>\n","protected":false},"author":4,"featured_media":46468,"comment_status":"","ping_status":"open","sticky":false,"template":"","format":"standard","meta":{"footnotes":""},"categories":[7],"tags":[],"jetpack_sharing_enabled":true,"featured_image_urls":{"full":["https:\/\/contextoanalisisperiodistico.com\/wp-content\/uploads\/2025\/10\/IMG-20251002-WA0049.jpg",1280,854,false],"thumbnail":["https:\/\/contextoanalisisperiodistico.com\/wp-content\/uploads\/2025\/10\/IMG-20251002-WA0049-150x150.jpg",150,150,true],"medium":["https:\/\/contextoanalisisperiodistico.com\/wp-content\/uploads\/2025\/10\/IMG-20251002-WA0049-300x200.jpg",300,200,true],"medium_large":["https:\/\/contextoanalisisperiodistico.com\/wp-content\/uploads\/2025\/10\/IMG-20251002-WA0049-768x512.jpg",640,427,true],"large":["https:\/\/contextoanalisisperiodistico.com\/wp-content\/uploads\/2025\/10\/IMG-20251002-WA0049-1024x683.jpg",640,427,true],"1536x1536":["https:\/\/contextoanalisisperiodistico.com\/wp-content\/uploads\/2025\/10\/IMG-20251002-WA0049.jpg",1280,854,false],"2048x2048":["https:\/\/contextoanalisisperiodistico.com\/wp-content\/uploads\/2025\/10\/IMG-20251002-WA0049.jpg",1280,854,false],"covernews-slider-full":["https:\/\/contextoanalisisperiodistico.com\/wp-content\/uploads\/2025\/10\/IMG-20251002-WA0049-1115x715.jpg",1115,715,true],"covernews-slider-center":["https:\/\/contextoanalisisperiodistico.com\/wp-content\/uploads\/2025\/10\/IMG-20251002-WA0049-800x500.jpg",800,500,true],"covernews-featured":["https:\/\/contextoanalisisperiodistico.com\/wp-content\/uploads\/2025\/10\/IMG-20251002-WA0049-1024x683.jpg",1024,683,true],"covernews-medium":["https:\/\/contextoanalisisperiodistico.com\/wp-content\/uploads\/2025\/10\/IMG-20251002-WA0049-540x340.jpg",540,340,true],"covernews-medium-square":["https:\/\/contextoanalisisperiodistico.com\/wp-content\/uploads\/2025\/10\/IMG-20251002-WA0049-400x250.jpg",400,250,true]},"author_info":{"display_name":"Mario Gir\u00f3n","author_link":"https:\/\/contextoanalisisperiodistico.com\/index.php\/author\/director\/"},"category_info":"<a href=\"https:\/\/contextoanalisisperiodistico.com\/index.php\/category\/municipios\/\" rel=\"category tag\">Municipios<\/a>","tag_info":"Municipios","comment_count":"0","jetpack_featured_media_url":"https:\/\/contextoanalisisperiodistico.com\/wp-content\/uploads\/2025\/10\/IMG-20251002-WA0049.jpg","_links":{"self":[{"href":"https:\/\/contextoanalisisperiodistico.com\/index.php\/wp-json\/wp\/v2\/posts\/46473"}],"collection":[{"href":"https:\/\/contextoanalisisperiodistico.com\/index.php\/wp-json\/wp\/v2\/posts"}],"about":[{"href":"https:\/\/contextoanalisisperiodistico.com\/index.php\/wp-json\/wp\/v2\/types\/post"}],"author":[{"embeddable":true,"href":"https:\/\/contextoanalisisperiodistico.com\/index.php\/wp-json\/wp\/v2\/users\/4"}],"replies":[{"embeddable":true,"href":"https:\/\/contextoanalisisperiodistico.com\/index.php\/wp-json\/wp\/v2\/comments?post=46473"}],"version-history":[{"count":0,"href":"https:\/\/contextoanalisisperiodistico.com\/index.php\/wp-json\/wp\/v2\/posts\/46473\/revisions"}],"wp:featuredmedia":[{"embeddable":true,"href":"https:\/\/contextoanalisisperiodistico.com\/index.php\/wp-json\/wp\/v2\/media\/46468"}],"wp:attachment":[{"href":"https:\/\/contextoanalisisperiodistico.com\/index.php\/wp-json\/wp\/v2\/media?parent=46473"}],"wp:term":[{"taxonomy":"category","embeddable":true,"href":"https:\/\/contextoanalisisperiodistico.com\/index.php\/wp-json\/wp\/v2\/categories?post=46473"},{"taxonomy":"post_tag","embeddable":true,"href":"https:\/\/contextoanalisisperiodistico.com\/index.php\/wp-json\/wp\/v2\/tags?post=46473"}],"curies":[{"name":"wp","href":"https:\/\/api.w.org\/{rel}","templated":true}]}}