{"id":46467,"date":"2025-10-02T13:07:57","date_gmt":"2025-10-02T19:07:57","guid":{"rendered":"https:\/\/contextoanalisisperiodistico.com\/index.php\/2025\/10\/02\/leer-permite-forjar-un-pensamiento-critico-valorar-y-explorar-la-historia-salomon-jara\/"},"modified":"2025-10-02T13:07:57","modified_gmt":"2025-10-02T19:07:57","slug":"leer-permite-forjar-un-pensamiento-critico-valorar-y-explorar-la-historia-salomon-jara","status":"publish","type":"post","link":"https:\/\/contextoanalisisperiodistico.com\/index.php\/2025\/10\/02\/leer-permite-forjar-un-pensamiento-critico-valorar-y-explorar-la-historia-salomon-jara\/","title":{"rendered":"Leer permite forjar un pensamiento cr\u00edtico, valorar y explorar la historia: Salom\u00f3n Jara"},"content":{"rendered":"<div id=\"fb-root\"><\/div>\n\n<p>\u2022 El Mandatario estatal encabez\u00f3 el encuentro de \u201cFomento a la Lectura. Un pueblo leyendo para transformar su historia\u201d con estudiantes de bachillerato<\/p>\n\n\n\n<figure class=\"wp-block-image size-large\"><img fetchpriority=\"high\" decoding=\"async\" width=\"1024\" height=\"682\" src=\"https:\/\/contextoanalisisperiodistico.com\/wp-content\/uploads\/2025\/10\/img-20251002-wa00318985705392754749605-1024x682.jpg\" alt=\"\" class=\"wp-image-46462\" srcset=\"https:\/\/contextoanalisisperiodistico.com\/wp-content\/uploads\/2025\/10\/img-20251002-wa00318985705392754749605-1024x682.jpg 1024w, https:\/\/contextoanalisisperiodistico.com\/wp-content\/uploads\/2025\/10\/img-20251002-wa00318985705392754749605-300x200.jpg 300w, https:\/\/contextoanalisisperiodistico.com\/wp-content\/uploads\/2025\/10\/img-20251002-wa00318985705392754749605-768x512.jpg 768w, https:\/\/contextoanalisisperiodistico.com\/wp-content\/uploads\/2025\/10\/img-20251002-wa00318985705392754749605.jpg 1280w\" sizes=\"(max-width: 1024px) 100vw, 1024px\" \/><\/figure>\n\n\n\n<figure class=\"wp-block-image\"><img decoding=\"async\" width=\"1024\" height=\"682\" src=\"https:\/\/contextoanalisisperiodistico.com\/wp-content\/uploads\/2025\/10\/img-20251002-wa00348258333637776918588-1024x682.jpg\" alt=\"\" class=\"wp-image-46463\" srcset=\"https:\/\/contextoanalisisperiodistico.com\/wp-content\/uploads\/2025\/10\/img-20251002-wa00348258333637776918588-1024x682.jpg 1024w, https:\/\/contextoanalisisperiodistico.com\/wp-content\/uploads\/2025\/10\/img-20251002-wa00348258333637776918588-300x200.jpg 300w, https:\/\/contextoanalisisperiodistico.com\/wp-content\/uploads\/2025\/10\/img-20251002-wa00348258333637776918588-768x512.jpg 768w, https:\/\/contextoanalisisperiodistico.com\/wp-content\/uploads\/2025\/10\/img-20251002-wa00348258333637776918588.jpg 1280w\" sizes=\"(max-width: 1024px) 100vw, 1024px\" \/><\/figure>\n\n\n\n<figure class=\"wp-block-image\"><img decoding=\"async\" width=\"1024\" height=\"611\" src=\"https:\/\/contextoanalisisperiodistico.com\/wp-content\/uploads\/2025\/10\/img-20251002-wa00323807194317626416164-1024x611.jpg\" alt=\"\" class=\"wp-image-46464\" srcset=\"https:\/\/contextoanalisisperiodistico.com\/wp-content\/uploads\/2025\/10\/img-20251002-wa00323807194317626416164-1024x611.jpg 1024w, https:\/\/contextoanalisisperiodistico.com\/wp-content\/uploads\/2025\/10\/img-20251002-wa00323807194317626416164-300x179.jpg 300w, https:\/\/contextoanalisisperiodistico.com\/wp-content\/uploads\/2025\/10\/img-20251002-wa00323807194317626416164-768x458.jpg 768w, https:\/\/contextoanalisisperiodistico.com\/wp-content\/uploads\/2025\/10\/img-20251002-wa00323807194317626416164.jpg 1280w\" sizes=\"(max-width: 1024px) 100vw, 1024px\" \/><\/figure>\n\n\n\n<figure class=\"wp-block-image\"><img loading=\"lazy\" decoding=\"async\" width=\"1024\" height=\"682\" src=\"https:\/\/contextoanalisisperiodistico.com\/wp-content\/uploads\/2025\/10\/img-20251002-wa00367287385633726087679-1024x682.jpg\" alt=\"\" class=\"wp-image-46466\" srcset=\"https:\/\/contextoanalisisperiodistico.com\/wp-content\/uploads\/2025\/10\/img-20251002-wa00367287385633726087679-1024x682.jpg 1024w, https:\/\/contextoanalisisperiodistico.com\/wp-content\/uploads\/2025\/10\/img-20251002-wa00367287385633726087679-300x200.jpg 300w, https:\/\/contextoanalisisperiodistico.com\/wp-content\/uploads\/2025\/10\/img-20251002-wa00367287385633726087679-768x512.jpg 768w, https:\/\/contextoanalisisperiodistico.com\/wp-content\/uploads\/2025\/10\/img-20251002-wa00367287385633726087679.jpg 1280w\" sizes=\"(max-width: 1024px) 100vw, 1024px\" \/><\/figure>\n\n\n\n<figure class=\"wp-block-image\"><img loading=\"lazy\" decoding=\"async\" width=\"1024\" height=\"682\" src=\"https:\/\/contextoanalisisperiodistico.com\/wp-content\/uploads\/2025\/10\/img-20251002-wa00351952991461097908940-1024x682.jpg\" alt=\"\" class=\"wp-image-46465\" srcset=\"https:\/\/contextoanalisisperiodistico.com\/wp-content\/uploads\/2025\/10\/img-20251002-wa00351952991461097908940-1024x682.jpg 1024w, https:\/\/contextoanalisisperiodistico.com\/wp-content\/uploads\/2025\/10\/img-20251002-wa00351952991461097908940-300x200.jpg 300w, https:\/\/contextoanalisisperiodistico.com\/wp-content\/uploads\/2025\/10\/img-20251002-wa00351952991461097908940-768x512.jpg 768w, https:\/\/contextoanalisisperiodistico.com\/wp-content\/uploads\/2025\/10\/img-20251002-wa00351952991461097908940.jpg 1280w\" sizes=\"(max-width: 1024px) 100vw, 1024px\" \/><\/figure>\n\n\n\n<p>Santa Luc\u00eda del Camino, Oax. 2 de octubre de 2025. Como cada inicio de mes, el Gobernador de Oaxaca Salom\u00f3n Jara Cruz encabez\u00f3 un encuentro como parte del programa de \u201cFomento a la Lectura. Un pueblo leyendo para transformar su historia\u201d.<\/p>\n\n\n\n<p>Junto a estudiantes del Instituto de Estudios de Bachillerato de Oaxaca (IEBO) y el Colegio de Estudios Cient\u00edficos y Tecnol\u00f3gicos de Oaxaca (Cecyteo), comparti\u00f3 la obra, \u201cM\u00e1s Revueltas. Cinco aproximaciones a la vida de Pepe\u201d, que aborda la vida y obra del escritor, fil\u00f3sofo, revolucionario y activista pol\u00edtico mexicano, Jos\u00e9 Maximiliano Revueltas S\u00e1nchez.<\/p>\n\n\n\n<p>El Mandatario estatal expres\u00f3 que toda vez que para su gobierno la lectura permite forjar un pensamiento cr\u00edtico, valorar y explorar la historia, la cultura y los problemas del M\u00e9xico profundo; desde el inicio de su administraci\u00f3n se ha fomentado este h\u00e1bito, para brindar a las nuevas generaciones una ventana al conocimiento.<\/p>\n\n\n\n<p>Destac\u00f3 que existe un compromiso de la Primavera Oaxaque\u00f1a para incrementar los niveles de lectura, toda vez que en M\u00e9xico solo se leen 1.7 libros en promedio al a\u00f1o; cifra que contrasta con pa\u00edses como Estados Unidos o Canad\u00e1 que tiene un h\u00e1bito de 12 y 17 ejemplares anualmente.<\/p>\n\n\n\n<p>\u201cHoy en d\u00eda la tecnolog\u00eda est\u00e1 revolucionando a una gran velocidad, y hay mucho conocimiento en el mundo; por lo que el ser humano debe estar a la altura de ese desarrollo. La lectura es una aventura para conocer un mundo. Nuestra misi\u00f3n es sembrar la semilla y que esta germine para que despu\u00e9s tengamos buenos frutos, una generaci\u00f3n interesada en leer\u201d, dijo.<\/p>\n\n\n\n<p>En su oportunidad, la directora general del Instituto para la Creaci\u00f3n Literaria y Promoci\u00f3n de la Lectura, Carmen S\u00e1nchez Parada expres\u00f3 que leer es una herramienta para quitar los discursos hegem\u00f3nicos y las narrativas superfluas.<\/p>\n\n\n\n<p>\u201cA trav\u00e9s de una lectura cr\u00edtica se despierta la capacidad de cuestionar, de no dar por sentado lo que se dice desde los centros de poder, en un discurso pol\u00edtico, un texto acad\u00e9mico o una noticia. Leer es pensar, crear, imaginar, pero sobre todo es transformar al ser humano desde su interior, haci\u00e9ndolo cuestionador de su entorno y su realidad\u201d, dijo.<\/p>\n\n\n\n<p>De esta manera se dio lectura a la obra \u201cM\u00e1s Revueltas. Cinco aproximaciones a la vida de Pepe\u201d, que contiene textos de Humberto Musacchio, Fabrizio Mej\u00eda Madrid, Sa\u00fal Escobar Toledo, Francisco Gonz\u00e1lez y Armando Bartra; sobre Jos\u00e9 Revueltas, reconocido por forjar las luchas que contribuyeron a la Cuarta Transformaci\u00f3n.<\/p>\n\n\n\n<p>-0-<\/p>\n","protected":false},"excerpt":{"rendered":"<p>\u2022 El Mandatario estatal encabez\u00f3 el encuentro de \u201cFomento a la Lectura. Un pueblo leyendo&#8230;<\/p>\n","protected":false},"author":4,"featured_media":46461,"comment_status":"","ping_status":"open","sticky":false,"template":"","format":"standard","meta":{"footnotes":""},"categories":[9],"tags":[303],"jetpack_sharing_enabled":true,"featured_image_urls":{"full":["https:\/\/contextoanalisisperiodistico.com\/wp-content\/uploads\/2025\/10\/IMG-20251002-WA0033.jpg",1280,853,false],"thumbnail":["https:\/\/contextoanalisisperiodistico.com\/wp-content\/uploads\/2025\/10\/IMG-20251002-WA0033-150x150.jpg",150,150,true],"medium":["https:\/\/contextoanalisisperiodistico.com\/wp-content\/uploads\/2025\/10\/IMG-20251002-WA0033-300x200.jpg",300,200,true],"medium_large":["https:\/\/contextoanalisisperiodistico.com\/wp-content\/uploads\/2025\/10\/IMG-20251002-WA0033-768x512.jpg",640,427,true],"large":["https:\/\/contextoanalisisperiodistico.com\/wp-content\/uploads\/2025\/10\/IMG-20251002-WA0033-1024x682.jpg",640,426,true],"1536x1536":["https:\/\/contextoanalisisperiodistico.com\/wp-content\/uploads\/2025\/10\/IMG-20251002-WA0033.jpg",1280,853,false],"2048x2048":["https:\/\/contextoanalisisperiodistico.com\/wp-content\/uploads\/2025\/10\/IMG-20251002-WA0033.jpg",1280,853,false],"covernews-slider-full":["https:\/\/contextoanalisisperiodistico.com\/wp-content\/uploads\/2025\/10\/IMG-20251002-WA0033-1115x715.jpg",1115,715,true],"covernews-slider-center":["https:\/\/contextoanalisisperiodistico.com\/wp-content\/uploads\/2025\/10\/IMG-20251002-WA0033-800x500.jpg",800,500,true],"covernews-featured":["https:\/\/contextoanalisisperiodistico.com\/wp-content\/uploads\/2025\/10\/IMG-20251002-WA0033-1024x682.jpg",1024,682,true],"covernews-medium":["https:\/\/contextoanalisisperiodistico.com\/wp-content\/uploads\/2025\/10\/IMG-20251002-WA0033-540x340.jpg",540,340,true],"covernews-medium-square":["https:\/\/contextoanalisisperiodistico.com\/wp-content\/uploads\/2025\/10\/IMG-20251002-WA0033-400x250.jpg",400,250,true]},"author_info":{"display_name":"Mario Gir\u00f3n","author_link":"https:\/\/contextoanalisisperiodistico.com\/index.php\/author\/director\/"},"category_info":"<a href=\"https:\/\/contextoanalisisperiodistico.com\/index.php\/category\/politica\/\" rel=\"category tag\">Pol\u00edtica<\/a>","tag_info":"Pol\u00edtica","comment_count":"0","jetpack_featured_media_url":"https:\/\/contextoanalisisperiodistico.com\/wp-content\/uploads\/2025\/10\/IMG-20251002-WA0033.jpg","_links":{"self":[{"href":"https:\/\/contextoanalisisperiodistico.com\/index.php\/wp-json\/wp\/v2\/posts\/46467"}],"collection":[{"href":"https:\/\/contextoanalisisperiodistico.com\/index.php\/wp-json\/wp\/v2\/posts"}],"about":[{"href":"https:\/\/contextoanalisisperiodistico.com\/index.php\/wp-json\/wp\/v2\/types\/post"}],"author":[{"embeddable":true,"href":"https:\/\/contextoanalisisperiodistico.com\/index.php\/wp-json\/wp\/v2\/users\/4"}],"replies":[{"embeddable":true,"href":"https:\/\/contextoanalisisperiodistico.com\/index.php\/wp-json\/wp\/v2\/comments?post=46467"}],"version-history":[{"count":0,"href":"https:\/\/contextoanalisisperiodistico.com\/index.php\/wp-json\/wp\/v2\/posts\/46467\/revisions"}],"wp:featuredmedia":[{"embeddable":true,"href":"https:\/\/contextoanalisisperiodistico.com\/index.php\/wp-json\/wp\/v2\/media\/46461"}],"wp:attachment":[{"href":"https:\/\/contextoanalisisperiodistico.com\/index.php\/wp-json\/wp\/v2\/media?parent=46467"}],"wp:term":[{"taxonomy":"category","embeddable":true,"href":"https:\/\/contextoanalisisperiodistico.com\/index.php\/wp-json\/wp\/v2\/categories?post=46467"},{"taxonomy":"post_tag","embeddable":true,"href":"https:\/\/contextoanalisisperiodistico.com\/index.php\/wp-json\/wp\/v2\/tags?post=46467"}],"curies":[{"name":"wp","href":"https:\/\/api.w.org\/{rel}","templated":true}]}}