{"id":46442,"date":"2025-09-30T19:00:41","date_gmt":"2025-10-01T01:00:41","guid":{"rendered":"https:\/\/contextoanalisisperiodistico.com\/index.php\/2025\/09\/30\/atiende-gobierno-de-oaxaca-demandas-de-supervisores-y-jefes-de-sector-educativo\/"},"modified":"2025-09-30T19:00:41","modified_gmt":"2025-10-01T01:00:41","slug":"atiende-gobierno-de-oaxaca-demandas-de-supervisores-y-jefes-de-sector-educativo","status":"publish","type":"post","link":"https:\/\/contextoanalisisperiodistico.com\/index.php\/2025\/09\/30\/atiende-gobierno-de-oaxaca-demandas-de-supervisores-y-jefes-de-sector-educativo\/","title":{"rendered":"Atiende Gobierno de Oaxaca demandas de supervisores y jefes de sector educativo"},"content":{"rendered":"<div id=\"fb-root\"><\/div>\n\n<p>\u2022 En acuerdo con la SEP federal y la Secci\u00f3n XXII de la SNTE, se ha convenido que la totalidad de este personal se beneficiar\u00e1 del presupuesto de 800 millones de pesos autorizado<\/p>\n\n\n\n<p>Oaxaca de Ju\u00e1rez, Oax. 30 de septiembre de 2025.- En un acto de voluntad pol\u00edtica y responsabilidad administrativa, el Instituto Estatal de Educaci\u00f3n P\u00fablica de Oaxaca (IEEPO) inform\u00f3 que ha dado tr\u00e1mite a los expedientes para la regularizaci\u00f3n de los supervisores y jefes de sector del sistema educativo de la entidad.<\/p>\n\n\n\n<p>Detall\u00f3 que en coordinaci\u00f3n con la Secretar\u00eda de Educaci\u00f3n P\u00fablica (SEP) del Gobierno de M\u00e9xico, al d\u00eda de hoy, se han resuelto favorablemente 43 casos en diferentes niveles educativos.<\/p>\n\n\n\n<p>Este proceso se realiza debido a que la Secci\u00f3n XXII del Sindicato Nacional de Trabajadores de la Educaci\u00f3n (SNTE) no consider\u00f3 a este personal en la distribuci\u00f3n de 700 millones de pesos autorizados, en diciembre de 2023, por el Gobierno Federal.<\/p>\n\n\n\n<p>Sin embargo, en la mesa tripartita, celebrada el 25 de septiembre de 2025, en la Ciudad de M\u00e9xico; la SEP inform\u00f3 que los supervisores y jefes de sector ser\u00e1n beneficiados al 100 por ciento en el presupuesto de los 800 millones de pesos, autorizados por la administraci\u00f3n federal para su regularizaci\u00f3n; lo que, al a\u00f1o, requerir\u00e1 una inversi\u00f3n de 109 millones 253 mil 700 pesos.<\/p>\n\n\n\n<p>En este sentido, en cumplimiento al compromiso hecho, los gobiernos de M\u00e9xico y Oaxaca han continuado con la recepci\u00f3n, an\u00e1lisis y procesamiento de la documentaci\u00f3n pendiente de los trabajadores, con el objetivo de avanzar en los rezagos en materia educativa.<\/p>\n\n\n\n<p>Es as\u00ed que se han recibido, fuera del plazo fijado en la minuta de acuerdos con fecha 18 de junio del presente a\u00f1o, 103 expedientes corresponden a supervisores y 28 a jefes de sector; para su gesti\u00f3n y autorizaci\u00f3n ante la SEP.<\/p>\n\n\n\n<p>El IEEPO adelant\u00f3 que en los casos que no sean considerados en esta nueva asignaci\u00f3n, la SEP iniciar\u00e1 el proceso ordinario de ascenso y promoci\u00f3n de supervisores y jefes de sector a trav\u00e9s de los procesos normativos vigentes.<\/p>\n\n\n\n<p>-0-<\/p>\n","protected":false},"excerpt":{"rendered":"<p>\u2022 En acuerdo con la SEP federal y la Secci\u00f3n XXII de la SNTE, se&#8230;<\/p>\n","protected":false},"author":4,"featured_media":46441,"comment_status":"","ping_status":"open","sticky":false,"template":"","format":"standard","meta":{"footnotes":""},"categories":[9],"tags":[303],"jetpack_sharing_enabled":true,"featured_image_urls":{"full":["https:\/\/contextoanalisisperiodistico.com\/wp-content\/uploads\/2025\/09\/IMG-20250930-WA0081.jpg",1600,1600,false],"thumbnail":["https:\/\/contextoanalisisperiodistico.com\/wp-content\/uploads\/2025\/09\/IMG-20250930-WA0081-150x150.jpg",150,150,true],"medium":["https:\/\/contextoanalisisperiodistico.com\/wp-content\/uploads\/2025\/09\/IMG-20250930-WA0081-300x300.jpg",300,300,true],"medium_large":["https:\/\/contextoanalisisperiodistico.com\/wp-content\/uploads\/2025\/09\/IMG-20250930-WA0081-768x768.jpg",640,640,true],"large":["https:\/\/contextoanalisisperiodistico.com\/wp-content\/uploads\/2025\/09\/IMG-20250930-WA0081-1024x1024.jpg",640,640,true],"1536x1536":["https:\/\/contextoanalisisperiodistico.com\/wp-content\/uploads\/2025\/09\/IMG-20250930-WA0081-1536x1536.jpg",1536,1536,true],"2048x2048":["https:\/\/contextoanalisisperiodistico.com\/wp-content\/uploads\/2025\/09\/IMG-20250930-WA0081.jpg",1600,1600,false],"covernews-slider-full":["https:\/\/contextoanalisisperiodistico.com\/wp-content\/uploads\/2025\/09\/IMG-20250930-WA0081-1115x715.jpg",1115,715,true],"covernews-slider-center":["https:\/\/contextoanalisisperiodistico.com\/wp-content\/uploads\/2025\/09\/IMG-20250930-WA0081-800x500.jpg",800,500,true],"covernews-featured":["https:\/\/contextoanalisisperiodistico.com\/wp-content\/uploads\/2025\/09\/IMG-20250930-WA0081-1024x1024.jpg",1024,1024,true],"covernews-medium":["https:\/\/contextoanalisisperiodistico.com\/wp-content\/uploads\/2025\/09\/IMG-20250930-WA0081-540x340.jpg",540,340,true],"covernews-medium-square":["https:\/\/contextoanalisisperiodistico.com\/wp-content\/uploads\/2025\/09\/IMG-20250930-WA0081-400x250.jpg",400,250,true]},"author_info":{"display_name":"Mario Gir\u00f3n","author_link":"https:\/\/contextoanalisisperiodistico.com\/index.php\/author\/director\/"},"category_info":"<a href=\"https:\/\/contextoanalisisperiodistico.com\/index.php\/category\/politica\/\" rel=\"category tag\">Pol\u00edtica<\/a>","tag_info":"Pol\u00edtica","comment_count":"0","jetpack_featured_media_url":"https:\/\/contextoanalisisperiodistico.com\/wp-content\/uploads\/2025\/09\/IMG-20250930-WA0081.jpg","_links":{"self":[{"href":"https:\/\/contextoanalisisperiodistico.com\/index.php\/wp-json\/wp\/v2\/posts\/46442"}],"collection":[{"href":"https:\/\/contextoanalisisperiodistico.com\/index.php\/wp-json\/wp\/v2\/posts"}],"about":[{"href":"https:\/\/contextoanalisisperiodistico.com\/index.php\/wp-json\/wp\/v2\/types\/post"}],"author":[{"embeddable":true,"href":"https:\/\/contextoanalisisperiodistico.com\/index.php\/wp-json\/wp\/v2\/users\/4"}],"replies":[{"embeddable":true,"href":"https:\/\/contextoanalisisperiodistico.com\/index.php\/wp-json\/wp\/v2\/comments?post=46442"}],"version-history":[{"count":0,"href":"https:\/\/contextoanalisisperiodistico.com\/index.php\/wp-json\/wp\/v2\/posts\/46442\/revisions"}],"wp:featuredmedia":[{"embeddable":true,"href":"https:\/\/contextoanalisisperiodistico.com\/index.php\/wp-json\/wp\/v2\/media\/46441"}],"wp:attachment":[{"href":"https:\/\/contextoanalisisperiodistico.com\/index.php\/wp-json\/wp\/v2\/media?parent=46442"}],"wp:term":[{"taxonomy":"category","embeddable":true,"href":"https:\/\/contextoanalisisperiodistico.com\/index.php\/wp-json\/wp\/v2\/categories?post=46442"},{"taxonomy":"post_tag","embeddable":true,"href":"https:\/\/contextoanalisisperiodistico.com\/index.php\/wp-json\/wp\/v2\/tags?post=46442"}],"curies":[{"name":"wp","href":"https:\/\/api.w.org\/{rel}","templated":true}]}}