{"id":46440,"date":"2025-09-30T18:54:21","date_gmt":"2025-10-01T00:54:21","guid":{"rendered":"https:\/\/contextoanalisisperiodistico.com\/index.php\/2025\/09\/30\/reconoce-nino-morales-resultados-en-comparecencia-de-titular-de-gobernacion\/"},"modified":"2025-09-30T18:54:21","modified_gmt":"2025-10-01T00:54:21","slug":"reconoce-nino-morales-resultados-en-comparecencia-de-titular-de-gobernacion","status":"publish","type":"post","link":"https:\/\/contextoanalisisperiodistico.com\/index.php\/2025\/09\/30\/reconoce-nino-morales-resultados-en-comparecencia-de-titular-de-gobernacion\/","title":{"rendered":"Reconoce Nino Morales resultados en comparecencia de titular de Gobernaci\u00f3n"},"content":{"rendered":"<div id=\"fb-root\"><\/div>\n\n<p>La comparecencia de la secretaria de Gobernaci\u00f3n Rosa Icela Rodriguez, ante el Senado de la Rep\u00fablica, son resultados concretos que reflejan la transformaci\u00f3n de M\u00e9xico, asever\u00f3 el senador oaxaque\u00f1o Antonino Morales Toledo.<\/p>\n\n\n\n<p>A trav\u00e9s de sus redes sociales, el legislador zapoteco reconoci\u00f3 el liderazgo de la titular de la secretar\u00eda de Gobernaci\u00f3n y, por supuesto de la presidenta la Doctora Claudia Sheinbaum Pardo, por el trabajo en equipo que encabezan y que refleja que M\u00e9xico es grande y est\u00e1 en paz.<\/p>\n\n\n\n<p>Nino Morales se\u00f1al\u00f3 que 13.5 millones de mexicanos y mexicanas han superado la pobreza, lo que significan historias de vida cambiadas, a partir de la transformaci\u00f3n del pa\u00eds.<\/p>\n\n\n\n<p>Y esto se logra, agreg\u00f3 Morales Toledo, con una inversi\u00f3n social millonaria que llega a quien m\u00e1s lo necesita, con un salario m\u00ednimo, duplicado y una econom\u00eda que por fin piensa en el bienestar de las mayor\u00edas.<\/p>\n\n\n\n<p>El senador morenista tambi\u00e9n hizo menci\u00f3n del programa \u00abM\u00e9xico te abraza\u00bb, al indicar que frente a pol\u00edticas inhumanas, el gobierno de M\u00e9xico, responde con una estrategia migratoria con sensibilidad humana que protege los derechos de nuestra gente.<\/p>\n\n\n\n<p>\u00abEste es el M\u00e9xico que estamos construyendo: uno que pone #PrimeroALosPobres, que no da la espalda a los olvidados y donde la esperanza vence al miedo\u00bb, finaliz\u00f3 Nino Morales.<\/p>\n","protected":false},"excerpt":{"rendered":"<p>La comparecencia de la secretaria de Gobernaci\u00f3n Rosa Icela Rodriguez, ante el Senado de la&#8230;<\/p>\n","protected":false},"author":4,"featured_media":46439,"comment_status":"","ping_status":"open","sticky":false,"template":"","format":"standard","meta":{"footnotes":""},"categories":[9],"tags":[156,20,259,182,195],"jetpack_sharing_enabled":true,"featured_image_urls":{"full":["https:\/\/contextoanalisisperiodistico.com\/wp-content\/uploads\/2025\/09\/IMG-20250930-WA0080.jpg",666,1440,false],"thumbnail":["https:\/\/contextoanalisisperiodistico.com\/wp-content\/uploads\/2025\/09\/IMG-20250930-WA0080-150x150.jpg",150,150,true],"medium":["https:\/\/contextoanalisisperiodistico.com\/wp-content\/uploads\/2025\/09\/IMG-20250930-WA0080-139x300.jpg",139,300,true],"medium_large":["https:\/\/contextoanalisisperiodistico.com\/wp-content\/uploads\/2025\/09\/IMG-20250930-WA0080.jpg",640,1384,false],"large":["https:\/\/contextoanalisisperiodistico.com\/wp-content\/uploads\/2025\/09\/IMG-20250930-WA0080-474x1024.jpg",474,1024,true],"1536x1536":["https:\/\/contextoanalisisperiodistico.com\/wp-content\/uploads\/2025\/09\/IMG-20250930-WA0080.jpg",666,1440,false],"2048x2048":["https:\/\/contextoanalisisperiodistico.com\/wp-content\/uploads\/2025\/09\/IMG-20250930-WA0080.jpg",666,1440,false],"covernews-slider-full":["https:\/\/contextoanalisisperiodistico.com\/wp-content\/uploads\/2025\/09\/IMG-20250930-WA0080-666x715.jpg",666,715,true],"covernews-slider-center":["https:\/\/contextoanalisisperiodistico.com\/wp-content\/uploads\/2025\/09\/IMG-20250930-WA0080-666x500.jpg",666,500,true],"covernews-featured":["https:\/\/contextoanalisisperiodistico.com\/wp-content\/uploads\/2025\/09\/IMG-20250930-WA0080.jpg",666,1440,false],"covernews-medium":["https:\/\/contextoanalisisperiodistico.com\/wp-content\/uploads\/2025\/09\/IMG-20250930-WA0080-540x340.jpg",540,340,true],"covernews-medium-square":["https:\/\/contextoanalisisperiodistico.com\/wp-content\/uploads\/2025\/09\/IMG-20250930-WA0080-400x250.jpg",400,250,true]},"author_info":{"display_name":"Mario Gir\u00f3n","author_link":"https:\/\/contextoanalisisperiodistico.com\/index.php\/author\/director\/"},"category_info":"<a href=\"https:\/\/contextoanalisisperiodistico.com\/index.php\/category\/politica\/\" rel=\"category tag\">Pol\u00edtica<\/a>","tag_info":"Pol\u00edtica","comment_count":"0","jetpack_featured_media_url":"https:\/\/contextoanalisisperiodistico.com\/wp-content\/uploads\/2025\/09\/IMG-20250930-WA0080.jpg","_links":{"self":[{"href":"https:\/\/contextoanalisisperiodistico.com\/index.php\/wp-json\/wp\/v2\/posts\/46440"}],"collection":[{"href":"https:\/\/contextoanalisisperiodistico.com\/index.php\/wp-json\/wp\/v2\/posts"}],"about":[{"href":"https:\/\/contextoanalisisperiodistico.com\/index.php\/wp-json\/wp\/v2\/types\/post"}],"author":[{"embeddable":true,"href":"https:\/\/contextoanalisisperiodistico.com\/index.php\/wp-json\/wp\/v2\/users\/4"}],"replies":[{"embeddable":true,"href":"https:\/\/contextoanalisisperiodistico.com\/index.php\/wp-json\/wp\/v2\/comments?post=46440"}],"version-history":[{"count":0,"href":"https:\/\/contextoanalisisperiodistico.com\/index.php\/wp-json\/wp\/v2\/posts\/46440\/revisions"}],"wp:featuredmedia":[{"embeddable":true,"href":"https:\/\/contextoanalisisperiodistico.com\/index.php\/wp-json\/wp\/v2\/media\/46439"}],"wp:attachment":[{"href":"https:\/\/contextoanalisisperiodistico.com\/index.php\/wp-json\/wp\/v2\/media?parent=46440"}],"wp:term":[{"taxonomy":"category","embeddable":true,"href":"https:\/\/contextoanalisisperiodistico.com\/index.php\/wp-json\/wp\/v2\/categories?post=46440"},{"taxonomy":"post_tag","embeddable":true,"href":"https:\/\/contextoanalisisperiodistico.com\/index.php\/wp-json\/wp\/v2\/tags?post=46440"}],"curies":[{"name":"wp","href":"https:\/\/api.w.org\/{rel}","templated":true}]}}