{"id":46438,"date":"2025-09-30T16:20:14","date_gmt":"2025-09-30T22:20:14","guid":{"rendered":"https:\/\/contextoanalisisperiodistico.com\/index.php\/2025\/09\/30\/con-latidos-vecinales-se-reafirma-el-compromiso-con-la-prevencion-y-la-convivencia-en-la-capital\/"},"modified":"2025-09-30T16:20:14","modified_gmt":"2025-09-30T22:20:14","slug":"con-latidos-vecinales-se-reafirma-el-compromiso-con-la-prevencion-y-la-convivencia-en-la-capital","status":"publish","type":"post","link":"https:\/\/contextoanalisisperiodistico.com\/index.php\/2025\/09\/30\/con-latidos-vecinales-se-reafirma-el-compromiso-con-la-prevencion-y-la-convivencia-en-la-capital\/","title":{"rendered":"Con Latidos Vecinales se reafirma el compromiso con la prevenci\u00f3n y la convivencia en la capital"},"content":{"rendered":"<div id=\"fb-root\"><\/div>\n\n<ul class=\"wp-block-list\">\n<li>Cultura, deporte y prevenci\u00f3n para fortalecer la paz y la convivencia ciudadana<\/li>\n<\/ul>\n\n\n\n<figure class=\"wp-block-image size-large\"><img fetchpriority=\"high\" decoding=\"async\" width=\"1024\" height=\"763\" src=\"https:\/\/contextoanalisisperiodistico.com\/wp-content\/uploads\/2025\/09\/img-20250930-wa00735761672273634495153-1024x763.jpg\" alt=\"\" class=\"wp-image-46437\" srcset=\"https:\/\/contextoanalisisperiodistico.com\/wp-content\/uploads\/2025\/09\/img-20250930-wa00735761672273634495153-1024x763.jpg 1024w, https:\/\/contextoanalisisperiodistico.com\/wp-content\/uploads\/2025\/09\/img-20250930-wa00735761672273634495153-300x224.jpg 300w, https:\/\/contextoanalisisperiodistico.com\/wp-content\/uploads\/2025\/09\/img-20250930-wa00735761672273634495153-768x572.jpg 768w, https:\/\/contextoanalisisperiodistico.com\/wp-content\/uploads\/2025\/09\/img-20250930-wa00735761672273634495153.jpg 1436w\" sizes=\"(max-width: 1024px) 100vw, 1024px\" \/><\/figure>\n\n\n\n<figure class=\"wp-block-image\"><img decoding=\"async\" width=\"1024\" height=\"685\" src=\"https:\/\/contextoanalisisperiodistico.com\/wp-content\/uploads\/2025\/09\/img-20250930-wa00721433759827403473293-1024x685.jpg\" alt=\"\" class=\"wp-image-46436\" srcset=\"https:\/\/contextoanalisisperiodistico.com\/wp-content\/uploads\/2025\/09\/img-20250930-wa00721433759827403473293-1024x685.jpg 1024w, https:\/\/contextoanalisisperiodistico.com\/wp-content\/uploads\/2025\/09\/img-20250930-wa00721433759827403473293-300x201.jpg 300w, https:\/\/contextoanalisisperiodistico.com\/wp-content\/uploads\/2025\/09\/img-20250930-wa00721433759827403473293-768x514.jpg 768w, https:\/\/contextoanalisisperiodistico.com\/wp-content\/uploads\/2025\/09\/img-20250930-wa00721433759827403473293.jpg 1440w\" sizes=\"(max-width: 1024px) 100vw, 1024px\" \/><\/figure>\n\n\n\n<figure class=\"wp-block-image\"><img decoding=\"async\" width=\"1024\" height=\"685\" src=\"https:\/\/contextoanalisisperiodistico.com\/wp-content\/uploads\/2025\/09\/img-20250930-wa00744080729232943014755-1024x685.jpg\" alt=\"\" class=\"wp-image-46435\" srcset=\"https:\/\/contextoanalisisperiodistico.com\/wp-content\/uploads\/2025\/09\/img-20250930-wa00744080729232943014755-1024x685.jpg 1024w, https:\/\/contextoanalisisperiodistico.com\/wp-content\/uploads\/2025\/09\/img-20250930-wa00744080729232943014755-300x201.jpg 300w, https:\/\/contextoanalisisperiodistico.com\/wp-content\/uploads\/2025\/09\/img-20250930-wa00744080729232943014755-768x514.jpg 768w, https:\/\/contextoanalisisperiodistico.com\/wp-content\/uploads\/2025\/09\/img-20250930-wa00744080729232943014755.jpg 1440w\" sizes=\"(max-width: 1024px) 100vw, 1024px\" \/><\/figure>\n\n\n\n<p>Oaxaca de Ju\u00e1rez, Oax. 30 de septiembre de 2025.- El programa Latidos Vecinales se consolida como una de las principales estrategias de prevenci\u00f3n y convivencia en la capital oaxaque\u00f1a, llevando cultura, deporte y actividades educativas a colonias y agencias. As\u00ed lo destac\u00f3 el presidente municipal Ray Chagoya durante su conferencia de prensa, donde anunci\u00f3 la cuarta semana de actividades.<\/p>\n\n\n\n<p>El programa se desarrollar\u00e1 en la cancha de b\u00e1squetbol de San Juan Chapultepec el jueves 2 de octubre, en la colonia Am\u00e9rica Norte el viernes 3 de octubre y en la Agencia Municipal de San Felipe del Agua el s\u00e1bado 4 de octubre .<\/p>\n\n\n\n<p>Las y los asistentes podr\u00e1n disfrutar de talleres de pintura, dibujo y manualidades, actividades de fomento a la lectura y educaci\u00f3n ambiental, adem\u00e1s de juegos como loter\u00eda, memoramas y serpientes y escaleras.<\/p>\n\n\n\n<p>Tambi\u00e9n se impartir\u00e1n pl\u00e1ticas de prevenci\u00f3n sobre violencia familiar, de g\u00e9nero y educaci\u00f3n sexual, se realizar\u00e1n din\u00e1micas de activaci\u00f3n f\u00edsica y habr\u00e1 servicios de valoraci\u00f3n en fisioterapia y odontolog\u00eda.<\/p>\n\n\n\n<p>El presidente municipal subray\u00f3 que con Latidos Vecinales se crean espacios de encuentro donde ni\u00f1as, ni\u00f1os, j\u00f3venes y familias encuentran opciones recreativas y educativas que contribuyen a la construcci\u00f3n de una ciudad m\u00e1s segura y con bienestar para todas y todos.<\/p>\n","protected":false},"excerpt":{"rendered":"<p>Oaxaca de Ju\u00e1rez, Oax. 30 de septiembre de 2025.- El programa Latidos Vecinales se consolida&#8230;<\/p>\n","protected":false},"author":4,"featured_media":46434,"comment_status":"","ping_status":"open","sticky":false,"template":"","format":"standard","meta":{"footnotes":""},"categories":[9],"tags":[316,302,303,178],"jetpack_sharing_enabled":true,"featured_image_urls":{"full":["https:\/\/contextoanalisisperiodistico.com\/wp-content\/uploads\/2025\/09\/IMG-20250930-WA0071.jpg",1600,1070,false],"thumbnail":["https:\/\/contextoanalisisperiodistico.com\/wp-content\/uploads\/2025\/09\/IMG-20250930-WA0071-150x150.jpg",150,150,true],"medium":["https:\/\/contextoanalisisperiodistico.com\/wp-content\/uploads\/2025\/09\/IMG-20250930-WA0071-300x201.jpg",300,201,true],"medium_large":["https:\/\/contextoanalisisperiodistico.com\/wp-content\/uploads\/2025\/09\/IMG-20250930-WA0071-768x514.jpg",640,428,true],"large":["https:\/\/contextoanalisisperiodistico.com\/wp-content\/uploads\/2025\/09\/IMG-20250930-WA0071-1024x685.jpg",640,428,true],"1536x1536":["https:\/\/contextoanalisisperiodistico.com\/wp-content\/uploads\/2025\/09\/IMG-20250930-WA0071-1536x1027.jpg",1536,1027,true],"2048x2048":["https:\/\/contextoanalisisperiodistico.com\/wp-content\/uploads\/2025\/09\/IMG-20250930-WA0071.jpg",1600,1070,false],"covernews-slider-full":["https:\/\/contextoanalisisperiodistico.com\/wp-content\/uploads\/2025\/09\/IMG-20250930-WA0071-1115x715.jpg",1115,715,true],"covernews-slider-center":["https:\/\/contextoanalisisperiodistico.com\/wp-content\/uploads\/2025\/09\/IMG-20250930-WA0071-800x500.jpg",800,500,true],"covernews-featured":["https:\/\/contextoanalisisperiodistico.com\/wp-content\/uploads\/2025\/09\/IMG-20250930-WA0071-1024x685.jpg",1024,685,true],"covernews-medium":["https:\/\/contextoanalisisperiodistico.com\/wp-content\/uploads\/2025\/09\/IMG-20250930-WA0071-540x340.jpg",540,340,true],"covernews-medium-square":["https:\/\/contextoanalisisperiodistico.com\/wp-content\/uploads\/2025\/09\/IMG-20250930-WA0071-400x250.jpg",400,250,true]},"author_info":{"display_name":"Mario Gir\u00f3n","author_link":"https:\/\/contextoanalisisperiodistico.com\/index.php\/author\/director\/"},"category_info":"<a href=\"https:\/\/contextoanalisisperiodistico.com\/index.php\/category\/politica\/\" rel=\"category tag\">Pol\u00edtica<\/a>","tag_info":"Pol\u00edtica","comment_count":"0","jetpack_featured_media_url":"https:\/\/contextoanalisisperiodistico.com\/wp-content\/uploads\/2025\/09\/IMG-20250930-WA0071.jpg","_links":{"self":[{"href":"https:\/\/contextoanalisisperiodistico.com\/index.php\/wp-json\/wp\/v2\/posts\/46438"}],"collection":[{"href":"https:\/\/contextoanalisisperiodistico.com\/index.php\/wp-json\/wp\/v2\/posts"}],"about":[{"href":"https:\/\/contextoanalisisperiodistico.com\/index.php\/wp-json\/wp\/v2\/types\/post"}],"author":[{"embeddable":true,"href":"https:\/\/contextoanalisisperiodistico.com\/index.php\/wp-json\/wp\/v2\/users\/4"}],"replies":[{"embeddable":true,"href":"https:\/\/contextoanalisisperiodistico.com\/index.php\/wp-json\/wp\/v2\/comments?post=46438"}],"version-history":[{"count":0,"href":"https:\/\/contextoanalisisperiodistico.com\/index.php\/wp-json\/wp\/v2\/posts\/46438\/revisions"}],"wp:featuredmedia":[{"embeddable":true,"href":"https:\/\/contextoanalisisperiodistico.com\/index.php\/wp-json\/wp\/v2\/media\/46434"}],"wp:attachment":[{"href":"https:\/\/contextoanalisisperiodistico.com\/index.php\/wp-json\/wp\/v2\/media?parent=46438"}],"wp:term":[{"taxonomy":"category","embeddable":true,"href":"https:\/\/contextoanalisisperiodistico.com\/index.php\/wp-json\/wp\/v2\/categories?post=46438"},{"taxonomy":"post_tag","embeddable":true,"href":"https:\/\/contextoanalisisperiodistico.com\/index.php\/wp-json\/wp\/v2\/tags?post=46438"}],"curies":[{"name":"wp","href":"https:\/\/api.w.org\/{rel}","templated":true}]}}