{"id":46433,"date":"2025-09-30T15:54:29","date_gmt":"2025-09-30T21:54:29","guid":{"rendered":"https:\/\/contextoanalisisperiodistico.com\/index.php\/2025\/09\/30\/capacita-sso-a-personal-de-salud-sobre-infecciones-asociadas-a-la-atencion-medica\/"},"modified":"2025-09-30T15:54:29","modified_gmt":"2025-09-30T21:54:29","slug":"capacita-sso-a-personal-de-salud-sobre-infecciones-asociadas-a-la-atencion-medica","status":"publish","type":"post","link":"https:\/\/contextoanalisisperiodistico.com\/index.php\/2025\/09\/30\/capacita-sso-a-personal-de-salud-sobre-infecciones-asociadas-a-la-atencion-medica\/","title":{"rendered":"Capacita SSO a personal de salud sobre infecciones asociadas a la atenci\u00f3n m\u00e9dica"},"content":{"rendered":"<div id=\"fb-root\"><\/div>\n\n<p>\u2022 El taller permiti\u00f3 unificar criterios y acciones que apuntalen la prevenci\u00f3n, detecci\u00f3n y control oportuno de esta problem\u00e1tica<\/p>\n\n\n\n<figure class=\"wp-block-image size-large\"><img fetchpriority=\"high\" decoding=\"async\" width=\"1024\" height=\"768\" src=\"https:\/\/contextoanalisisperiodistico.com\/wp-content\/uploads\/2025\/09\/img-20250930-wa00362467769107953831073-1024x768.jpg\" alt=\"\" class=\"wp-image-46432\" srcset=\"https:\/\/contextoanalisisperiodistico.com\/wp-content\/uploads\/2025\/09\/img-20250930-wa00362467769107953831073-1024x768.jpg 1024w, https:\/\/contextoanalisisperiodistico.com\/wp-content\/uploads\/2025\/09\/img-20250930-wa00362467769107953831073-300x225.jpg 300w, https:\/\/contextoanalisisperiodistico.com\/wp-content\/uploads\/2025\/09\/img-20250930-wa00362467769107953831073-768x576.jpg 768w, https:\/\/contextoanalisisperiodistico.com\/wp-content\/uploads\/2025\/09\/img-20250930-wa00362467769107953831073-1536x1152.jpg 1536w, https:\/\/contextoanalisisperiodistico.com\/wp-content\/uploads\/2025\/09\/img-20250930-wa00362467769107953831073.jpg 1600w\" sizes=\"(max-width: 1024px) 100vw, 1024px\" \/><\/figure>\n\n\n\n<p>Oaxaca de Ju\u00e1rez, Oax. 30 de septiembre de 2025.- Con el objetivo de fortalecer conocimientos, capacidades y calidad en la atenci\u00f3n m\u00e9dica; Servicios de Salud de Oaxaca (SSO) llev\u00f3 a cabo el Curso-Taller: Infecciones Asociadas a la Atenci\u00f3n de la Salud con enfoque en definiciones operacionales.<\/p>\n\n\n\n<p>Durante la jornada acad\u00e9mica, personal de la Unidad de Vigilancia Epidemiol\u00f3gica de las Unidades Centinelas de la Red Hospitalaria de Vigilancia Epidemiol\u00f3gica (RHoVE) y de las Cl\u00ednicas de Terapia de Infusi\u00f3n analizaron desde el panorama epidemiol\u00f3gico general hasta las definiciones operacionales de los distintos tipos de infecciones.<\/p>\n\n\n\n<p>Adem\u00e1s, revisaron el papel estrat\u00e9gico de los comit\u00e9s hospitalarios y las \u00e1reas de calidad.<\/p>\n\n\n\n<p>El taller permiti\u00f3 unificar criterios y acciones que apuntalen la prevenci\u00f3n, detecci\u00f3n y control oportuno de infecciones relacionadas con la atenci\u00f3n en los establecimientos de salud.<\/p>\n\n\n\n<p>Tambi\u00e9n, las y los participantes compartieron experiencias, resolvieron dudas y avanzaron hacia un objetivo com\u00fan: brindar servicios de salud m\u00e1s eficientes y humanos, as\u00ed como, consolidar la seguridad hospitalaria en Oaxaca.<\/p>\n\n\n\n<p>-0-<\/p>\n","protected":false},"excerpt":{"rendered":"<p>\u2022 El taller permiti\u00f3 unificar criterios y acciones que apuntalen la prevenci\u00f3n, detecci\u00f3n y control&#8230;<\/p>\n","protected":false},"author":4,"featured_media":46431,"comment_status":"","ping_status":"open","sticky":false,"template":"","format":"standard","meta":{"footnotes":""},"categories":[92],"tags":[347],"jetpack_sharing_enabled":true,"featured_image_urls":{"full":["https:\/\/contextoanalisisperiodistico.com\/wp-content\/uploads\/2025\/09\/IMG-20250930-WA0037.jpg",1280,960,false],"thumbnail":["https:\/\/contextoanalisisperiodistico.com\/wp-content\/uploads\/2025\/09\/IMG-20250930-WA0037-150x150.jpg",150,150,true],"medium":["https:\/\/contextoanalisisperiodistico.com\/wp-content\/uploads\/2025\/09\/IMG-20250930-WA0037-300x225.jpg",300,225,true],"medium_large":["https:\/\/contextoanalisisperiodistico.com\/wp-content\/uploads\/2025\/09\/IMG-20250930-WA0037-768x576.jpg",640,480,true],"large":["https:\/\/contextoanalisisperiodistico.com\/wp-content\/uploads\/2025\/09\/IMG-20250930-WA0037-1024x768.jpg",640,480,true],"1536x1536":["https:\/\/contextoanalisisperiodistico.com\/wp-content\/uploads\/2025\/09\/IMG-20250930-WA0037.jpg",1280,960,false],"2048x2048":["https:\/\/contextoanalisisperiodistico.com\/wp-content\/uploads\/2025\/09\/IMG-20250930-WA0037.jpg",1280,960,false],"covernews-slider-full":["https:\/\/contextoanalisisperiodistico.com\/wp-content\/uploads\/2025\/09\/IMG-20250930-WA0037-1115x715.jpg",1115,715,true],"covernews-slider-center":["https:\/\/contextoanalisisperiodistico.com\/wp-content\/uploads\/2025\/09\/IMG-20250930-WA0037-800x500.jpg",800,500,true],"covernews-featured":["https:\/\/contextoanalisisperiodistico.com\/wp-content\/uploads\/2025\/09\/IMG-20250930-WA0037-1024x768.jpg",1024,768,true],"covernews-medium":["https:\/\/contextoanalisisperiodistico.com\/wp-content\/uploads\/2025\/09\/IMG-20250930-WA0037-540x340.jpg",540,340,true],"covernews-medium-square":["https:\/\/contextoanalisisperiodistico.com\/wp-content\/uploads\/2025\/09\/IMG-20250930-WA0037-400x250.jpg",400,250,true]},"author_info":{"display_name":"Mario Gir\u00f3n","author_link":"https:\/\/contextoanalisisperiodistico.com\/index.php\/author\/director\/"},"category_info":"<a href=\"https:\/\/contextoanalisisperiodistico.com\/index.php\/category\/salud\/\" rel=\"category tag\">Salud<\/a>","tag_info":"Salud","comment_count":"0","jetpack_featured_media_url":"https:\/\/contextoanalisisperiodistico.com\/wp-content\/uploads\/2025\/09\/IMG-20250930-WA0037.jpg","_links":{"self":[{"href":"https:\/\/contextoanalisisperiodistico.com\/index.php\/wp-json\/wp\/v2\/posts\/46433"}],"collection":[{"href":"https:\/\/contextoanalisisperiodistico.com\/index.php\/wp-json\/wp\/v2\/posts"}],"about":[{"href":"https:\/\/contextoanalisisperiodistico.com\/index.php\/wp-json\/wp\/v2\/types\/post"}],"author":[{"embeddable":true,"href":"https:\/\/contextoanalisisperiodistico.com\/index.php\/wp-json\/wp\/v2\/users\/4"}],"replies":[{"embeddable":true,"href":"https:\/\/contextoanalisisperiodistico.com\/index.php\/wp-json\/wp\/v2\/comments?post=46433"}],"version-history":[{"count":0,"href":"https:\/\/contextoanalisisperiodistico.com\/index.php\/wp-json\/wp\/v2\/posts\/46433\/revisions"}],"wp:featuredmedia":[{"embeddable":true,"href":"https:\/\/contextoanalisisperiodistico.com\/index.php\/wp-json\/wp\/v2\/media\/46431"}],"wp:attachment":[{"href":"https:\/\/contextoanalisisperiodistico.com\/index.php\/wp-json\/wp\/v2\/media?parent=46433"}],"wp:term":[{"taxonomy":"category","embeddable":true,"href":"https:\/\/contextoanalisisperiodistico.com\/index.php\/wp-json\/wp\/v2\/categories?post=46433"},{"taxonomy":"post_tag","embeddable":true,"href":"https:\/\/contextoanalisisperiodistico.com\/index.php\/wp-json\/wp\/v2\/tags?post=46433"}],"curies":[{"name":"wp","href":"https:\/\/api.w.org\/{rel}","templated":true}]}}