{"id":46425,"date":"2025-09-30T15:43:07","date_gmt":"2025-09-30T21:43:07","guid":{"rendered":"https:\/\/contextoanalisisperiodistico.com\/index.php\/2025\/09\/30\/inaugura-salomon-jara-instalaciones-de-la-compania-de-la-guardia-nacional-en-santa-maria-huatulco\/"},"modified":"2025-09-30T15:43:07","modified_gmt":"2025-09-30T21:43:07","slug":"inaugura-salomon-jara-instalaciones-de-la-compania-de-la-guardia-nacional-en-santa-maria-huatulco","status":"publish","type":"post","link":"https:\/\/contextoanalisisperiodistico.com\/index.php\/2025\/09\/30\/inaugura-salomon-jara-instalaciones-de-la-compania-de-la-guardia-nacional-en-santa-maria-huatulco\/","title":{"rendered":"Inaugura Salom\u00f3n Jara instalaciones de la compa\u00f1\u00eda de la Guardia Nacional en Santa Mar\u00eda Huatulco"},"content":{"rendered":"<div id=\"fb-root\"><\/div>\n\n<p>\u2022 El Mandatario estatal se\u00f1al\u00f3 que, con esta nueva instalaci\u00f3n, la corporaci\u00f3n suma esfuerzos y capacidades para mejorar las condiciones de seguridad y elevar la confianza de los ciudadanos en sus autoridades<\/p>\n\n\n\n<figure class=\"wp-block-image size-large\"><img fetchpriority=\"high\" decoding=\"async\" width=\"1024\" height=\"682\" src=\"https:\/\/contextoanalisisperiodistico.com\/wp-content\/uploads\/2025\/09\/img-20250930-wa005980647840956467618-1024x682.jpg\" alt=\"\" class=\"wp-image-46421\" srcset=\"https:\/\/contextoanalisisperiodistico.com\/wp-content\/uploads\/2025\/09\/img-20250930-wa005980647840956467618-1024x682.jpg 1024w, https:\/\/contextoanalisisperiodistico.com\/wp-content\/uploads\/2025\/09\/img-20250930-wa005980647840956467618-300x200.jpg 300w, https:\/\/contextoanalisisperiodistico.com\/wp-content\/uploads\/2025\/09\/img-20250930-wa005980647840956467618-768x512.jpg 768w, https:\/\/contextoanalisisperiodistico.com\/wp-content\/uploads\/2025\/09\/img-20250930-wa005980647840956467618.jpg 1280w\" sizes=\"(max-width: 1024px) 100vw, 1024px\" \/><\/figure>\n\n\n\n<figure class=\"wp-block-image\"><img decoding=\"async\" width=\"1024\" height=\"682\" src=\"https:\/\/contextoanalisisperiodistico.com\/wp-content\/uploads\/2025\/09\/img-20250930-wa0063404973300157204585-1024x682.jpg\" alt=\"\" class=\"wp-image-46424\" srcset=\"https:\/\/contextoanalisisperiodistico.com\/wp-content\/uploads\/2025\/09\/img-20250930-wa0063404973300157204585-1024x682.jpg 1024w, https:\/\/contextoanalisisperiodistico.com\/wp-content\/uploads\/2025\/09\/img-20250930-wa0063404973300157204585-300x200.jpg 300w, https:\/\/contextoanalisisperiodistico.com\/wp-content\/uploads\/2025\/09\/img-20250930-wa0063404973300157204585-768x512.jpg 768w, https:\/\/contextoanalisisperiodistico.com\/wp-content\/uploads\/2025\/09\/img-20250930-wa0063404973300157204585.jpg 1280w\" sizes=\"(max-width: 1024px) 100vw, 1024px\" \/><\/figure>\n\n\n\n<figure class=\"wp-block-image\"><img decoding=\"async\" width=\"1024\" height=\"682\" src=\"https:\/\/contextoanalisisperiodistico.com\/wp-content\/uploads\/2025\/09\/img-20250930-wa00629189803728741173426-1024x682.jpg\" alt=\"\" class=\"wp-image-46422\" srcset=\"https:\/\/contextoanalisisperiodistico.com\/wp-content\/uploads\/2025\/09\/img-20250930-wa00629189803728741173426-1024x682.jpg 1024w, https:\/\/contextoanalisisperiodistico.com\/wp-content\/uploads\/2025\/09\/img-20250930-wa00629189803728741173426-300x200.jpg 300w, https:\/\/contextoanalisisperiodistico.com\/wp-content\/uploads\/2025\/09\/img-20250930-wa00629189803728741173426-768x512.jpg 768w, https:\/\/contextoanalisisperiodistico.com\/wp-content\/uploads\/2025\/09\/img-20250930-wa00629189803728741173426.jpg 1280w\" sizes=\"(max-width: 1024px) 100vw, 1024px\" \/><\/figure>\n\n\n\n<figure class=\"wp-block-image\"><img loading=\"lazy\" decoding=\"async\" width=\"1024\" height=\"682\" src=\"https:\/\/contextoanalisisperiodistico.com\/wp-content\/uploads\/2025\/09\/img-20250930-wa00618226608932677499237-1024x682.jpg\" alt=\"\" class=\"wp-image-46423\" srcset=\"https:\/\/contextoanalisisperiodistico.com\/wp-content\/uploads\/2025\/09\/img-20250930-wa00618226608932677499237-1024x682.jpg 1024w, https:\/\/contextoanalisisperiodistico.com\/wp-content\/uploads\/2025\/09\/img-20250930-wa00618226608932677499237-300x200.jpg 300w, https:\/\/contextoanalisisperiodistico.com\/wp-content\/uploads\/2025\/09\/img-20250930-wa00618226608932677499237-768x512.jpg 768w, https:\/\/contextoanalisisperiodistico.com\/wp-content\/uploads\/2025\/09\/img-20250930-wa00618226608932677499237.jpg 1280w\" sizes=\"(max-width: 1024px) 100vw, 1024px\" \/><\/figure>\n\n\n\n<p>Santa Mar\u00eda Huatulco, Oax. 30 de septiembre de 2025.- El Gobernador Salom\u00f3n Jara Cruz asisti\u00f3 a la inauguraci\u00f3n de las instalaciones de la Compa\u00f1\u00eda de la Guardia Nacional (GN) en Santa Mar\u00eda Huatulco, que contribuir\u00e1 a la prevenci\u00f3n del delito y el fortalecimiento de la confianza ciudadana.<\/p>\n\n\n\n<p>Al recorrer este inmueble construido por la Presidenta de M\u00e9xico y Comandanta Suprema de las Fuerzas Armadas, Claudia Sheinbaum Pardo; el Mandatario estatal reconoci\u00f3 a las y los elementos de esta instituci\u00f3n generadora de paz y proximidad.<\/p>\n\n\n\n<p>Destac\u00f3 que su trabajo coordinado y permanente con las instituciones de la Primavera Oaxaque\u00f1a, ha permitido avanzar, con determinaci\u00f3n e inteligencia, en la salvaguarda de la integridad y patrimonio de las familias oaxaque\u00f1as; por ello, el estado es el quinto m\u00e1s seguro del pa\u00eds.<\/p>\n\n\n\n<p>En este sentido, Jara Cruz manifest\u00f3 su benepl\u00e1cito por este hecho, que fortalece a esta corporaci\u00f3n central de la estrategia de seguridad p\u00fablica del pa\u00eds.<\/p>\n\n\n\n<p>En su oportunidad, el General Brigadier de Guardia Nacional de Estado Mayor, Carlos Salvador Hern\u00e1ndez Carbajal reiter\u00f3 que esta instituci\u00f3n va a seguir desarrollando trabajos de inteligencia para la prevenci\u00f3n, persecuci\u00f3n e investigaci\u00f3n de delitos en beneficio de las y los oaxaque\u00f1os.<\/p>\n\n\n\n<p>\u201cLa construcci\u00f3n de esta Compa\u00f1\u00eda, representa una respuesta decidida ante los reclamos de seguridad de la sociedad y, en estas instalaciones, hombres y mujeres valientes se alistar\u00e1n para servir con integridad, disciplina y entrega absoluta\u201d, dijo.<\/p>\n\n\n\n<p>Tras una reforma constitucional promulgada el 30 de septiembre de 2024, la Guardia Nacional depende de la Secretar\u00eda de la Defensa Nacional (Defensa), lo que incrementa su capacidad de respuesta a la poblaci\u00f3n.<\/p>\n\n\n\n<p>Brinda apoyo a la ciudadan\u00eda en caso de fen\u00f3menos naturales de cualquier tipo, con el Plan DN-III-E, en colaboraci\u00f3n con el Ej\u00e9rcito Mexicano.<\/p>\n\n\n\n<p>-0-<\/p>\n","protected":false},"excerpt":{"rendered":"<p>\u2022 El Mandatario estatal se\u00f1al\u00f3 que, con esta nueva instalaci\u00f3n, la corporaci\u00f3n suma esfuerzos y&#8230;<\/p>\n","protected":false},"author":4,"featured_media":46420,"comment_status":"","ping_status":"open","sticky":false,"template":"","format":"standard","meta":{"footnotes":""},"categories":[9],"tags":[316,303],"jetpack_sharing_enabled":true,"featured_image_urls":{"full":["https:\/\/contextoanalisisperiodistico.com\/wp-content\/uploads\/2025\/09\/IMG-20250930-WA0060.jpg",1280,853,false],"thumbnail":["https:\/\/contextoanalisisperiodistico.com\/wp-content\/uploads\/2025\/09\/IMG-20250930-WA0060-150x150.jpg",150,150,true],"medium":["https:\/\/contextoanalisisperiodistico.com\/wp-content\/uploads\/2025\/09\/IMG-20250930-WA0060-300x200.jpg",300,200,true],"medium_large":["https:\/\/contextoanalisisperiodistico.com\/wp-content\/uploads\/2025\/09\/IMG-20250930-WA0060-768x512.jpg",640,427,true],"large":["https:\/\/contextoanalisisperiodistico.com\/wp-content\/uploads\/2025\/09\/IMG-20250930-WA0060-1024x682.jpg",640,426,true],"1536x1536":["https:\/\/contextoanalisisperiodistico.com\/wp-content\/uploads\/2025\/09\/IMG-20250930-WA0060.jpg",1280,853,false],"2048x2048":["https:\/\/contextoanalisisperiodistico.com\/wp-content\/uploads\/2025\/09\/IMG-20250930-WA0060.jpg",1280,853,false],"covernews-slider-full":["https:\/\/contextoanalisisperiodistico.com\/wp-content\/uploads\/2025\/09\/IMG-20250930-WA0060-1115x715.jpg",1115,715,true],"covernews-slider-center":["https:\/\/contextoanalisisperiodistico.com\/wp-content\/uploads\/2025\/09\/IMG-20250930-WA0060-800x500.jpg",800,500,true],"covernews-featured":["https:\/\/contextoanalisisperiodistico.com\/wp-content\/uploads\/2025\/09\/IMG-20250930-WA0060-1024x682.jpg",1024,682,true],"covernews-medium":["https:\/\/contextoanalisisperiodistico.com\/wp-content\/uploads\/2025\/09\/IMG-20250930-WA0060-540x340.jpg",540,340,true],"covernews-medium-square":["https:\/\/contextoanalisisperiodistico.com\/wp-content\/uploads\/2025\/09\/IMG-20250930-WA0060-400x250.jpg",400,250,true]},"author_info":{"display_name":"Mario Gir\u00f3n","author_link":"https:\/\/contextoanalisisperiodistico.com\/index.php\/author\/director\/"},"category_info":"<a href=\"https:\/\/contextoanalisisperiodistico.com\/index.php\/category\/politica\/\" rel=\"category tag\">Pol\u00edtica<\/a>","tag_info":"Pol\u00edtica","comment_count":"0","jetpack_featured_media_url":"https:\/\/contextoanalisisperiodistico.com\/wp-content\/uploads\/2025\/09\/IMG-20250930-WA0060.jpg","_links":{"self":[{"href":"https:\/\/contextoanalisisperiodistico.com\/index.php\/wp-json\/wp\/v2\/posts\/46425"}],"collection":[{"href":"https:\/\/contextoanalisisperiodistico.com\/index.php\/wp-json\/wp\/v2\/posts"}],"about":[{"href":"https:\/\/contextoanalisisperiodistico.com\/index.php\/wp-json\/wp\/v2\/types\/post"}],"author":[{"embeddable":true,"href":"https:\/\/contextoanalisisperiodistico.com\/index.php\/wp-json\/wp\/v2\/users\/4"}],"replies":[{"embeddable":true,"href":"https:\/\/contextoanalisisperiodistico.com\/index.php\/wp-json\/wp\/v2\/comments?post=46425"}],"version-history":[{"count":0,"href":"https:\/\/contextoanalisisperiodistico.com\/index.php\/wp-json\/wp\/v2\/posts\/46425\/revisions"}],"wp:featuredmedia":[{"embeddable":true,"href":"https:\/\/contextoanalisisperiodistico.com\/index.php\/wp-json\/wp\/v2\/media\/46420"}],"wp:attachment":[{"href":"https:\/\/contextoanalisisperiodistico.com\/index.php\/wp-json\/wp\/v2\/media?parent=46425"}],"wp:term":[{"taxonomy":"category","embeddable":true,"href":"https:\/\/contextoanalisisperiodistico.com\/index.php\/wp-json\/wp\/v2\/categories?post=46425"},{"taxonomy":"post_tag","embeddable":true,"href":"https:\/\/contextoanalisisperiodistico.com\/index.php\/wp-json\/wp\/v2\/tags?post=46425"}],"curies":[{"name":"wp","href":"https:\/\/api.w.org\/{rel}","templated":true}]}}