{"id":46415,"date":"2025-09-30T15:14:33","date_gmt":"2025-09-30T21:14:33","guid":{"rendered":"https:\/\/contextoanalisisperiodistico.com\/?p=46415"},"modified":"2025-09-30T15:15:24","modified_gmt":"2025-09-30T21:15:24","slug":"no-permitamos-que-el-riesgo-por-pirotecnia-se-dispare-en-la-ciudad-antonio-alvarez-martinez","status":"publish","type":"post","link":"https:\/\/contextoanalisisperiodistico.com\/index.php\/2025\/09\/30\/no-permitamos-que-el-riesgo-por-pirotecnia-se-dispare-en-la-ciudad-antonio-alvarez-martinez\/","title":{"rendered":"\u201cNo permitamos que el riesgo por pirotecnia se dispare en la ciudad\u201d: Antonio \u00c1lvarez Mart\u00ednez"},"content":{"rendered":"<div id=\"fb-root\"><\/div>\n\n<ul class=\"wp-block-list\">\n<li>Si bien, nuestras tradiciones son el coraz\u00f3n de Oaxaca, la prevenci\u00f3n debe ser siempre prioridad, subray\u00f3 <\/li>\n<\/ul>\n\n\n\n<p>La voz de alerta con la misi\u00f3n de evitar una posible tragedia corri\u00f3 a cargo del Regidor del Centro Hist\u00f3rico y Patrimonio Mundial, Antonio \u00c1lvarez Mart\u00ednez:\u201cNo podemos permitir que el riesgo por uso irresponsable de la pirotecnia se dispare en la ciudad de Oaxaca de Oaxaca de Ju\u00e1rez\u201d.<\/p>\n\n\n\n<p>\u201cNo podemos permitir que el riesgo por uso irresponsable de la pirotecnia se dispare en la ciudad de Oaxaca de Oaxaca de Ju\u00e1rez\u201d.<\/p>\n\n\n\n<p>Sucedi\u00f3 esta ma\u00f1ana en la sesi\u00f3n ordinaria de Cabildo, en donde en tales t\u00e9rminos, el representante popular del partido MORENA, record\u00f3 el suceso reciente de explosi\u00f3n por mal uso de la pirotecnia en la c\u00e9ntrica calle de Aldama, en donde el saldo fue blanco, dejando una estela de crisis nerviosa y algunos da\u00f1os materiales.<\/p>\n\n\n\n<p>En uso de la palabra, \u00c1lvarez Mart\u00ednez subray\u00f3 que el citado accidente no puede ser considerado como un hecho aislado ya que pudo convertirse en una tragedia de mayores dimensiones.<\/p>\n\n\n\n<p>Por lo que, consider\u00f3:<\/p>\n\n\n\n<p><br>\u201cLa prevenci\u00f3n debe ser siempre prioridad ante la necesidad de preservar nuestras tradiciones, ya que \u00e9stas son el coraz\u00f3n de Oaxaca y como tal, se deben seguir celebrando con alegr\u00eda y, sobre todo, con seguridad\u201d.<\/p>\n\n\n\n<p><br>Y, ante la proximidad de la temporada cr\u00edtica de festividades, a partir del D\u00eda de Muertos hasta las celebraciones decembrinas, cuando el uso de pirotecnia se intensifica, a sus compa\u00f1eros concejales solicit\u00f3 hacer valer el Reglamento de Protecci\u00f3n Civil y en consecuencia actuar de inmediato con el objetivo de implementar protocolos de prevenci\u00f3n, sin esperar a que llegue la temporada alta de peligro.<\/p>\n\n\n\n<p><br>Por lo que, el Regidor capitalino calific\u00f3 de indispensable las siguientes tareas:<br>Actualizar el reglamento para que el uso de pirotecnia sea con riguroso y estricto cuidado, especialmente cerca de puntos de riesgo como mercados, escuelas y \u00e1reas de alta afluencia.<\/p>\n\n\n\n<p><br>Implementar mecanismos administrativos para que los permisos sean avalados por Protecci\u00f3n Civil Municipal, obligando a cualquier organizador de evento cumplir con las medidas de seguridad.<\/p>\n\n\n\n<p><br>Reforzar la seguridad en las temporadas de Muertos y decembrinas. Articular operativos coordinados por la autoridad municipal, estatal y la SEDENA para combatir la venta ilegal y clandestina de explosivos, y asegurar el cumplimiento de la prohibici\u00f3n de venta a menores de edad. No podemos permitir que el riesgo se dispare en nuestra capital.<\/p>\n\n\n\n<p><br>Lanzar una campa\u00f1a de concientizaci\u00f3n para que todos entendamos que el uso de estos elementos requiere alto sentido de responsabilidad.<\/p>\n\n\n\n<figure class=\"wp-block-video\"><video controls src=\"https:\/\/contextoanalisisperiodistico.com\/wp-content\/uploads\/2025\/09\/VID-20250930-WA0040.mp4\"><\/video><\/figure>\n","protected":false},"excerpt":{"rendered":"<p>La voz de alerta con la misi\u00f3n de evitar una posible tragedia corri\u00f3 a cargo&#8230;<\/p>\n","protected":false},"author":4,"featured_media":46416,"comment_status":"closed","ping_status":"open","sticky":false,"template":"","format":"standard","meta":{"footnotes":""},"categories":[9],"tags":[295,202,232],"jetpack_sharing_enabled":true,"featured_image_urls":{"full":["https:\/\/contextoanalisisperiodistico.com\/wp-content\/uploads\/2025\/09\/IMG_20250930_151108.jpg",582,850,false],"thumbnail":["https:\/\/contextoanalisisperiodistico.com\/wp-content\/uploads\/2025\/09\/IMG_20250930_151108-150x150.jpg",150,150,true],"medium":["https:\/\/contextoanalisisperiodistico.com\/wp-content\/uploads\/2025\/09\/IMG_20250930_151108-205x300.jpg",205,300,true],"medium_large":["https:\/\/contextoanalisisperiodistico.com\/wp-content\/uploads\/2025\/09\/IMG_20250930_151108.jpg",582,850,false],"large":["https:\/\/contextoanalisisperiodistico.com\/wp-content\/uploads\/2025\/09\/IMG_20250930_151108.jpg",582,850,false],"1536x1536":["https:\/\/contextoanalisisperiodistico.com\/wp-content\/uploads\/2025\/09\/IMG_20250930_151108.jpg",582,850,false],"2048x2048":["https:\/\/contextoanalisisperiodistico.com\/wp-content\/uploads\/2025\/09\/IMG_20250930_151108.jpg",582,850,false],"covernews-slider-full":["https:\/\/contextoanalisisperiodistico.com\/wp-content\/uploads\/2025\/09\/IMG_20250930_151108-582x715.jpg",582,715,true],"covernews-slider-center":["https:\/\/contextoanalisisperiodistico.com\/wp-content\/uploads\/2025\/09\/IMG_20250930_151108-582x500.jpg",582,500,true],"covernews-featured":["https:\/\/contextoanalisisperiodistico.com\/wp-content\/uploads\/2025\/09\/IMG_20250930_151108.jpg",582,850,false],"covernews-medium":["https:\/\/contextoanalisisperiodistico.com\/wp-content\/uploads\/2025\/09\/IMG_20250930_151108-540x340.jpg",540,340,true],"covernews-medium-square":["https:\/\/contextoanalisisperiodistico.com\/wp-content\/uploads\/2025\/09\/IMG_20250930_151108-400x250.jpg",400,250,true]},"author_info":{"display_name":"Mario Gir\u00f3n","author_link":"https:\/\/contextoanalisisperiodistico.com\/index.php\/author\/director\/"},"category_info":"<a href=\"https:\/\/contextoanalisisperiodistico.com\/index.php\/category\/politica\/\" rel=\"category tag\">Pol\u00edtica<\/a>","tag_info":"Pol\u00edtica","comment_count":"0","jetpack_featured_media_url":"https:\/\/contextoanalisisperiodistico.com\/wp-content\/uploads\/2025\/09\/IMG_20250930_151108.jpg","_links":{"self":[{"href":"https:\/\/contextoanalisisperiodistico.com\/index.php\/wp-json\/wp\/v2\/posts\/46415"}],"collection":[{"href":"https:\/\/contextoanalisisperiodistico.com\/index.php\/wp-json\/wp\/v2\/posts"}],"about":[{"href":"https:\/\/contextoanalisisperiodistico.com\/index.php\/wp-json\/wp\/v2\/types\/post"}],"author":[{"embeddable":true,"href":"https:\/\/contextoanalisisperiodistico.com\/index.php\/wp-json\/wp\/v2\/users\/4"}],"replies":[{"embeddable":true,"href":"https:\/\/contextoanalisisperiodistico.com\/index.php\/wp-json\/wp\/v2\/comments?post=46415"}],"version-history":[{"count":2,"href":"https:\/\/contextoanalisisperiodistico.com\/index.php\/wp-json\/wp\/v2\/posts\/46415\/revisions"}],"predecessor-version":[{"id":46419,"href":"https:\/\/contextoanalisisperiodistico.com\/index.php\/wp-json\/wp\/v2\/posts\/46415\/revisions\/46419"}],"wp:featuredmedia":[{"embeddable":true,"href":"https:\/\/contextoanalisisperiodistico.com\/index.php\/wp-json\/wp\/v2\/media\/46416"}],"wp:attachment":[{"href":"https:\/\/contextoanalisisperiodistico.com\/index.php\/wp-json\/wp\/v2\/media?parent=46415"}],"wp:term":[{"taxonomy":"category","embeddable":true,"href":"https:\/\/contextoanalisisperiodistico.com\/index.php\/wp-json\/wp\/v2\/categories?post=46415"},{"taxonomy":"post_tag","embeddable":true,"href":"https:\/\/contextoanalisisperiodistico.com\/index.php\/wp-json\/wp\/v2\/tags?post=46415"}],"curies":[{"name":"wp","href":"https:\/\/api.w.org\/{rel}","templated":true}]}}