{"id":46398,"date":"2025-09-29T16:17:25","date_gmt":"2025-09-29T22:17:25","guid":{"rendered":"https:\/\/contextoanalisisperiodistico.com\/index.php\/2025\/09\/29\/consolida-sheinbaum-transformacion-de-mexico-con-resultados-historicos-reconoce-nino-morales\/"},"modified":"2025-09-29T16:17:25","modified_gmt":"2025-09-29T22:17:25","slug":"consolida-sheinbaum-transformacion-de-mexico-con-resultados-historicos-reconoce-nino-morales","status":"publish","type":"post","link":"https:\/\/contextoanalisisperiodistico.com\/index.php\/2025\/09\/29\/consolida-sheinbaum-transformacion-de-mexico-con-resultados-historicos-reconoce-nino-morales\/","title":{"rendered":"Consolida Sheinbaum transformaci\u00f3n de M\u00e9xico con resultados hist\u00f3ricos, reconoce Nino Morales"},"content":{"rendered":"<div id=\"fb-root\"><\/div>\n\n<p>\u2022 El legislador por Oaxaca destac\u00f3 la reducci\u00f3n hist\u00f3rica de la violencia, el crecimiento econ\u00f3mico con justicia y las reformas que fortalecen la soberan\u00eda nacional.<\/p>\n\n\n\n<p>El senador por Oaxaca, Antonino Morales Toledo, celebr\u00f3 el primer a\u00f1o de gobierno de la presidenta Claudia Sheinbaum Pardo, calific\u00e1ndolo como un periodo de \u201cresultados contundentes que ratifican el rumbo de la Cuarta Transformaci\u00f3n y sientan las bases para un M\u00e9xico m\u00e1s justo, seguro y soberano\u201d.<\/p>\n\n\n\n<p>El legislador zapoteco enfatiz\u00f3 que, gracias al liderazgo de la primera mujer presidenta de M\u00e9xico, se ha dado un paso firme en el \u201csegundo piso de la 4T\u201d, con logros tangibles que benefician directamente a las familias.<\/p>\n\n\n\n<p>\u201cLa presidenta Sheinbaum ha cumplido. En solo un a\u00f1o, su gobierno ha logrado una reducci\u00f3n del 32% en homicidios dolosos y del 29% en feminicidios, devolviendo la paz y la tranquilidad a nuestras comunidades. Adem\u00e1s, la econom\u00eda nacional es s\u00f3lida: crece, genera empleos y mantiene estabilidad, con el d\u00f3lar por debajo de los 19 pesos, lo que significa mayor poder adquisitivo para el pueblo\u201d, declar\u00f3 Morales Toledo.<\/p>\n\n\n\n<p>Nino Morales resalt\u00f3 que los Programas para el Bienestar, que apoyan a 32 millones de familias, contin\u00faan siendo el coraz\u00f3n de una pol\u00edtica que pone \u201cprimero a los pobres\u201d, y celebr\u00f3 las reformas aprobadas, como el Poder Judicial y la defensa de la soberan\u00eda nacional, que \u201cacaban con los privilegios y blindan a M\u00e9xico contra intereses extranjeros\u201d.<\/p>\n\n\n\n<p>Para el senador morenista, estos avances tienen un impacto directo en Oaxaca. \u201cProyectos estrat\u00e9gicos como el Corredor Interoce\u00e1nico se consolidan, generando desarrollo y oportunidades para el sureste mexicano, hist\u00f3ricamente olvidado. Vamos por el camino correcto\u201d, afirm\u00f3.<\/p>\n\n\n\n<p>Mirando hacia el futuro, Antonino Morales, hizo especial hincapi\u00e9 en las metas plasmadas en el Presupuesto de Egresos de la Federaci\u00f3n para 2026. \u201cEste es un presupuesto de austeridad republicana y de justicia. Se destina un presupuesto hist\u00f3rico para los programas para el bienestar y, en el marco del Plan M\u00e9xico, se consolida el rescate de Pemex, se invierte en CFE, en infraestructura ferroviaria e h\u00eddrica\u00bb.<\/p>\n\n\n\n<p>El senador Nino Morales concluy\u00f3 reafirmando su total respaldo a la presidenta Sheinbaum: \u201cHoy m\u00e1s que nunca, queda claro que la transformaci\u00f3n contin\u00faa. Seguiremos trabajando desde el Senado para que estos logros se profundicen y lleguen a cada rinc\u00f3n de Oaxaca y de M\u00e9xico\u201d, dijo.<\/p>\n\n\n\n<p>&#8212;000&#8212;<\/p>\n","protected":false},"excerpt":{"rendered":"<p>\u2022 El legislador por Oaxaca destac\u00f3 la reducci\u00f3n hist\u00f3rica de la violencia, el crecimiento econ\u00f3mico&#8230;<\/p>\n","protected":false},"author":4,"featured_media":46397,"comment_status":"","ping_status":"open","sticky":false,"template":"","format":"standard","meta":{"footnotes":""},"categories":[9],"tags":[156,202,20,259,195],"jetpack_sharing_enabled":true,"featured_image_urls":{"full":["https:\/\/contextoanalisisperiodistico.com\/wp-content\/uploads\/2025\/09\/IMG-20250929-WA0105.jpg",1280,960,false],"thumbnail":["https:\/\/contextoanalisisperiodistico.com\/wp-content\/uploads\/2025\/09\/IMG-20250929-WA0105-150x150.jpg",150,150,true],"medium":["https:\/\/contextoanalisisperiodistico.com\/wp-content\/uploads\/2025\/09\/IMG-20250929-WA0105-300x225.jpg",300,225,true],"medium_large":["https:\/\/contextoanalisisperiodistico.com\/wp-content\/uploads\/2025\/09\/IMG-20250929-WA0105-768x576.jpg",640,480,true],"large":["https:\/\/contextoanalisisperiodistico.com\/wp-content\/uploads\/2025\/09\/IMG-20250929-WA0105-1024x768.jpg",640,480,true],"1536x1536":["https:\/\/contextoanalisisperiodistico.com\/wp-content\/uploads\/2025\/09\/IMG-20250929-WA0105.jpg",1280,960,false],"2048x2048":["https:\/\/contextoanalisisperiodistico.com\/wp-content\/uploads\/2025\/09\/IMG-20250929-WA0105.jpg",1280,960,false],"covernews-slider-full":["https:\/\/contextoanalisisperiodistico.com\/wp-content\/uploads\/2025\/09\/IMG-20250929-WA0105-1115x715.jpg",1115,715,true],"covernews-slider-center":["https:\/\/contextoanalisisperiodistico.com\/wp-content\/uploads\/2025\/09\/IMG-20250929-WA0105-800x500.jpg",800,500,true],"covernews-featured":["https:\/\/contextoanalisisperiodistico.com\/wp-content\/uploads\/2025\/09\/IMG-20250929-WA0105-1024x768.jpg",1024,768,true],"covernews-medium":["https:\/\/contextoanalisisperiodistico.com\/wp-content\/uploads\/2025\/09\/IMG-20250929-WA0105-540x340.jpg",540,340,true],"covernews-medium-square":["https:\/\/contextoanalisisperiodistico.com\/wp-content\/uploads\/2025\/09\/IMG-20250929-WA0105-400x250.jpg",400,250,true]},"author_info":{"display_name":"Mario Gir\u00f3n","author_link":"https:\/\/contextoanalisisperiodistico.com\/index.php\/author\/director\/"},"category_info":"<a href=\"https:\/\/contextoanalisisperiodistico.com\/index.php\/category\/politica\/\" rel=\"category tag\">Pol\u00edtica<\/a>","tag_info":"Pol\u00edtica","comment_count":"0","jetpack_featured_media_url":"https:\/\/contextoanalisisperiodistico.com\/wp-content\/uploads\/2025\/09\/IMG-20250929-WA0105.jpg","_links":{"self":[{"href":"https:\/\/contextoanalisisperiodistico.com\/index.php\/wp-json\/wp\/v2\/posts\/46398"}],"collection":[{"href":"https:\/\/contextoanalisisperiodistico.com\/index.php\/wp-json\/wp\/v2\/posts"}],"about":[{"href":"https:\/\/contextoanalisisperiodistico.com\/index.php\/wp-json\/wp\/v2\/types\/post"}],"author":[{"embeddable":true,"href":"https:\/\/contextoanalisisperiodistico.com\/index.php\/wp-json\/wp\/v2\/users\/4"}],"replies":[{"embeddable":true,"href":"https:\/\/contextoanalisisperiodistico.com\/index.php\/wp-json\/wp\/v2\/comments?post=46398"}],"version-history":[{"count":0,"href":"https:\/\/contextoanalisisperiodistico.com\/index.php\/wp-json\/wp\/v2\/posts\/46398\/revisions"}],"wp:featuredmedia":[{"embeddable":true,"href":"https:\/\/contextoanalisisperiodistico.com\/index.php\/wp-json\/wp\/v2\/media\/46397"}],"wp:attachment":[{"href":"https:\/\/contextoanalisisperiodistico.com\/index.php\/wp-json\/wp\/v2\/media?parent=46398"}],"wp:term":[{"taxonomy":"category","embeddable":true,"href":"https:\/\/contextoanalisisperiodistico.com\/index.php\/wp-json\/wp\/v2\/categories?post=46398"},{"taxonomy":"post_tag","embeddable":true,"href":"https:\/\/contextoanalisisperiodistico.com\/index.php\/wp-json\/wp\/v2\/tags?post=46398"}],"curies":[{"name":"wp","href":"https:\/\/api.w.org\/{rel}","templated":true}]}}