{"id":46383,"date":"2025-09-29T11:55:47","date_gmt":"2025-09-29T17:55:47","guid":{"rendered":"https:\/\/contextoanalisisperiodistico.com\/index.php\/2025\/09\/29\/municipio-de-oaxaca-de-juarez-mejora-servicios-vecinales-para-una-ciudad-mas-iluminada-y-segura\/"},"modified":"2025-09-29T11:55:47","modified_gmt":"2025-09-29T17:55:47","slug":"municipio-de-oaxaca-de-juarez-mejora-servicios-vecinales-para-una-ciudad-mas-iluminada-y-segura","status":"publish","type":"post","link":"https:\/\/contextoanalisisperiodistico.com\/index.php\/2025\/09\/29\/municipio-de-oaxaca-de-juarez-mejora-servicios-vecinales-para-una-ciudad-mas-iluminada-y-segura\/","title":{"rendered":"Municipio de Oaxaca de Ju\u00e1rez mejora servicios vecinales para una ciudad m\u00e1s iluminada y segura"},"content":{"rendered":"<div id=\"fb-root\"><\/div>\n\n<ul class=\"wp-block-list\">\n<li>Acciones permanentes en agencias y colonias desde el inicio de la administraci\u00f3n<\/li>\n<\/ul>\n\n\n\n<figure class=\"wp-block-image size-large\"><img fetchpriority=\"high\" decoding=\"async\" width=\"1024\" height=\"685\" src=\"https:\/\/contextoanalisisperiodistico.com\/wp-content\/uploads\/2025\/09\/img-20250929-wa00475459980252765258166-1024x685.jpg\" alt=\"\" class=\"wp-image-46380\" srcset=\"https:\/\/contextoanalisisperiodistico.com\/wp-content\/uploads\/2025\/09\/img-20250929-wa00475459980252765258166-1024x685.jpg 1024w, https:\/\/contextoanalisisperiodistico.com\/wp-content\/uploads\/2025\/09\/img-20250929-wa00475459980252765258166-300x201.jpg 300w, https:\/\/contextoanalisisperiodistico.com\/wp-content\/uploads\/2025\/09\/img-20250929-wa00475459980252765258166-768x513.jpg 768w, https:\/\/contextoanalisisperiodistico.com\/wp-content\/uploads\/2025\/09\/img-20250929-wa00475459980252765258166.jpg 1086w\" sizes=\"(max-width: 1024px) 100vw, 1024px\" \/><\/figure>\n\n\n\n<figure class=\"wp-block-image\"><img decoding=\"async\" width=\"768\" height=\"1024\" src=\"https:\/\/contextoanalisisperiodistico.com\/wp-content\/uploads\/2025\/09\/img-20250929-wa00492501039994392351619-768x1024.jpg\" alt=\"\" class=\"wp-image-46382\" srcset=\"https:\/\/contextoanalisisperiodistico.com\/wp-content\/uploads\/2025\/09\/img-20250929-wa00492501039994392351619-768x1024.jpg 768w, https:\/\/contextoanalisisperiodistico.com\/wp-content\/uploads\/2025\/09\/img-20250929-wa00492501039994392351619-225x300.jpg 225w, https:\/\/contextoanalisisperiodistico.com\/wp-content\/uploads\/2025\/09\/img-20250929-wa00492501039994392351619.jpg 960w\" sizes=\"(max-width: 768px) 100vw, 768px\" \/><\/figure>\n\n\n\n<figure class=\"wp-block-image\"><img decoding=\"async\" width=\"300\" height=\"200\" src=\"https:\/\/contextoanalisisperiodistico.com\/wp-content\/uploads\/2025\/09\/img-20250929-wa00484015080228880264099-300x200.jpg\" alt=\"\" class=\"wp-image-46379\" srcset=\"https:\/\/contextoanalisisperiodistico.com\/wp-content\/uploads\/2025\/09\/img-20250929-wa00484015080228880264099-300x200.jpg 300w, https:\/\/contextoanalisisperiodistico.com\/wp-content\/uploads\/2025\/09\/img-20250929-wa00484015080228880264099-768x512.jpg 768w, https:\/\/contextoanalisisperiodistico.com\/wp-content\/uploads\/2025\/09\/img-20250929-wa00484015080228880264099.jpg 1024w\" sizes=\"(max-width: 300px) 100vw, 300px\" \/><\/figure>\n\n\n\n<figure class=\"wp-block-image\"><img loading=\"lazy\" decoding=\"async\" width=\"768\" height=\"1024\" src=\"https:\/\/contextoanalisisperiodistico.com\/wp-content\/uploads\/2025\/09\/img-20250929-wa0050175665491518683675-768x1024.jpg\" alt=\"\" class=\"wp-image-46381\" srcset=\"https:\/\/contextoanalisisperiodistico.com\/wp-content\/uploads\/2025\/09\/img-20250929-wa0050175665491518683675-768x1024.jpg 768w, https:\/\/contextoanalisisperiodistico.com\/wp-content\/uploads\/2025\/09\/img-20250929-wa0050175665491518683675-225x300.jpg 225w, https:\/\/contextoanalisisperiodistico.com\/wp-content\/uploads\/2025\/09\/img-20250929-wa0050175665491518683675.jpg 960w\" sizes=\"(max-width: 768px) 100vw, 768px\" \/><\/figure>\n\n\n\n<p>Oaxaca de Ju\u00e1rez, Oax., 29 de septiembre de 2025.<br \/>El Municipio de Oaxaca de Ju\u00e1rez, a trav\u00e9s de la Secretar\u00eda de Servicios Vecinales, contin\u00faa reforzando los servicios p\u00fablicos con el objetivo de brindar mayor seguridad y bienestar a las familias capitalinas.<\/p>\n\n\n\n<p>En la Agencia de Montoya se realiz\u00f3 el cambio de luminarias, atendiendo la solicitud directa de vecinas y vecinos, lo que permitir\u00e1 contar con calles mejor iluminadas y mayor seguridad en la zona.<\/p>\n\n\n\n<p>De manera paralela, se llevaron a cabo trabajos en distintas colonias y fraccionamientos de la ciudad, entre ellas Manuel \u00c1vila Camacho en Donaj\u00ed, San Luis Beltr\u00e1n, Ricardo Flores Mag\u00f3n en San Felipe, Pintores y Monte Alb\u00e1n Parte Baja en San Mart\u00edn Mexicapam, as\u00ed como Real de Candiani. Estas intervenciones incluyen rehabilitaci\u00f3n de luminarias, mantenimiento de nodos el\u00e9ctricos y atenci\u00f3n a reportes ciudadanos.<\/p>\n\n\n\n<p>Desde el inicio de la administraci\u00f3n del presidente municipal Ray Chagoya, estas acciones forman parte de un plan integral para mejorar la calidad de los servicios vecinales, garantizando espacios p\u00fablicos m\u00e1s seguros, ordenados y dignos.<\/p>\n\n\n\n<p>Con estas acciones, el Ayuntamiento reafirma su compromiso de escuchar y atender de manera directa a la ciudadan\u00eda, consolidando una capital transformada con la participaci\u00f3n de todas y todos.<\/p>\n","protected":false},"excerpt":{"rendered":"<p>Oaxaca de Ju\u00e1rez, Oax., 29 de septiembre de 2025.El Municipio de Oaxaca de Ju\u00e1rez, a&#8230;<\/p>\n","protected":false},"author":4,"featured_media":46378,"comment_status":"","ping_status":"open","sticky":false,"template":"","format":"standard","meta":{"footnotes":""},"categories":[9],"tags":[316,340,303,178],"jetpack_sharing_enabled":true,"featured_image_urls":{"full":["https:\/\/contextoanalisisperiodistico.com\/wp-content\/uploads\/2025\/09\/IMG-20250929-WA0046.jpg",1080,1350,false],"thumbnail":["https:\/\/contextoanalisisperiodistico.com\/wp-content\/uploads\/2025\/09\/IMG-20250929-WA0046-150x150.jpg",150,150,true],"medium":["https:\/\/contextoanalisisperiodistico.com\/wp-content\/uploads\/2025\/09\/IMG-20250929-WA0046-240x300.jpg",240,300,true],"medium_large":["https:\/\/contextoanalisisperiodistico.com\/wp-content\/uploads\/2025\/09\/IMG-20250929-WA0046-768x960.jpg",640,800,true],"large":["https:\/\/contextoanalisisperiodistico.com\/wp-content\/uploads\/2025\/09\/IMG-20250929-WA0046-819x1024.jpg",640,800,true],"1536x1536":["https:\/\/contextoanalisisperiodistico.com\/wp-content\/uploads\/2025\/09\/IMG-20250929-WA0046.jpg",1080,1350,false],"2048x2048":["https:\/\/contextoanalisisperiodistico.com\/wp-content\/uploads\/2025\/09\/IMG-20250929-WA0046.jpg",1080,1350,false],"covernews-slider-full":["https:\/\/contextoanalisisperiodistico.com\/wp-content\/uploads\/2025\/09\/IMG-20250929-WA0046-1080x715.jpg",1080,715,true],"covernews-slider-center":["https:\/\/contextoanalisisperiodistico.com\/wp-content\/uploads\/2025\/09\/IMG-20250929-WA0046-800x500.jpg",800,500,true],"covernews-featured":["https:\/\/contextoanalisisperiodistico.com\/wp-content\/uploads\/2025\/09\/IMG-20250929-WA0046-1024x1280.jpg",1024,1280,true],"covernews-medium":["https:\/\/contextoanalisisperiodistico.com\/wp-content\/uploads\/2025\/09\/IMG-20250929-WA0046-540x340.jpg",540,340,true],"covernews-medium-square":["https:\/\/contextoanalisisperiodistico.com\/wp-content\/uploads\/2025\/09\/IMG-20250929-WA0046-400x250.jpg",400,250,true]},"author_info":{"display_name":"Mario Gir\u00f3n","author_link":"https:\/\/contextoanalisisperiodistico.com\/index.php\/author\/director\/"},"category_info":"<a href=\"https:\/\/contextoanalisisperiodistico.com\/index.php\/category\/politica\/\" rel=\"category tag\">Pol\u00edtica<\/a>","tag_info":"Pol\u00edtica","comment_count":"0","jetpack_featured_media_url":"https:\/\/contextoanalisisperiodistico.com\/wp-content\/uploads\/2025\/09\/IMG-20250929-WA0046.jpg","_links":{"self":[{"href":"https:\/\/contextoanalisisperiodistico.com\/index.php\/wp-json\/wp\/v2\/posts\/46383"}],"collection":[{"href":"https:\/\/contextoanalisisperiodistico.com\/index.php\/wp-json\/wp\/v2\/posts"}],"about":[{"href":"https:\/\/contextoanalisisperiodistico.com\/index.php\/wp-json\/wp\/v2\/types\/post"}],"author":[{"embeddable":true,"href":"https:\/\/contextoanalisisperiodistico.com\/index.php\/wp-json\/wp\/v2\/users\/4"}],"replies":[{"embeddable":true,"href":"https:\/\/contextoanalisisperiodistico.com\/index.php\/wp-json\/wp\/v2\/comments?post=46383"}],"version-history":[{"count":0,"href":"https:\/\/contextoanalisisperiodistico.com\/index.php\/wp-json\/wp\/v2\/posts\/46383\/revisions"}],"wp:featuredmedia":[{"embeddable":true,"href":"https:\/\/contextoanalisisperiodistico.com\/index.php\/wp-json\/wp\/v2\/media\/46378"}],"wp:attachment":[{"href":"https:\/\/contextoanalisisperiodistico.com\/index.php\/wp-json\/wp\/v2\/media?parent=46383"}],"wp:term":[{"taxonomy":"category","embeddable":true,"href":"https:\/\/contextoanalisisperiodistico.com\/index.php\/wp-json\/wp\/v2\/categories?post=46383"},{"taxonomy":"post_tag","embeddable":true,"href":"https:\/\/contextoanalisisperiodistico.com\/index.php\/wp-json\/wp\/v2\/tags?post=46383"}],"curies":[{"name":"wp","href":"https:\/\/api.w.org\/{rel}","templated":true}]}}