{"id":46310,"date":"2025-09-26T20:18:25","date_gmt":"2025-09-27T02:18:25","guid":{"rendered":"https:\/\/contextoanalisisperiodistico.com\/index.php\/2025\/09\/26\/lleva-primavera-oaxaquena-apoyos-alimentarios-a-490-personas-de-santo-domingo-armenta-y-santiago-tepextla\/"},"modified":"2025-09-26T20:20:49","modified_gmt":"2025-09-27T02:20:49","slug":"lleva-primavera-oaxaquena-apoyos-alimentarios-a-490-personas-de-santo-domingo-armenta-y-santiago-tepextla","status":"publish","type":"post","link":"https:\/\/contextoanalisisperiodistico.com\/index.php\/2025\/09\/26\/lleva-primavera-oaxaquena-apoyos-alimentarios-a-490-personas-de-santo-domingo-armenta-y-santiago-tepextla\/","title":{"rendered":"Lleva Primavera Oaxaque\u00f1a apoyo alimentario a 490 personas de Santo Domingo Armenta y Santiago Tepextla"},"content":{"rendered":"<div id=\"fb-root\"><\/div>\n\n<p>\u2022 Junto al Gobernador Salom\u00f3n Jara Cruz, la presidenta del Sistema DIF Oaxaca, Irma Bola\u00f1os Quijano entreg\u00f3 tambi\u00e9n lentes de vista cansada y aparatos funcionales<\/p>\n\n\n\n<figure class=\"wp-block-image size-large\"><img fetchpriority=\"high\" decoding=\"async\" width=\"1000\" height=\"666\" src=\"https:\/\/contextoanalisisperiodistico.com\/wp-content\/uploads\/2025\/09\/img-20250926-wa01175028319627037265437.jpg\" alt=\"\" class=\"wp-image-46306\" srcset=\"https:\/\/contextoanalisisperiodistico.com\/wp-content\/uploads\/2025\/09\/img-20250926-wa01175028319627037265437.jpg 1000w, https:\/\/contextoanalisisperiodistico.com\/wp-content\/uploads\/2025\/09\/img-20250926-wa01175028319627037265437-300x200.jpg 300w, https:\/\/contextoanalisisperiodistico.com\/wp-content\/uploads\/2025\/09\/img-20250926-wa01175028319627037265437-768x511.jpg 768w\" sizes=\"(max-width: 1000px) 100vw, 1000px\" \/><\/figure>\n\n\n\n<figure class=\"wp-block-image\"><img decoding=\"async\" width=\"300\" height=\"200\" src=\"https:\/\/contextoanalisisperiodistico.com\/wp-content\/uploads\/2025\/09\/img-20250926-wa01163232875806995254710-300x200.jpg\" alt=\"\" class=\"wp-image-46307\" srcset=\"https:\/\/contextoanalisisperiodistico.com\/wp-content\/uploads\/2025\/09\/img-20250926-wa01163232875806995254710-300x200.jpg 300w, https:\/\/contextoanalisisperiodistico.com\/wp-content\/uploads\/2025\/09\/img-20250926-wa01163232875806995254710-768x511.jpg 768w, https:\/\/contextoanalisisperiodistico.com\/wp-content\/uploads\/2025\/09\/img-20250926-wa01163232875806995254710.jpg 1000w\" sizes=\"(max-width: 300px) 100vw, 300px\" \/><\/figure>\n\n\n\n<figure class=\"wp-block-image\"><img decoding=\"async\" width=\"300\" height=\"200\" src=\"https:\/\/contextoanalisisperiodistico.com\/wp-content\/uploads\/2025\/09\/img-20250926-wa01137299599238866819125-300x200.jpg\" alt=\"\" class=\"wp-image-46308\" srcset=\"https:\/\/contextoanalisisperiodistico.com\/wp-content\/uploads\/2025\/09\/img-20250926-wa01137299599238866819125-300x200.jpg 300w, https:\/\/contextoanalisisperiodistico.com\/wp-content\/uploads\/2025\/09\/img-20250926-wa01137299599238866819125-768x511.jpg 768w, https:\/\/contextoanalisisperiodistico.com\/wp-content\/uploads\/2025\/09\/img-20250926-wa01137299599238866819125.jpg 1000w\" sizes=\"(max-width: 300px) 100vw, 300px\" \/><\/figure>\n\n\n\n<figure class=\"wp-block-image\"><img loading=\"lazy\" decoding=\"async\" width=\"300\" height=\"200\" src=\"https:\/\/contextoanalisisperiodistico.com\/wp-content\/uploads\/2025\/09\/img-20250926-wa01122218254161435514669-300x200.jpg\" alt=\"\" class=\"wp-image-46309\" srcset=\"https:\/\/contextoanalisisperiodistico.com\/wp-content\/uploads\/2025\/09\/img-20250926-wa01122218254161435514669-300x200.jpg 300w, https:\/\/contextoanalisisperiodistico.com\/wp-content\/uploads\/2025\/09\/img-20250926-wa01122218254161435514669-768x511.jpg 768w, https:\/\/contextoanalisisperiodistico.com\/wp-content\/uploads\/2025\/09\/img-20250926-wa01122218254161435514669.jpg 1000w\" sizes=\"(max-width: 300px) 100vw, 300px\" \/><\/figure>\n\n\n\n<p>Santo Domingo Armenta, Oax. 25 de septiembre de 2025.- Con el firme compromiso de garantizar el acceso a una alimentaci\u00f3n digna, la Presidenta Honoraria del Sistema Estatal para el Desarrollo Integral de la Familia (DIF) Oaxaca, Irma Bola\u00f1os Quijano entreg\u00f3 canastas alimentarias en beneficio de 490 personas de Santo Domingo Armenta y Santiago Tepextla.<\/p>\n\n\n\n<p>Durante su gira de trabajo junto al Gobernador Salom\u00f3n Jara Cruz en la regi\u00f3n de la Costa, Bola\u00f1os Quijano destac\u00f3 que el organismo estatal que encabeza trabaja para llevar los diversos apoyos y programas a todos los rincones de la entidad.<\/p>\n\n\n\n<p>\u201cPara nosotros es prioridad trabajar con las agencias porque es ah\u00ed donde llegan menos recursos, nuestra misi\u00f3n es recorrer las ocho regiones del estado como lo hace nuestro gobernador, para conocer las problem\u00e1ticas y necesidades que tienen nuestras comunidades\u201d, dijo.<\/p>\n\n\n\n<p>En este marco en el que tambi\u00e9n se entregaron lentes para vista cansada y aparatos funcionales, el Mandatario Estatal reconoci\u00f3 al Sistema DIF Oaxaca por la labor que realiza en territorio para garantizar el derecho a la alimentaci\u00f3n mediante los programas Itacate de mi coraz\u00f3n, Latido Nutritivo; Desayuno de Letritas y Guisos de mi Pueblo.<\/p>\n\n\n\n<p>\u201cEs un honor volver a Santo Domingo Armenta, tierra hermosa de mujeres y hombres trabajadores. Venimos con el DIF para hacer entrega de manera directa, de apoyos alimentarios como parte de una pol\u00edtica de asistencia social\u201d, se\u00f1al\u00f3.<\/p>\n\n\n\n<p>En su oportunidad la presidenta municipal de Santo Domingo Armenta, Osmara Torres Noyola agradeci\u00f3 los apoyos entregados. \u201cSu visita nos llena de alegr\u00eda y esperanza porque vienen a respaldar a las familias de nuestro municipio; son una muestra clara de que no estamos solos y que somos tomados en cuenta, viendo a nuestro pueblo con justicia y amor\u201d, finaliz\u00f3.<\/p>\n\n\n\n<p>-0-<\/p>\n","protected":false},"excerpt":{"rendered":"<p>\u2022 Junto al Gobernador Salom\u00f3n Jara Cruz, la presidenta del Sistema DIF Oaxaca, Irma Bola\u00f1os&#8230;<\/p>\n","protected":false},"author":4,"featured_media":46305,"comment_status":"closed","ping_status":"open","sticky":false,"template":"","format":"standard","meta":{"footnotes":""},"categories":[9],"tags":[316],"jetpack_sharing_enabled":true,"featured_image_urls":{"full":["https:\/\/contextoanalisisperiodistico.com\/wp-content\/uploads\/2025\/09\/IMG-20250926-WA0115.jpg",1000,666,false],"thumbnail":["https:\/\/contextoanalisisperiodistico.com\/wp-content\/uploads\/2025\/09\/IMG-20250926-WA0115-150x150.jpg",150,150,true],"medium":["https:\/\/contextoanalisisperiodistico.com\/wp-content\/uploads\/2025\/09\/IMG-20250926-WA0115-300x200.jpg",300,200,true],"medium_large":["https:\/\/contextoanalisisperiodistico.com\/wp-content\/uploads\/2025\/09\/IMG-20250926-WA0115-768x511.jpg",640,426,true],"large":["https:\/\/contextoanalisisperiodistico.com\/wp-content\/uploads\/2025\/09\/IMG-20250926-WA0115.jpg",640,426,false],"1536x1536":["https:\/\/contextoanalisisperiodistico.com\/wp-content\/uploads\/2025\/09\/IMG-20250926-WA0115.jpg",1000,666,false],"2048x2048":["https:\/\/contextoanalisisperiodistico.com\/wp-content\/uploads\/2025\/09\/IMG-20250926-WA0115.jpg",1000,666,false],"covernews-slider-full":["https:\/\/contextoanalisisperiodistico.com\/wp-content\/uploads\/2025\/09\/IMG-20250926-WA0115.jpg",1000,666,false],"covernews-slider-center":["https:\/\/contextoanalisisperiodistico.com\/wp-content\/uploads\/2025\/09\/IMG-20250926-WA0115-800x500.jpg",800,500,true],"covernews-featured":["https:\/\/contextoanalisisperiodistico.com\/wp-content\/uploads\/2025\/09\/IMG-20250926-WA0115.jpg",1000,666,false],"covernews-medium":["https:\/\/contextoanalisisperiodistico.com\/wp-content\/uploads\/2025\/09\/IMG-20250926-WA0115-540x340.jpg",540,340,true],"covernews-medium-square":["https:\/\/contextoanalisisperiodistico.com\/wp-content\/uploads\/2025\/09\/IMG-20250926-WA0115-400x250.jpg",400,250,true]},"author_info":{"display_name":"Mario Gir\u00f3n","author_link":"https:\/\/contextoanalisisperiodistico.com\/index.php\/author\/director\/"},"category_info":"<a href=\"https:\/\/contextoanalisisperiodistico.com\/index.php\/category\/politica\/\" rel=\"category tag\">Pol\u00edtica<\/a>","tag_info":"Pol\u00edtica","comment_count":"0","jetpack_featured_media_url":"https:\/\/contextoanalisisperiodistico.com\/wp-content\/uploads\/2025\/09\/IMG-20250926-WA0115.jpg","_links":{"self":[{"href":"https:\/\/contextoanalisisperiodistico.com\/index.php\/wp-json\/wp\/v2\/posts\/46310"}],"collection":[{"href":"https:\/\/contextoanalisisperiodistico.com\/index.php\/wp-json\/wp\/v2\/posts"}],"about":[{"href":"https:\/\/contextoanalisisperiodistico.com\/index.php\/wp-json\/wp\/v2\/types\/post"}],"author":[{"embeddable":true,"href":"https:\/\/contextoanalisisperiodistico.com\/index.php\/wp-json\/wp\/v2\/users\/4"}],"replies":[{"embeddable":true,"href":"https:\/\/contextoanalisisperiodistico.com\/index.php\/wp-json\/wp\/v2\/comments?post=46310"}],"version-history":[{"count":1,"href":"https:\/\/contextoanalisisperiodistico.com\/index.php\/wp-json\/wp\/v2\/posts\/46310\/revisions"}],"predecessor-version":[{"id":46311,"href":"https:\/\/contextoanalisisperiodistico.com\/index.php\/wp-json\/wp\/v2\/posts\/46310\/revisions\/46311"}],"wp:featuredmedia":[{"embeddable":true,"href":"https:\/\/contextoanalisisperiodistico.com\/index.php\/wp-json\/wp\/v2\/media\/46305"}],"wp:attachment":[{"href":"https:\/\/contextoanalisisperiodistico.com\/index.php\/wp-json\/wp\/v2\/media?parent=46310"}],"wp:term":[{"taxonomy":"category","embeddable":true,"href":"https:\/\/contextoanalisisperiodistico.com\/index.php\/wp-json\/wp\/v2\/categories?post=46310"},{"taxonomy":"post_tag","embeddable":true,"href":"https:\/\/contextoanalisisperiodistico.com\/index.php\/wp-json\/wp\/v2\/tags?post=46310"}],"curies":[{"name":"wp","href":"https:\/\/api.w.org\/{rel}","templated":true}]}}