{"id":46303,"date":"2025-09-26T18:10:51","date_gmt":"2025-09-27T00:10:51","guid":{"rendered":"https:\/\/contextoanalisisperiodistico.com\/index.php\/2025\/09\/26\/nuevo-reglamento-de-proteccion-civil-prioriza-la-vida-y-la-seguridad-de-oaxaca-de-juarez\/"},"modified":"2025-09-26T18:16:11","modified_gmt":"2025-09-27T00:16:11","slug":"nuevo-reglamento-de-proteccion-civil-prioriza-la-vida-y-la-seguridad-de-oaxaca-de-juarez","status":"publish","type":"post","link":"https:\/\/contextoanalisisperiodistico.com\/index.php\/2025\/09\/26\/nuevo-reglamento-de-proteccion-civil-prioriza-la-vida-y-la-seguridad-de-oaxaca-de-juarez\/","title":{"rendered":"Nuevo Reglamento de Protecci\u00f3n Civil prioriza vida y seguridad en Oaxaca de Ju\u00e1rez"},"content":{"rendered":"<div id=\"fb-root\"><\/div>\n\n<p>\u2022 Se refuerza la prevenci\u00f3n, la organizaci\u00f3n y la protecci\u00f3n de las familias capitalinas<\/p>\n\n\n\n<p>Oaxaca de Ju\u00e1rez, Oax. 26 de septiembre de 2025.- El Municipio de Oaxaca de Ju\u00e1rez, que encabeza el presidente municipal Ray Chagoya, cuenta con un nuevo Reglamento de Protecci\u00f3n Civil y Gesti\u00f3n Integral de Riesgos, una herramienta moderna que pone en el centro la seguridad y el bienestar de las familias capitalinas.<\/p>\n\n\n\n<p>Este ordenamiento fortalece la prevenci\u00f3n de riesgos, garantiza una mejor coordinaci\u00f3n entre dependencias y otorga claridad en las atribuciones de la Direcci\u00f3n de Protecci\u00f3n Civil. Con ello se asegura una atenci\u00f3n m\u00e1s r\u00e1pida y eficaz en situaciones de emergencia, adem\u00e1s de la supervisi\u00f3n de espect\u00e1culos p\u00fablicos, juegos mec\u00e1nicos, comercio en v\u00eda p\u00fablica y el manejo de pirotecnia, siempre pensando en la protecci\u00f3n de vecinas y vecinos.<\/p>\n\n\n\n<p>El reglamento tambi\u00e9n formaliza la participaci\u00f3n ciudadana a trav\u00e9s del Consejo Municipal de Protecci\u00f3n Civil y reconoce la importancia de contar con brigadas, simulacros y planes de prevenci\u00f3n en cada espacio p\u00fablico y privado. De esta manera se impulsa una cultura de corresponsabilidad y resiliencia frente a fen\u00f3menos naturales y de origen humano.<\/p>\n\n\n\n<p>Adem\u00e1s, se establecen sanciones claras y procedimientos transparentes para garantizar que comercios, organizadores de eventos y responsables de inmuebles cumplan con las medidas de seguridad necesarias. Esto brinda certeza tanto a las familias que acuden a espacios p\u00fablicos como a quienes desarrollan actividades productivas en la ciudad, creando un entorno m\u00e1s ordenado y seguro.<\/p>\n\n\n\n<p>Con este paso, Oaxaca de Ju\u00e1rez avanza hacia una gesti\u00f3n integral de riesgos m\u00e1s s\u00f3lida, enfocada en salvar vidas, reducir da\u00f1os y proteger el patrimonio de la ciudad, como fue establecido por la Comisi\u00f3n de Protecci\u00f3n Civil del Municipio de Oaxaca de Ju\u00e1rez, integrada por H\u00e9ctor Pablo Ram\u00edrez Puga Leyva, Regidor de Protecci\u00f3n Civil y Presidente de la Comisi\u00f3n; Dulce Mar\u00eda Lascarez, Regidora de Servicios Vecinales y Transparencia y Jos\u00e9 Bernardo Mayr\u00e9n Garc\u00eda, Regidor de Desarrollo Sostenible, Medio Ambiente y Gesti\u00f3n H\u00eddrica.<\/p>\n\n\n\n<p>El nuevo reglamento armoniza sus disposiciones con la Ley de Protecci\u00f3n Civil y Gesti\u00f3n Integral de Riesgos y Desastres del Estado de Oaxaca, asegurando coherencia jur\u00eddica y operativa en todos los niveles de gobierno.<\/p>\n","protected":false},"excerpt":{"rendered":"<p>\u2022 Se refuerza la prevenci\u00f3n, la organizaci\u00f3n y la protecci\u00f3n de las familias capitalinas Oaxaca&#8230;<\/p>\n","protected":false},"author":4,"featured_media":46302,"comment_status":"closed","ping_status":"open","sticky":false,"template":"","format":"standard","meta":{"footnotes":""},"categories":[9],"tags":[344,343],"jetpack_sharing_enabled":true,"featured_image_urls":{"full":["https:\/\/contextoanalisisperiodistico.com\/wp-content\/uploads\/2025\/09\/IMG-20250926-WA0097.jpg",1600,1070,false],"thumbnail":["https:\/\/contextoanalisisperiodistico.com\/wp-content\/uploads\/2025\/09\/IMG-20250926-WA0097-150x150.jpg",150,150,true],"medium":["https:\/\/contextoanalisisperiodistico.com\/wp-content\/uploads\/2025\/09\/IMG-20250926-WA0097-300x201.jpg",300,201,true],"medium_large":["https:\/\/contextoanalisisperiodistico.com\/wp-content\/uploads\/2025\/09\/IMG-20250926-WA0097-768x514.jpg",640,428,true],"large":["https:\/\/contextoanalisisperiodistico.com\/wp-content\/uploads\/2025\/09\/IMG-20250926-WA0097-1024x685.jpg",640,428,true],"1536x1536":["https:\/\/contextoanalisisperiodistico.com\/wp-content\/uploads\/2025\/09\/IMG-20250926-WA0097-1536x1027.jpg",1536,1027,true],"2048x2048":["https:\/\/contextoanalisisperiodistico.com\/wp-content\/uploads\/2025\/09\/IMG-20250926-WA0097.jpg",1600,1070,false],"covernews-slider-full":["https:\/\/contextoanalisisperiodistico.com\/wp-content\/uploads\/2025\/09\/IMG-20250926-WA0097-1115x715.jpg",1115,715,true],"covernews-slider-center":["https:\/\/contextoanalisisperiodistico.com\/wp-content\/uploads\/2025\/09\/IMG-20250926-WA0097-800x500.jpg",800,500,true],"covernews-featured":["https:\/\/contextoanalisisperiodistico.com\/wp-content\/uploads\/2025\/09\/IMG-20250926-WA0097-1024x685.jpg",1024,685,true],"covernews-medium":["https:\/\/contextoanalisisperiodistico.com\/wp-content\/uploads\/2025\/09\/IMG-20250926-WA0097-540x340.jpg",540,340,true],"covernews-medium-square":["https:\/\/contextoanalisisperiodistico.com\/wp-content\/uploads\/2025\/09\/IMG-20250926-WA0097-400x250.jpg",400,250,true]},"author_info":{"display_name":"Mario Gir\u00f3n","author_link":"https:\/\/contextoanalisisperiodistico.com\/index.php\/author\/director\/"},"category_info":"<a href=\"https:\/\/contextoanalisisperiodistico.com\/index.php\/category\/politica\/\" rel=\"category tag\">Pol\u00edtica<\/a>","tag_info":"Pol\u00edtica","comment_count":"0","jetpack_featured_media_url":"https:\/\/contextoanalisisperiodistico.com\/wp-content\/uploads\/2025\/09\/IMG-20250926-WA0097.jpg","_links":{"self":[{"href":"https:\/\/contextoanalisisperiodistico.com\/index.php\/wp-json\/wp\/v2\/posts\/46303"}],"collection":[{"href":"https:\/\/contextoanalisisperiodistico.com\/index.php\/wp-json\/wp\/v2\/posts"}],"about":[{"href":"https:\/\/contextoanalisisperiodistico.com\/index.php\/wp-json\/wp\/v2\/types\/post"}],"author":[{"embeddable":true,"href":"https:\/\/contextoanalisisperiodistico.com\/index.php\/wp-json\/wp\/v2\/users\/4"}],"replies":[{"embeddable":true,"href":"https:\/\/contextoanalisisperiodistico.com\/index.php\/wp-json\/wp\/v2\/comments?post=46303"}],"version-history":[{"count":1,"href":"https:\/\/contextoanalisisperiodistico.com\/index.php\/wp-json\/wp\/v2\/posts\/46303\/revisions"}],"predecessor-version":[{"id":46304,"href":"https:\/\/contextoanalisisperiodistico.com\/index.php\/wp-json\/wp\/v2\/posts\/46303\/revisions\/46304"}],"wp:featuredmedia":[{"embeddable":true,"href":"https:\/\/contextoanalisisperiodistico.com\/index.php\/wp-json\/wp\/v2\/media\/46302"}],"wp:attachment":[{"href":"https:\/\/contextoanalisisperiodistico.com\/index.php\/wp-json\/wp\/v2\/media?parent=46303"}],"wp:term":[{"taxonomy":"category","embeddable":true,"href":"https:\/\/contextoanalisisperiodistico.com\/index.php\/wp-json\/wp\/v2\/categories?post=46303"},{"taxonomy":"post_tag","embeddable":true,"href":"https:\/\/contextoanalisisperiodistico.com\/index.php\/wp-json\/wp\/v2\/tags?post=46303"}],"curies":[{"name":"wp","href":"https:\/\/api.w.org\/{rel}","templated":true}]}}