{"id":46294,"date":"2025-09-26T17:13:32","date_gmt":"2025-09-26T23:13:32","guid":{"rendered":"https:\/\/contextoanalisisperiodistico.com\/index.php\/2025\/09\/26\/garantiza-dif-oaxaca-alimentacion-nutricia-de-425-personas-en-santiago-llano-grande\/"},"modified":"2025-09-26T17:13:32","modified_gmt":"2025-09-26T23:13:32","slug":"garantiza-dif-oaxaca-alimentacion-nutricia-de-425-personas-en-santiago-llano-grande","status":"publish","type":"post","link":"https:\/\/contextoanalisisperiodistico.com\/index.php\/2025\/09\/26\/garantiza-dif-oaxaca-alimentacion-nutricia-de-425-personas-en-santiago-llano-grande\/","title":{"rendered":"Garantiza DIF Oaxaca alimentaci\u00f3n nutricia de 425 personas en Santiago Llano Grande"},"content":{"rendered":"<div id=\"fb-root\"><\/div>\n\n<p>\u2022 La Presidenta Honoraria Irma Bola\u00f1os y el Gobernador Salom\u00f3n Jara entregaron apoyos de los programas Desayuno de Letritas y Guisos de mi Pueblo<\/p>\n\n\n\n<figure class=\"wp-block-image size-large\"><img fetchpriority=\"high\" decoding=\"async\" width=\"900\" height=\"600\" src=\"https:\/\/contextoanalisisperiodistico.com\/wp-content\/uploads\/2025\/09\/img-20250926-wa00931940537337498620732.jpg\" alt=\"\" class=\"wp-image-46288\" srcset=\"https:\/\/contextoanalisisperiodistico.com\/wp-content\/uploads\/2025\/09\/img-20250926-wa00931940537337498620732.jpg 900w, https:\/\/contextoanalisisperiodistico.com\/wp-content\/uploads\/2025\/09\/img-20250926-wa00931940537337498620732-300x200.jpg 300w, https:\/\/contextoanalisisperiodistico.com\/wp-content\/uploads\/2025\/09\/img-20250926-wa00931940537337498620732-768x512.jpg 768w\" sizes=\"(max-width: 900px) 100vw, 900px\" \/><\/figure>\n\n\n\n<figure class=\"wp-block-image\"><img decoding=\"async\" width=\"300\" height=\"200\" src=\"https:\/\/contextoanalisisperiodistico.com\/wp-content\/uploads\/2025\/09\/img-20250926-wa00944463736811943668777-300x200.jpg\" alt=\"\" class=\"wp-image-46290\" srcset=\"https:\/\/contextoanalisisperiodistico.com\/wp-content\/uploads\/2025\/09\/img-20250926-wa00944463736811943668777-300x200.jpg 300w, https:\/\/contextoanalisisperiodistico.com\/wp-content\/uploads\/2025\/09\/img-20250926-wa00944463736811943668777-768x512.jpg 768w, https:\/\/contextoanalisisperiodistico.com\/wp-content\/uploads\/2025\/09\/img-20250926-wa00944463736811943668777.jpg 900w\" sizes=\"(max-width: 300px) 100vw, 300px\" \/><\/figure>\n\n\n\n<figure class=\"wp-block-image\"><img decoding=\"async\" width=\"300\" height=\"200\" src=\"https:\/\/contextoanalisisperiodistico.com\/wp-content\/uploads\/2025\/09\/img-20250926-wa00927437584662421601764-300x200.jpg\" alt=\"\" class=\"wp-image-46287\" srcset=\"https:\/\/contextoanalisisperiodistico.com\/wp-content\/uploads\/2025\/09\/img-20250926-wa00927437584662421601764-300x200.jpg 300w, https:\/\/contextoanalisisperiodistico.com\/wp-content\/uploads\/2025\/09\/img-20250926-wa00927437584662421601764-768x512.jpg 768w, https:\/\/contextoanalisisperiodistico.com\/wp-content\/uploads\/2025\/09\/img-20250926-wa00927437584662421601764.jpg 900w\" sizes=\"(max-width: 300px) 100vw, 300px\" \/><\/figure>\n\n\n\n<figure class=\"wp-block-image\"><img loading=\"lazy\" decoding=\"async\" width=\"300\" height=\"200\" src=\"https:\/\/contextoanalisisperiodistico.com\/wp-content\/uploads\/2025\/09\/img-20250926-wa00953114596265066165982-300x200.jpg\" alt=\"\" class=\"wp-image-46289\" srcset=\"https:\/\/contextoanalisisperiodistico.com\/wp-content\/uploads\/2025\/09\/img-20250926-wa00953114596265066165982-300x200.jpg 300w, https:\/\/contextoanalisisperiodistico.com\/wp-content\/uploads\/2025\/09\/img-20250926-wa00953114596265066165982-768x512.jpg 768w, https:\/\/contextoanalisisperiodistico.com\/wp-content\/uploads\/2025\/09\/img-20250926-wa00953114596265066165982.jpg 900w\" sizes=\"(max-width: 300px) 100vw, 300px\" \/><\/figure>\n\n\n\n<figure class=\"wp-block-image\"><img loading=\"lazy\" decoding=\"async\" width=\"300\" height=\"200\" src=\"https:\/\/contextoanalisisperiodistico.com\/wp-content\/uploads\/2025\/09\/img-20250926-wa00883698012318239132193-300x200.jpg\" alt=\"\" class=\"wp-image-46291\" srcset=\"https:\/\/contextoanalisisperiodistico.com\/wp-content\/uploads\/2025\/09\/img-20250926-wa00883698012318239132193-300x200.jpg 300w, https:\/\/contextoanalisisperiodistico.com\/wp-content\/uploads\/2025\/09\/img-20250926-wa00883698012318239132193-768x512.jpg 768w, https:\/\/contextoanalisisperiodistico.com\/wp-content\/uploads\/2025\/09\/img-20250926-wa00883698012318239132193.jpg 900w\" sizes=\"(max-width: 300px) 100vw, 300px\" \/><\/figure>\n\n\n\n<figure class=\"wp-block-image\"><img loading=\"lazy\" decoding=\"async\" width=\"300\" height=\"200\" src=\"https:\/\/contextoanalisisperiodistico.com\/wp-content\/uploads\/2025\/09\/img-20250926-wa00915894730233312102667-300x200.jpg\" alt=\"\" class=\"wp-image-46292\" srcset=\"https:\/\/contextoanalisisperiodistico.com\/wp-content\/uploads\/2025\/09\/img-20250926-wa00915894730233312102667-300x200.jpg 300w, https:\/\/contextoanalisisperiodistico.com\/wp-content\/uploads\/2025\/09\/img-20250926-wa00915894730233312102667-768x512.jpg 768w, https:\/\/contextoanalisisperiodistico.com\/wp-content\/uploads\/2025\/09\/img-20250926-wa00915894730233312102667.jpg 900w\" sizes=\"(max-width: 300px) 100vw, 300px\" \/><\/figure>\n\n\n\n<figure class=\"wp-block-image\"><img loading=\"lazy\" decoding=\"async\" width=\"300\" height=\"200\" src=\"https:\/\/contextoanalisisperiodistico.com\/wp-content\/uploads\/2025\/09\/img-20250926-wa00904133102381480397042-300x200.jpg\" alt=\"\" class=\"wp-image-46293\" srcset=\"https:\/\/contextoanalisisperiodistico.com\/wp-content\/uploads\/2025\/09\/img-20250926-wa00904133102381480397042-300x200.jpg 300w, https:\/\/contextoanalisisperiodistico.com\/wp-content\/uploads\/2025\/09\/img-20250926-wa00904133102381480397042-768x512.jpg 768w, https:\/\/contextoanalisisperiodistico.com\/wp-content\/uploads\/2025\/09\/img-20250926-wa00904133102381480397042.jpg 900w\" sizes=\"(max-width: 300px) 100vw, 300px\" \/><\/figure>\n\n\n\n<p>\u2022 Tambi\u00e9n se otorgaron lentes de vista cansada, as\u00ed como aparatos auditivos y funcionales<\/p>\n\n\n\n<p>Santiago Llano Grande, Oax., 26 de septiembre de 2025.- Con el objetivo de garantizar una alimentaci\u00f3n nutricia en este municipio de la regi\u00f3n Costa, la Presidenta Honoraria del Sistema Estatal para el Desarrollo Integral de la Familia (DIF) Oaxaca, Irma Bola\u00f1os Quijano entreg\u00f3 apoyos a 425 personas de Santiago Llano Grande.<\/p>\n\n\n\n<p>Durante su gira de trabajo realizada junto al Gobernador Salom\u00f3n Jara Cruz, expres\u00f3 que actualmente recorre las ocho regiones del estado para llevar bienestar a la ni\u00f1ez y adolescencia de manera directa, sin intermediarios; en especial en aquellas comunidades donde m\u00e1s se necesita.<\/p>\n\n\n\n<p>\u201cPara nosotros es prioridad atender a nuestras ni\u00f1as, ni\u00f1os y adolescentes, por ello venimos a hacer una gran entrega aqu\u00ed en Llano Grande; ten\u00edamos ese compromiso con ustedes\u201d, afirm\u00f3.<\/p>\n\n\n\n<p>El Mandatario estatal destac\u00f3 que la Primavera Oaxaque\u00f1a trabaja como nunca antes para atender a la poblaci\u00f3n y resarcir la deuda hist\u00f3rica, mediante programas y apoyos que mejoren su vida diaria.<\/p>\n\n\n\n<p>\u201cEste es un gobierno del pueblo y para el pueblo, vamos a seguir trabajando con todas y todos\u201d, subray\u00f3 Jara Cruz.<\/p>\n\n\n\n<p>Los apoyos consistieron en canastas alimentarias que forman parte de los programas Desayunos de Letritas y Guisos de mi Pueblo, a favor de las localidades: Santiago Llano Grande, Santa Mar\u00eda Cortijo, M\u00e1rtires de Tacubaya y San Juan Bautista Lo de Soto.<\/p>\n\n\n\n<p>En este marco tambi\u00e9n se otorgaron materiales como pinturas, estambres, mantas, entre otros, a integrantes de los Clubes de Adultos Mayores.<\/p>\n\n\n\n<p>El Sistema DIF Oaxaca realiza jornadas de atenci\u00f3n m\u00e9dica, dental, ocular y cirug\u00edas de paladar hendido. En este tenor, durante la visita se entregaron lentes de vista cansada, as\u00ed como aparatos auditivos y funcionales para quienes lo requirieron.<\/p>\n\n\n\n<p>En su oportunidad, la edil de Llano Grande, X\u00f3chil Cruz Arellanes reconoci\u00f3 el arduo trabajo de territorio que impulsa el Gobierno de la Primavera Oaxaque\u00f1a.<\/p>\n\n\n\n<p>-0-<\/p>\n","protected":false},"excerpt":{"rendered":"<p>\u2022 La Presidenta Honoraria Irma Bola\u00f1os y el Gobernador Salom\u00f3n Jara entregaron apoyos de los&#8230;<\/p>\n","protected":false},"author":4,"featured_media":46286,"comment_status":"","ping_status":"open","sticky":false,"template":"","format":"standard","meta":{"footnotes":""},"categories":[9],"tags":[341,303],"jetpack_sharing_enabled":true,"featured_image_urls":{"full":["https:\/\/contextoanalisisperiodistico.com\/wp-content\/uploads\/2025\/09\/IMG-20250926-WA0089.jpg",900,600,false],"thumbnail":["https:\/\/contextoanalisisperiodistico.com\/wp-content\/uploads\/2025\/09\/IMG-20250926-WA0089-150x150.jpg",150,150,true],"medium":["https:\/\/contextoanalisisperiodistico.com\/wp-content\/uploads\/2025\/09\/IMG-20250926-WA0089-300x200.jpg",300,200,true],"medium_large":["https:\/\/contextoanalisisperiodistico.com\/wp-content\/uploads\/2025\/09\/IMG-20250926-WA0089-768x512.jpg",640,427,true],"large":["https:\/\/contextoanalisisperiodistico.com\/wp-content\/uploads\/2025\/09\/IMG-20250926-WA0089.jpg",640,427,false],"1536x1536":["https:\/\/contextoanalisisperiodistico.com\/wp-content\/uploads\/2025\/09\/IMG-20250926-WA0089.jpg",900,600,false],"2048x2048":["https:\/\/contextoanalisisperiodistico.com\/wp-content\/uploads\/2025\/09\/IMG-20250926-WA0089.jpg",900,600,false],"covernews-slider-full":["https:\/\/contextoanalisisperiodistico.com\/wp-content\/uploads\/2025\/09\/IMG-20250926-WA0089.jpg",900,600,false],"covernews-slider-center":["https:\/\/contextoanalisisperiodistico.com\/wp-content\/uploads\/2025\/09\/IMG-20250926-WA0089-800x500.jpg",800,500,true],"covernews-featured":["https:\/\/contextoanalisisperiodistico.com\/wp-content\/uploads\/2025\/09\/IMG-20250926-WA0089.jpg",900,600,false],"covernews-medium":["https:\/\/contextoanalisisperiodistico.com\/wp-content\/uploads\/2025\/09\/IMG-20250926-WA0089-540x340.jpg",540,340,true],"covernews-medium-square":["https:\/\/contextoanalisisperiodistico.com\/wp-content\/uploads\/2025\/09\/IMG-20250926-WA0089-400x250.jpg",400,250,true]},"author_info":{"display_name":"Mario Gir\u00f3n","author_link":"https:\/\/contextoanalisisperiodistico.com\/index.php\/author\/director\/"},"category_info":"<a href=\"https:\/\/contextoanalisisperiodistico.com\/index.php\/category\/politica\/\" rel=\"category tag\">Pol\u00edtica<\/a>","tag_info":"Pol\u00edtica","comment_count":"0","jetpack_featured_media_url":"https:\/\/contextoanalisisperiodistico.com\/wp-content\/uploads\/2025\/09\/IMG-20250926-WA0089.jpg","_links":{"self":[{"href":"https:\/\/contextoanalisisperiodistico.com\/index.php\/wp-json\/wp\/v2\/posts\/46294"}],"collection":[{"href":"https:\/\/contextoanalisisperiodistico.com\/index.php\/wp-json\/wp\/v2\/posts"}],"about":[{"href":"https:\/\/contextoanalisisperiodistico.com\/index.php\/wp-json\/wp\/v2\/types\/post"}],"author":[{"embeddable":true,"href":"https:\/\/contextoanalisisperiodistico.com\/index.php\/wp-json\/wp\/v2\/users\/4"}],"replies":[{"embeddable":true,"href":"https:\/\/contextoanalisisperiodistico.com\/index.php\/wp-json\/wp\/v2\/comments?post=46294"}],"version-history":[{"count":0,"href":"https:\/\/contextoanalisisperiodistico.com\/index.php\/wp-json\/wp\/v2\/posts\/46294\/revisions"}],"wp:featuredmedia":[{"embeddable":true,"href":"https:\/\/contextoanalisisperiodistico.com\/index.php\/wp-json\/wp\/v2\/media\/46286"}],"wp:attachment":[{"href":"https:\/\/contextoanalisisperiodistico.com\/index.php\/wp-json\/wp\/v2\/media?parent=46294"}],"wp:term":[{"taxonomy":"category","embeddable":true,"href":"https:\/\/contextoanalisisperiodistico.com\/index.php\/wp-json\/wp\/v2\/categories?post=46294"},{"taxonomy":"post_tag","embeddable":true,"href":"https:\/\/contextoanalisisperiodistico.com\/index.php\/wp-json\/wp\/v2\/tags?post=46294"}],"curies":[{"name":"wp","href":"https:\/\/api.w.org\/{rel}","templated":true}]}}