{"id":46268,"date":"2025-09-26T09:31:07","date_gmt":"2025-09-26T15:31:07","guid":{"rendered":"https:\/\/contextoanalisisperiodistico.com\/?p=46268"},"modified":"2025-09-26T09:34:23","modified_gmt":"2025-09-26T15:34:23","slug":"llama-sso-sumarse-a-la-cultura-de-donacion-de-organos-y-tejidos","status":"publish","type":"post","link":"https:\/\/contextoanalisisperiodistico.com\/index.php\/2025\/09\/26\/llama-sso-sumarse-a-la-cultura-de-donacion-de-organos-y-tejidos\/","title":{"rendered":"Llama SSO sumarse a la cultura de donaci\u00f3n de \u00f3rganos y tejidos"},"content":{"rendered":"<div id=\"fb-root\"><\/div>\n\n<p>\u2022 Es un acto de amor que trasciende la vida, mientras en Oaxaca, m\u00e1s de 800 personas esperan un trasplante<\/p>\n\n\n\n<p>Oaxaca de Ju\u00e1rez, Oax., 26 de septiembre de 2025.- En el marco del D\u00eda Nacional de la Donaci\u00f3n y Trasplante de \u00d3rganos y Tejidos, que se celebra este 26 de septiembre, Servicios de Salud de Oaxaca (SSO) llama a la poblaci\u00f3n a sumarse a esta acci\u00f3n altruista que puede cambiar vidas.<\/p>\n\n\n\n<p>El director del Centro Estatal de Trasplantes de Oaxaca, Alejandro Mayoral Silva destac\u00f3 que cualquier persona puede ser donadora, sin importar edad, sexo, etnia, religi\u00f3n u orientaci\u00f3n sexual.<\/p>\n\n\n\n<p>Es de destacar que entre 800 y 900 oaxaque\u00f1as y oaxaque\u00f1os esperan un trasplante que les permita superar enfermedades graves y continuar con su vida. Actualmente, el Hospital Regional de Alta Especialidad de Oaxaca (HRAEO) ha realizado alrededor de 50 trasplantes de donador vivo y uno de cad\u00e1ver.<\/p>\n\n\n\n<p>SSO detalla que una forma de manifestar esta decisi\u00f3n es mediante la Tarjeta de Donador Voluntario, disponible en: www.cenatra.gob.mx\/dv\/index.php, y comunic\u00e1ndola a la familia para que se respete la voluntad.<\/p>\n\n\n\n<p>Mayoral Silva destac\u00f3 que los \u00f3rganos y tejidos que se pueden donar incluyen ri\u00f1\u00f3n, h\u00edgado, pulm\u00f3n, coraz\u00f3n, c\u00f3rneas, piel y huesos, dependiendo de la situaci\u00f3n del donante.<\/p>\n\n\n\n<p>A nivel nacional, el Cenatra reporta 19 mil 408 personas en espera de un \u00f3rgano: 16 mil 492 son de ri\u00f1\u00f3n; 2 mil 630 de c\u00f3rnea; 233 de h\u00edgado; 20 de coraz\u00f3n; nueve de h\u00edgado-ri\u00f1\u00f3n, entre otros.<\/p>\n\n\n\n<p>Donar es un acto de amor y solidaridad que trasciende la vida, para mayor informaci\u00f3n y registro, las personas pueden comunicarse a la L\u00ednea Verde 951 514 82 78, de lunes a viernes en horario de oficina.<\/p>\n\n\n\n<p>-0-<\/p>\n\n\n\n<figure class=\"wp-block-image size-large\"><img fetchpriority=\"high\" decoding=\"async\" width=\"816\" height=\"1024\" src=\"https:\/\/contextoanalisisperiodistico.com\/wp-content\/uploads\/2025\/09\/img-20250926-wa00252269295964712174599-816x1024.jpg\" alt=\"\" class=\"wp-image-46267\" srcset=\"https:\/\/contextoanalisisperiodistico.com\/wp-content\/uploads\/2025\/09\/img-20250926-wa00252269295964712174599-816x1024.jpg 816w, https:\/\/contextoanalisisperiodistico.com\/wp-content\/uploads\/2025\/09\/img-20250926-wa00252269295964712174599-239x300.jpg 239w, https:\/\/contextoanalisisperiodistico.com\/wp-content\/uploads\/2025\/09\/img-20250926-wa00252269295964712174599-768x964.jpg 768w, https:\/\/contextoanalisisperiodistico.com\/wp-content\/uploads\/2025\/09\/img-20250926-wa00252269295964712174599.jpg 1020w\" sizes=\"(max-width: 816px) 100vw, 816px\" \/><\/figure>\n","protected":false},"excerpt":{"rendered":"<p>\u2022 Es un acto de amor que trasciende la vida, mientras en Oaxaca, m\u00e1s de&#8230;<\/p>\n","protected":false},"author":4,"featured_media":46266,"comment_status":"closed","ping_status":"open","sticky":false,"template":"","format":"standard","meta":{"footnotes":""},"categories":[9],"tags":[338,339,303,336,337],"jetpack_sharing_enabled":true,"featured_image_urls":{"full":["https:\/\/contextoanalisisperiodistico.com\/wp-content\/uploads\/2025\/09\/IMG-20250926-WA0024.jpg",1280,1280,false],"thumbnail":["https:\/\/contextoanalisisperiodistico.com\/wp-content\/uploads\/2025\/09\/IMG-20250926-WA0024-150x150.jpg",150,150,true],"medium":["https:\/\/contextoanalisisperiodistico.com\/wp-content\/uploads\/2025\/09\/IMG-20250926-WA0024-300x300.jpg",300,300,true],"medium_large":["https:\/\/contextoanalisisperiodistico.com\/wp-content\/uploads\/2025\/09\/IMG-20250926-WA0024-768x768.jpg",640,640,true],"large":["https:\/\/contextoanalisisperiodistico.com\/wp-content\/uploads\/2025\/09\/IMG-20250926-WA0024-1024x1024.jpg",640,640,true],"1536x1536":["https:\/\/contextoanalisisperiodistico.com\/wp-content\/uploads\/2025\/09\/IMG-20250926-WA0024.jpg",1280,1280,false],"2048x2048":["https:\/\/contextoanalisisperiodistico.com\/wp-content\/uploads\/2025\/09\/IMG-20250926-WA0024.jpg",1280,1280,false],"covernews-slider-full":["https:\/\/contextoanalisisperiodistico.com\/wp-content\/uploads\/2025\/09\/IMG-20250926-WA0024-1115x715.jpg",1115,715,true],"covernews-slider-center":["https:\/\/contextoanalisisperiodistico.com\/wp-content\/uploads\/2025\/09\/IMG-20250926-WA0024-800x500.jpg",800,500,true],"covernews-featured":["https:\/\/contextoanalisisperiodistico.com\/wp-content\/uploads\/2025\/09\/IMG-20250926-WA0024-1024x1024.jpg",1024,1024,true],"covernews-medium":["https:\/\/contextoanalisisperiodistico.com\/wp-content\/uploads\/2025\/09\/IMG-20250926-WA0024-540x340.jpg",540,340,true],"covernews-medium-square":["https:\/\/contextoanalisisperiodistico.com\/wp-content\/uploads\/2025\/09\/IMG-20250926-WA0024-400x250.jpg",400,250,true]},"author_info":{"display_name":"Mario Gir\u00f3n","author_link":"https:\/\/contextoanalisisperiodistico.com\/index.php\/author\/director\/"},"category_info":"<a href=\"https:\/\/contextoanalisisperiodistico.com\/index.php\/category\/politica\/\" rel=\"category tag\">Pol\u00edtica<\/a>","tag_info":"Pol\u00edtica","comment_count":"0","jetpack_featured_media_url":"https:\/\/contextoanalisisperiodistico.com\/wp-content\/uploads\/2025\/09\/IMG-20250926-WA0024.jpg","_links":{"self":[{"href":"https:\/\/contextoanalisisperiodistico.com\/index.php\/wp-json\/wp\/v2\/posts\/46268"}],"collection":[{"href":"https:\/\/contextoanalisisperiodistico.com\/index.php\/wp-json\/wp\/v2\/posts"}],"about":[{"href":"https:\/\/contextoanalisisperiodistico.com\/index.php\/wp-json\/wp\/v2\/types\/post"}],"author":[{"embeddable":true,"href":"https:\/\/contextoanalisisperiodistico.com\/index.php\/wp-json\/wp\/v2\/users\/4"}],"replies":[{"embeddable":true,"href":"https:\/\/contextoanalisisperiodistico.com\/index.php\/wp-json\/wp\/v2\/comments?post=46268"}],"version-history":[{"count":1,"href":"https:\/\/contextoanalisisperiodistico.com\/index.php\/wp-json\/wp\/v2\/posts\/46268\/revisions"}],"predecessor-version":[{"id":46269,"href":"https:\/\/contextoanalisisperiodistico.com\/index.php\/wp-json\/wp\/v2\/posts\/46268\/revisions\/46269"}],"wp:featuredmedia":[{"embeddable":true,"href":"https:\/\/contextoanalisisperiodistico.com\/index.php\/wp-json\/wp\/v2\/media\/46266"}],"wp:attachment":[{"href":"https:\/\/contextoanalisisperiodistico.com\/index.php\/wp-json\/wp\/v2\/media?parent=46268"}],"wp:term":[{"taxonomy":"category","embeddable":true,"href":"https:\/\/contextoanalisisperiodistico.com\/index.php\/wp-json\/wp\/v2\/categories?post=46268"},{"taxonomy":"post_tag","embeddable":true,"href":"https:\/\/contextoanalisisperiodistico.com\/index.php\/wp-json\/wp\/v2\/tags?post=46268"}],"curies":[{"name":"wp","href":"https:\/\/api.w.org\/{rel}","templated":true}]}}