{"id":46240,"date":"2025-09-25T13:41:35","date_gmt":"2025-09-25T19:41:35","guid":{"rendered":"https:\/\/contextoanalisisperiodistico.com\/index.php\/2025\/09\/25\/latidos-vecinales-sigue-transformando-espacios-con-actividades-para-toda-la-familia\/"},"modified":"2025-09-25T13:41:35","modified_gmt":"2025-09-25T19:41:35","slug":"latidos-vecinales-sigue-transformando-espacios-con-actividades-para-toda-la-familia","status":"publish","type":"post","link":"https:\/\/contextoanalisisperiodistico.com\/index.php\/2025\/09\/25\/latidos-vecinales-sigue-transformando-espacios-con-actividades-para-toda-la-familia\/","title":{"rendered":"Latidos Vecinales sigue transformando espacios con actividades para toda la familia"},"content":{"rendered":"<div id=\"fb-root\"><\/div>\n\n<p>\u2022 El Gobierno Municipal de Ray Chagoya impulsa convivencia, cultura y prevenci\u00f3n en distintas agencias y colonias de la ciudad<\/p>\n\n\n\n<figure class=\"wp-block-video\"><video controls src=\"https:\/\/contextoanalisisperiodistico.com\/wp-content\/uploads\/2025\/09\/VID-20250925-WA0049.mp4\"><\/video><\/figure>\n\n\n\n<p>Oaxaca de Ju\u00e1rez, Oax., 25 de septiembre de 2025.- El Ayuntamiento de Oaxaca de Ju\u00e1rez, encabezado por el presidente municipal Ray Chagoya, contin\u00faa fortaleciendo la convivencia y el bienestar ciudadano a trav\u00e9s de Latidos Vecinales, programa que cada semana llega a diferentes puntos de la ciudad con actividades recreativas, culturales y de prevenci\u00f3n.<\/p>\n\n\n\n<p>Este jueves 25 de septiembre la jornada se llevar\u00e1 a cabo en la Agencia de Montoya, con din\u00e1micas art\u00edsticas, juegos educativos, valoraciones m\u00e9dicas y talleres para ni\u00f1as, ni\u00f1os y personas adultas mayores.<\/p>\n\n\n\n<p>El viernes 26, la cita ser\u00e1 en la Central de Abasto (Bodegas, cuarta Nave), donde se desarrollar\u00e1n actividades como talleres de porcelana en fr\u00edo y llaveros, pl\u00e1ticas de emprendimiento y prevenci\u00f3n de la violencia, adem\u00e1s de din\u00e1micas l\u00fadicas para toda la familia.<\/p>\n\n\n\n<p>El s\u00e1bado 27, la Unidad Deportiva Pozas Arcas, junto al Mercado Aurora, abrir\u00e1 sus puertas para promover la lectura, la activaci\u00f3n f\u00edsica y la educaci\u00f3n en valores, adem\u00e1s de pl\u00e1ticas de igualdad de g\u00e9nero y no discriminaci\u00f3n.<\/p>\n\n\n\n<p>Finalmente, el domingo 28 la jornada llegar\u00e1 a la zona de Candiani, donde las y los asistentes podr\u00e1n disfrutar de talleres de papalotes, din\u00e1micas de reciclaje, juegos cooperativos y actividades de proximidad social junto con la polic\u00eda municipal.<\/p>\n\n\n\n<p>Con estas acciones, el Gobierno Municipal reafirma que Latidos Vecinales es una prioridad de la administraci\u00f3n del presidente Ray Chagoya, al ser un espacio de encuentro donde se construyen lazos, se fomenta la participaci\u00f3n ciudadana y se impulsa una ciudad m\u00e1s unida, segura y solidaria.<\/p>\n","protected":false},"excerpt":{"rendered":"<p>\u2022 El Gobierno Municipal de Ray Chagoya impulsa convivencia, cultura y prevenci\u00f3n en distintas agencias&#8230;<\/p>\n","protected":false},"author":4,"featured_media":46238,"comment_status":"","ping_status":"open","sticky":false,"template":"","format":"standard","meta":{"footnotes":""},"categories":[9],"tags":[178,330],"jetpack_sharing_enabled":true,"featured_image_urls":{"full":["https:\/\/contextoanalisisperiodistico.com\/wp-content\/uploads\/2025\/09\/IMG-20250925-WA0048.jpg",1347,1679,false],"thumbnail":["https:\/\/contextoanalisisperiodistico.com\/wp-content\/uploads\/2025\/09\/IMG-20250925-WA0048-150x150.jpg",150,150,true],"medium":["https:\/\/contextoanalisisperiodistico.com\/wp-content\/uploads\/2025\/09\/IMG-20250925-WA0048-241x300.jpg",241,300,true],"medium_large":["https:\/\/contextoanalisisperiodistico.com\/wp-content\/uploads\/2025\/09\/IMG-20250925-WA0048-768x957.jpg",640,798,true],"large":["https:\/\/contextoanalisisperiodistico.com\/wp-content\/uploads\/2025\/09\/IMG-20250925-WA0048-822x1024.jpg",640,797,true],"1536x1536":["https:\/\/contextoanalisisperiodistico.com\/wp-content\/uploads\/2025\/09\/IMG-20250925-WA0048-1232x1536.jpg",1232,1536,true],"2048x2048":["https:\/\/contextoanalisisperiodistico.com\/wp-content\/uploads\/2025\/09\/IMG-20250925-WA0048.jpg",1347,1679,false],"covernews-slider-full":["https:\/\/contextoanalisisperiodistico.com\/wp-content\/uploads\/2025\/09\/IMG-20250925-WA0048-1115x715.jpg",1115,715,true],"covernews-slider-center":["https:\/\/contextoanalisisperiodistico.com\/wp-content\/uploads\/2025\/09\/IMG-20250925-WA0048-800x500.jpg",800,500,true],"covernews-featured":["https:\/\/contextoanalisisperiodistico.com\/wp-content\/uploads\/2025\/09\/IMG-20250925-WA0048-1024x1276.jpg",1024,1276,true],"covernews-medium":["https:\/\/contextoanalisisperiodistico.com\/wp-content\/uploads\/2025\/09\/IMG-20250925-WA0048-540x340.jpg",540,340,true],"covernews-medium-square":["https:\/\/contextoanalisisperiodistico.com\/wp-content\/uploads\/2025\/09\/IMG-20250925-WA0048-400x250.jpg",400,250,true]},"author_info":{"display_name":"Mario Gir\u00f3n","author_link":"https:\/\/contextoanalisisperiodistico.com\/index.php\/author\/director\/"},"category_info":"<a href=\"https:\/\/contextoanalisisperiodistico.com\/index.php\/category\/politica\/\" rel=\"category tag\">Pol\u00edtica<\/a>","tag_info":"Pol\u00edtica","comment_count":"0","jetpack_featured_media_url":"https:\/\/contextoanalisisperiodistico.com\/wp-content\/uploads\/2025\/09\/IMG-20250925-WA0048.jpg","_links":{"self":[{"href":"https:\/\/contextoanalisisperiodistico.com\/index.php\/wp-json\/wp\/v2\/posts\/46240"}],"collection":[{"href":"https:\/\/contextoanalisisperiodistico.com\/index.php\/wp-json\/wp\/v2\/posts"}],"about":[{"href":"https:\/\/contextoanalisisperiodistico.com\/index.php\/wp-json\/wp\/v2\/types\/post"}],"author":[{"embeddable":true,"href":"https:\/\/contextoanalisisperiodistico.com\/index.php\/wp-json\/wp\/v2\/users\/4"}],"replies":[{"embeddable":true,"href":"https:\/\/contextoanalisisperiodistico.com\/index.php\/wp-json\/wp\/v2\/comments?post=46240"}],"version-history":[{"count":0,"href":"https:\/\/contextoanalisisperiodistico.com\/index.php\/wp-json\/wp\/v2\/posts\/46240\/revisions"}],"wp:featuredmedia":[{"embeddable":true,"href":"https:\/\/contextoanalisisperiodistico.com\/index.php\/wp-json\/wp\/v2\/media\/46238"}],"wp:attachment":[{"href":"https:\/\/contextoanalisisperiodistico.com\/index.php\/wp-json\/wp\/v2\/media?parent=46240"}],"wp:term":[{"taxonomy":"category","embeddable":true,"href":"https:\/\/contextoanalisisperiodistico.com\/index.php\/wp-json\/wp\/v2\/categories?post=46240"},{"taxonomy":"post_tag","embeddable":true,"href":"https:\/\/contextoanalisisperiodistico.com\/index.php\/wp-json\/wp\/v2\/tags?post=46240"}],"curies":[{"name":"wp","href":"https:\/\/api.w.org\/{rel}","templated":true}]}}