{"id":46233,"date":"2025-09-25T11:05:56","date_gmt":"2025-09-25T17:05:56","guid":{"rendered":"https:\/\/contextoanalisisperiodistico.com\/index.php\/2025\/09\/25\/como-pueblos-magicos-mitla-huautla-mazunte-teposcolula-reafirman-la-grandeza-de-oaxaca\/"},"modified":"2025-09-25T11:05:56","modified_gmt":"2025-09-25T17:05:56","slug":"como-pueblos-magicos-mitla-huautla-mazunte-teposcolula-reafirman-la-grandeza-de-oaxaca","status":"publish","type":"post","link":"https:\/\/contextoanalisisperiodistico.com\/index.php\/2025\/09\/25\/como-pueblos-magicos-mitla-huautla-mazunte-teposcolula-reafirman-la-grandeza-de-oaxaca\/","title":{"rendered":"Como Pueblos M\u00e1gicos, Mitla, Huautla, Mazunte, Teposcolula, reafirman la grandeza de Oaxaca"},"content":{"rendered":"<div id=\"fb-root\"><\/div>\n\n<p>\u2022 Sus tradiciones, belleza natural, arquitectura, historia, cultura, gastronom\u00eda, m\u00fasica y danza; dan vida al Coraz\u00f3n Cultural de M\u00e9xico<\/p>\n\n\n\n<p>Oaxaca de Ju\u00e1rez, Oax. 25 de septiembre de 2025.- A una d\u00e9cada de haber sido nombrados Pueblos M\u00e1gicos por el Gobierno Federal, las comunidades: San Pedro y San Pablo Teposcolula, San Pablo Villa de Mitla, Huautla de Jim\u00e9nez y Mazunte, se reafirman como referentes de la riqueza y diversidad de Oaxaca.<\/p>\n\n\n\n<p>En la Ruta de la Mixteca, San Pedro y San Pablo Teposcolula resguarda el majestuoso Ex Convento Dominico del siglo XVI, con columnas, muros y b\u00f3vedas de cantera. Sus calles empedradas retienen la \u00e9poca virreinal y muestran la herencia cultural de la poblaci\u00f3n antigua.<\/p>\n\n\n\n<p>La \u201cCiudad de los Muertos\u201d, San Pablo Villa de Mitla, en la Ruta Caminos del Mezcal; alberga una de las zonas arqueol\u00f3gicas m\u00e1s importantes de la cultura zapoteca. Reconocido por sus textiles bordados y mezcal artesanal, este pueblo ofrece una experiencia \u00fanica durante la celebraci\u00f3n del D\u00eda de Muertos.<\/p>\n\n\n\n<p>En la Ruta de la Reserva de la Bi\u00f3sfera, Huautla de Jim\u00e9nez, en la sierra mazateca; es una de las \u00e1reas naturales protegidas m\u00e1s importantes de M\u00e9xico. Con r\u00edos caudalosos, profundas cavernas, flora y fauna end\u00e9mica, adem\u00e1s de su gastronom\u00eda y rituales ancestrales ligados al conocimiento que Mar\u00eda Sabina comparti\u00f3 con el mundo.<\/p>\n\n\n\n<p>En el litoral oaxaque\u00f1o, Mazunte es un destino comprometido con la conservaci\u00f3n. Sus playas tambi\u00e9n son el hogar de tortugas marinas que cada a\u00f1o regresan a desovar, ofreciendo un evento significativo dentro de la Ruta de la Costa Oaxaque\u00f1a.<\/p>\n\n\n\n<p>Estos Pueblos M\u00e1gicos comparten sus tradiciones, belleza natural, arquitectura, historia, cultura, gastronom\u00eda, m\u00fasica y danza; los cuales dan vida al Coraz\u00f3n Cultural de M\u00e9xico.<\/p>\n\n\n\n<p>-0-<\/p>\n\n\n\n<figure class=\"wp-block-image size-large\"><img fetchpriority=\"high\" decoding=\"async\" width=\"900\" height=\"600\" src=\"https:\/\/contextoanalisisperiodistico.com\/wp-content\/uploads\/2025\/09\/img-20250925-wa0026957885905341558458.jpg\" alt=\"\" class=\"wp-image-46230\" srcset=\"https:\/\/contextoanalisisperiodistico.com\/wp-content\/uploads\/2025\/09\/img-20250925-wa0026957885905341558458.jpg 900w, https:\/\/contextoanalisisperiodistico.com\/wp-content\/uploads\/2025\/09\/img-20250925-wa0026957885905341558458-300x200.jpg 300w, https:\/\/contextoanalisisperiodistico.com\/wp-content\/uploads\/2025\/09\/img-20250925-wa0026957885905341558458-768x512.jpg 768w\" sizes=\"(max-width: 900px) 100vw, 900px\" \/><\/figure>\n\n\n\n<figure class=\"wp-block-image\"><img decoding=\"async\" width=\"300\" height=\"200\" src=\"https:\/\/contextoanalisisperiodistico.com\/wp-content\/uploads\/2025\/09\/img-20250925-wa00273227949392309110352-300x200.jpg\" alt=\"\" class=\"wp-image-46232\" srcset=\"https:\/\/contextoanalisisperiodistico.com\/wp-content\/uploads\/2025\/09\/img-20250925-wa00273227949392309110352-300x200.jpg 300w, https:\/\/contextoanalisisperiodistico.com\/wp-content\/uploads\/2025\/09\/img-20250925-wa00273227949392309110352-768x512.jpg 768w, https:\/\/contextoanalisisperiodistico.com\/wp-content\/uploads\/2025\/09\/img-20250925-wa00273227949392309110352.jpg 900w\" sizes=\"(max-width: 300px) 100vw, 300px\" \/><\/figure>\n\n\n\n<figure class=\"wp-block-image\"><img decoding=\"async\" width=\"1024\" height=\"667\" src=\"https:\/\/contextoanalisisperiodistico.com\/wp-content\/uploads\/2025\/09\/img-20250925-wa00281470525758121436566-1024x667.jpg\" alt=\"\" class=\"wp-image-46231\" srcset=\"https:\/\/contextoanalisisperiodistico.com\/wp-content\/uploads\/2025\/09\/img-20250925-wa00281470525758121436566-1024x667.jpg 1024w, https:\/\/contextoanalisisperiodistico.com\/wp-content\/uploads\/2025\/09\/img-20250925-wa00281470525758121436566-300x195.jpg 300w, https:\/\/contextoanalisisperiodistico.com\/wp-content\/uploads\/2025\/09\/img-20250925-wa00281470525758121436566-768x500.jpg 768w, https:\/\/contextoanalisisperiodistico.com\/wp-content\/uploads\/2025\/09\/img-20250925-wa00281470525758121436566.jpg 1179w\" sizes=\"(max-width: 1024px) 100vw, 1024px\" \/><\/figure>\n","protected":false},"excerpt":{"rendered":"<p>\u2022 Sus tradiciones, belleza natural, arquitectura, historia, cultura, gastronom\u00eda, m\u00fasica y danza; dan vida al&#8230;<\/p>\n","protected":false},"author":4,"featured_media":46229,"comment_status":"","ping_status":"open","sticky":false,"template":"","format":"standard","meta":{"footnotes":""},"categories":[4],"tags":[303],"jetpack_sharing_enabled":true,"featured_image_urls":{"full":["https:\/\/contextoanalisisperiodistico.com\/wp-content\/uploads\/2025\/09\/IMG-20250925-WA0025.jpg",1179,781,false],"thumbnail":["https:\/\/contextoanalisisperiodistico.com\/wp-content\/uploads\/2025\/09\/IMG-20250925-WA0025-150x150.jpg",150,150,true],"medium":["https:\/\/contextoanalisisperiodistico.com\/wp-content\/uploads\/2025\/09\/IMG-20250925-WA0025-300x199.jpg",300,199,true],"medium_large":["https:\/\/contextoanalisisperiodistico.com\/wp-content\/uploads\/2025\/09\/IMG-20250925-WA0025-768x509.jpg",640,424,true],"large":["https:\/\/contextoanalisisperiodistico.com\/wp-content\/uploads\/2025\/09\/IMG-20250925-WA0025-1024x678.jpg",640,424,true],"1536x1536":["https:\/\/contextoanalisisperiodistico.com\/wp-content\/uploads\/2025\/09\/IMG-20250925-WA0025.jpg",1179,781,false],"2048x2048":["https:\/\/contextoanalisisperiodistico.com\/wp-content\/uploads\/2025\/09\/IMG-20250925-WA0025.jpg",1179,781,false],"covernews-slider-full":["https:\/\/contextoanalisisperiodistico.com\/wp-content\/uploads\/2025\/09\/IMG-20250925-WA0025-1115x715.jpg",1115,715,true],"covernews-slider-center":["https:\/\/contextoanalisisperiodistico.com\/wp-content\/uploads\/2025\/09\/IMG-20250925-WA0025-800x500.jpg",800,500,true],"covernews-featured":["https:\/\/contextoanalisisperiodistico.com\/wp-content\/uploads\/2025\/09\/IMG-20250925-WA0025-1024x678.jpg",1024,678,true],"covernews-medium":["https:\/\/contextoanalisisperiodistico.com\/wp-content\/uploads\/2025\/09\/IMG-20250925-WA0025-540x340.jpg",540,340,true],"covernews-medium-square":["https:\/\/contextoanalisisperiodistico.com\/wp-content\/uploads\/2025\/09\/IMG-20250925-WA0025-400x250.jpg",400,250,true]},"author_info":{"display_name":"Mario Gir\u00f3n","author_link":"https:\/\/contextoanalisisperiodistico.com\/index.php\/author\/director\/"},"category_info":"<a href=\"https:\/\/contextoanalisisperiodistico.com\/index.php\/category\/cultura\/\" rel=\"category tag\">Cultura<\/a>","tag_info":"Cultura","comment_count":"0","jetpack_featured_media_url":"https:\/\/contextoanalisisperiodistico.com\/wp-content\/uploads\/2025\/09\/IMG-20250925-WA0025.jpg","_links":{"self":[{"href":"https:\/\/contextoanalisisperiodistico.com\/index.php\/wp-json\/wp\/v2\/posts\/46233"}],"collection":[{"href":"https:\/\/contextoanalisisperiodistico.com\/index.php\/wp-json\/wp\/v2\/posts"}],"about":[{"href":"https:\/\/contextoanalisisperiodistico.com\/index.php\/wp-json\/wp\/v2\/types\/post"}],"author":[{"embeddable":true,"href":"https:\/\/contextoanalisisperiodistico.com\/index.php\/wp-json\/wp\/v2\/users\/4"}],"replies":[{"embeddable":true,"href":"https:\/\/contextoanalisisperiodistico.com\/index.php\/wp-json\/wp\/v2\/comments?post=46233"}],"version-history":[{"count":0,"href":"https:\/\/contextoanalisisperiodistico.com\/index.php\/wp-json\/wp\/v2\/posts\/46233\/revisions"}],"wp:featuredmedia":[{"embeddable":true,"href":"https:\/\/contextoanalisisperiodistico.com\/index.php\/wp-json\/wp\/v2\/media\/46229"}],"wp:attachment":[{"href":"https:\/\/contextoanalisisperiodistico.com\/index.php\/wp-json\/wp\/v2\/media?parent=46233"}],"wp:term":[{"taxonomy":"category","embeddable":true,"href":"https:\/\/contextoanalisisperiodistico.com\/index.php\/wp-json\/wp\/v2\/categories?post=46233"},{"taxonomy":"post_tag","embeddable":true,"href":"https:\/\/contextoanalisisperiodistico.com\/index.php\/wp-json\/wp\/v2\/tags?post=46233"}],"curies":[{"name":"wp","href":"https:\/\/api.w.org\/{rel}","templated":true}]}}