{"id":45947,"date":"2025-09-15T15:15:25","date_gmt":"2025-09-15T21:15:25","guid":{"rendered":"https:\/\/contextoanalisisperiodistico.com\/index.php\/2025\/09\/15\/modificara-soapa-suministro-de-agua-en-las-agencias-san-martin-mexicapam-y-san-juan-chapultepec\/"},"modified":"2025-09-15T15:15:25","modified_gmt":"2025-09-15T21:15:25","slug":"modificara-soapa-suministro-de-agua-en-las-agencias-san-martin-mexicapam-y-san-juan-chapultepec","status":"publish","type":"post","link":"https:\/\/contextoanalisisperiodistico.com\/index.php\/2025\/09\/15\/modificara-soapa-suministro-de-agua-en-las-agencias-san-martin-mexicapam-y-san-juan-chapultepec\/","title":{"rendered":"Modificar\u00e1 Soapa suministro de agua en las agencias San Mart\u00edn Mexicapam y San Juan Chapultepec"},"content":{"rendered":"<div id=\"fb-root\"><\/div>\n\n<p>\u2022 Personal del organismo trabaja para normalizar a la brevedad la programaci\u00f3n del servicio<\/p>\n\n\n\n<figure class=\"wp-block-image size-large\"><img fetchpriority=\"high\" decoding=\"async\" width=\"1024\" height=\"682\" src=\"https:\/\/contextoanalisisperiodistico.com\/wp-content\/uploads\/2025\/09\/img-20250915-wa00823541187532156772652-1024x682.jpg\" alt=\"\" class=\"wp-image-45945\" srcset=\"https:\/\/contextoanalisisperiodistico.com\/wp-content\/uploads\/2025\/09\/img-20250915-wa00823541187532156772652-1024x682.jpg 1024w, https:\/\/contextoanalisisperiodistico.com\/wp-content\/uploads\/2025\/09\/img-20250915-wa00823541187532156772652-300x200.jpg 300w, https:\/\/contextoanalisisperiodistico.com\/wp-content\/uploads\/2025\/09\/img-20250915-wa00823541187532156772652-768x512.jpg 768w, https:\/\/contextoanalisisperiodistico.com\/wp-content\/uploads\/2025\/09\/img-20250915-wa00823541187532156772652-1536x1023.jpg 1536w, https:\/\/contextoanalisisperiodistico.com\/wp-content\/uploads\/2025\/09\/img-20250915-wa00823541187532156772652.jpg 1600w\" sizes=\"(max-width: 1024px) 100vw, 1024px\" \/><\/figure>\n\n\n\n<figure class=\"wp-block-image\"><img decoding=\"async\" width=\"300\" height=\"200\" src=\"https:\/\/contextoanalisisperiodistico.com\/wp-content\/uploads\/2025\/09\/img-20250915-wa00848340043969257204769-300x200.jpg\" alt=\"\" class=\"wp-image-45946\" srcset=\"https:\/\/contextoanalisisperiodistico.com\/wp-content\/uploads\/2025\/09\/img-20250915-wa00848340043969257204769-300x200.jpg 300w, https:\/\/contextoanalisisperiodistico.com\/wp-content\/uploads\/2025\/09\/img-20250915-wa00848340043969257204769-768x511.jpg 768w, https:\/\/contextoanalisisperiodistico.com\/wp-content\/uploads\/2025\/09\/img-20250915-wa00848340043969257204769.jpg 1000w\" sizes=\"(max-width: 300px) 100vw, 300px\" \/><\/figure>\n\n\n\n<p>Oaxaca de Ju\u00e1rez, Oax. 15 de septiembre de 2025.- El Sistema Operador de los Servicios de Agua Potable y Alcantarillado (Soapa) informa a la ciudadan\u00eda que el suministro de agua potable presentar\u00e1 un atraso de 10 d\u00edas en diversas zonas de las agencias de San Mart\u00edn Mexicapam de C\u00e1rdenas y San Juan Chapultepec.<\/p>\n\n\n\n<p>Lo anterior, derivado de una aver\u00eda en una l\u00ednea de conducci\u00f3n de 10 pulgadas registrada en la intersecci\u00f3n de la calle Hidalgo y la avenida Manuel G\u00f3mez Mor\u00edn.<\/p>\n\n\n\n<p>Actualmente, personal del organismo lleva a cabo la reparaci\u00f3n de la infraestructura hidr\u00e1ulica, con la finalidad de normalizar a la brevedad la programaci\u00f3n del servicio.<\/p>\n\n\n\n<p>En San Mart\u00edn Mexicapam de C\u00e1rdenas las colonias que presentar\u00e1n esta demora en el abastecimiento son: Jardines, Primavera, Emiliano Zapata, L\u00e1zaro C\u00e1rdenas (Primera y Segunda Secci\u00f3n), Casa Blanca, El Rosario, Jacarandas y Casco de la misma agencia.<\/p>\n\n\n\n<p>Adem\u00e1s, en los fraccionamientos: Galaahui, Las Campanas, Las Palmas, Residencial San Mart\u00edn, La Fundici\u00f3n, Real Casa Blanca, Jardines de la Sierra y el barrio La Soledad.<\/p>\n\n\n\n<p>En la agencia municipal de San Juan Chapultepec, esta situaci\u00f3n se presentar\u00e1 en la parte baja y media; as\u00ed como en la colonia California y el fraccionamiento Rodr\u00edguez Alcaine (1 y 2).<\/p>\n\n\n\n<p>Para cualquier informaci\u00f3n, el Soapa pone a disposici\u00f3n el n\u00famero del Centro de Atenci\u00f3n Telef\u00f3nica: 951 501 59 30, extensiones de la 101 a la 107.<\/p>\n\n\n\n<p>-0-<\/p>\n","protected":false},"excerpt":{"rendered":"<p>\u2022 Personal del organismo trabaja para normalizar a la brevedad la programaci\u00f3n del servicio Oaxaca&#8230;<\/p>\n","protected":false},"author":4,"featured_media":45944,"comment_status":"","ping_status":"open","sticky":false,"template":"","format":"standard","meta":{"footnotes":""},"categories":[3],"tags":[316,303],"jetpack_sharing_enabled":true,"featured_image_urls":{"full":["https:\/\/contextoanalisisperiodistico.com\/wp-content\/uploads\/2025\/09\/IMG-20250915-WA0083.jpg",1000,666,false],"thumbnail":["https:\/\/contextoanalisisperiodistico.com\/wp-content\/uploads\/2025\/09\/IMG-20250915-WA0083-150x150.jpg",150,150,true],"medium":["https:\/\/contextoanalisisperiodistico.com\/wp-content\/uploads\/2025\/09\/IMG-20250915-WA0083-300x200.jpg",300,200,true],"medium_large":["https:\/\/contextoanalisisperiodistico.com\/wp-content\/uploads\/2025\/09\/IMG-20250915-WA0083-768x511.jpg",640,426,true],"large":["https:\/\/contextoanalisisperiodistico.com\/wp-content\/uploads\/2025\/09\/IMG-20250915-WA0083.jpg",640,426,false],"1536x1536":["https:\/\/contextoanalisisperiodistico.com\/wp-content\/uploads\/2025\/09\/IMG-20250915-WA0083.jpg",1000,666,false],"2048x2048":["https:\/\/contextoanalisisperiodistico.com\/wp-content\/uploads\/2025\/09\/IMG-20250915-WA0083.jpg",1000,666,false],"covernews-slider-full":["https:\/\/contextoanalisisperiodistico.com\/wp-content\/uploads\/2025\/09\/IMG-20250915-WA0083.jpg",1000,666,false],"covernews-slider-center":["https:\/\/contextoanalisisperiodistico.com\/wp-content\/uploads\/2025\/09\/IMG-20250915-WA0083-800x500.jpg",800,500,true],"covernews-featured":["https:\/\/contextoanalisisperiodistico.com\/wp-content\/uploads\/2025\/09\/IMG-20250915-WA0083.jpg",1000,666,false],"covernews-medium":["https:\/\/contextoanalisisperiodistico.com\/wp-content\/uploads\/2025\/09\/IMG-20250915-WA0083-540x340.jpg",540,340,true],"covernews-medium-square":["https:\/\/contextoanalisisperiodistico.com\/wp-content\/uploads\/2025\/09\/IMG-20250915-WA0083-400x250.jpg",400,250,true]},"author_info":{"display_name":"Mario Gir\u00f3n","author_link":"https:\/\/contextoanalisisperiodistico.com\/index.php\/author\/director\/"},"category_info":"<a href=\"https:\/\/contextoanalisisperiodistico.com\/index.php\/category\/ciudad\/\" rel=\"category tag\">Ciudad<\/a>","tag_info":"Ciudad","comment_count":"0","jetpack_featured_media_url":"https:\/\/contextoanalisisperiodistico.com\/wp-content\/uploads\/2025\/09\/IMG-20250915-WA0083.jpg","_links":{"self":[{"href":"https:\/\/contextoanalisisperiodistico.com\/index.php\/wp-json\/wp\/v2\/posts\/45947"}],"collection":[{"href":"https:\/\/contextoanalisisperiodistico.com\/index.php\/wp-json\/wp\/v2\/posts"}],"about":[{"href":"https:\/\/contextoanalisisperiodistico.com\/index.php\/wp-json\/wp\/v2\/types\/post"}],"author":[{"embeddable":true,"href":"https:\/\/contextoanalisisperiodistico.com\/index.php\/wp-json\/wp\/v2\/users\/4"}],"replies":[{"embeddable":true,"href":"https:\/\/contextoanalisisperiodistico.com\/index.php\/wp-json\/wp\/v2\/comments?post=45947"}],"version-history":[{"count":0,"href":"https:\/\/contextoanalisisperiodistico.com\/index.php\/wp-json\/wp\/v2\/posts\/45947\/revisions"}],"wp:featuredmedia":[{"embeddable":true,"href":"https:\/\/contextoanalisisperiodistico.com\/index.php\/wp-json\/wp\/v2\/media\/45944"}],"wp:attachment":[{"href":"https:\/\/contextoanalisisperiodistico.com\/index.php\/wp-json\/wp\/v2\/media?parent=45947"}],"wp:term":[{"taxonomy":"category","embeddable":true,"href":"https:\/\/contextoanalisisperiodistico.com\/index.php\/wp-json\/wp\/v2\/categories?post=45947"},{"taxonomy":"post_tag","embeddable":true,"href":"https:\/\/contextoanalisisperiodistico.com\/index.php\/wp-json\/wp\/v2\/tags?post=45947"}],"curies":[{"name":"wp","href":"https:\/\/api.w.org\/{rel}","templated":true}]}}