{"id":45863,"date":"2025-09-13T09:31:50","date_gmt":"2025-09-13T15:31:50","guid":{"rendered":"https:\/\/contextoanalisisperiodistico.com\/index.php\/2025\/09\/13\/capacitan-sso-y-sedeco-al-sector-empresarial-en-regulaciones-sanitarias\/"},"modified":"2025-09-13T09:31:50","modified_gmt":"2025-09-13T15:31:50","slug":"capacitan-sso-y-sedeco-al-sector-empresarial-en-regulaciones-sanitarias","status":"publish","type":"post","link":"https:\/\/contextoanalisisperiodistico.com\/index.php\/2025\/09\/13\/capacitan-sso-y-sedeco-al-sector-empresarial-en-regulaciones-sanitarias\/","title":{"rendered":"Capacitan SSO y Sedeco al sector empresarial en regulaciones sanitarias"},"content":{"rendered":"<div id=\"fb-root\"><\/div>\n\n<p>\u2022 M\u00e1s de 220 empresarios y comerciantes recibieron informaci\u00f3n sobre requerimientos normativos, legales y sanitarios que deben cumplir para fortalecer el desarrollo econ\u00f3mico de Oaxaca<\/p>\n\n\n\n<figure class=\"wp-block-image size-large\"><img fetchpriority=\"high\" decoding=\"async\" width=\"800\" height=\"600\" src=\"https:\/\/contextoanalisisperiodistico.com\/wp-content\/uploads\/2025\/09\/img-20250912-wa00867492646843061767155.jpg\" alt=\"\" class=\"wp-image-45862\" srcset=\"https:\/\/contextoanalisisperiodistico.com\/wp-content\/uploads\/2025\/09\/img-20250912-wa00867492646843061767155.jpg 800w, https:\/\/contextoanalisisperiodistico.com\/wp-content\/uploads\/2025\/09\/img-20250912-wa00867492646843061767155-300x225.jpg 300w, https:\/\/contextoanalisisperiodistico.com\/wp-content\/uploads\/2025\/09\/img-20250912-wa00867492646843061767155-768x576.jpg 768w\" sizes=\"(max-width: 800px) 100vw, 800px\" \/><\/figure>\n\n\n\n<figure class=\"wp-block-image\"><img decoding=\"async\" width=\"300\" height=\"200\" src=\"https:\/\/contextoanalisisperiodistico.com\/wp-content\/uploads\/2025\/09\/img-20250912-wa0087796286960256221133-300x200.jpg\" alt=\"\" class=\"wp-image-45861\" srcset=\"https:\/\/contextoanalisisperiodistico.com\/wp-content\/uploads\/2025\/09\/img-20250912-wa0087796286960256221133-300x200.jpg 300w, https:\/\/contextoanalisisperiodistico.com\/wp-content\/uploads\/2025\/09\/img-20250912-wa0087796286960256221133-768x512.jpg 768w, https:\/\/contextoanalisisperiodistico.com\/wp-content\/uploads\/2025\/09\/img-20250912-wa0087796286960256221133.jpg 800w\" sizes=\"(max-width: 300px) 100vw, 300px\" \/><\/figure>\n\n\n\n<figure class=\"wp-block-image\"><img decoding=\"async\" width=\"300\" height=\"200\" src=\"https:\/\/contextoanalisisperiodistico.com\/wp-content\/uploads\/2025\/09\/img-20250912-wa00846540810600987381900-300x200.jpg\" alt=\"\" class=\"wp-image-45860\" srcset=\"https:\/\/contextoanalisisperiodistico.com\/wp-content\/uploads\/2025\/09\/img-20250912-wa00846540810600987381900-300x200.jpg 300w, https:\/\/contextoanalisisperiodistico.com\/wp-content\/uploads\/2025\/09\/img-20250912-wa00846540810600987381900-768x512.jpg 768w, https:\/\/contextoanalisisperiodistico.com\/wp-content\/uploads\/2025\/09\/img-20250912-wa00846540810600987381900.jpg 800w\" sizes=\"(max-width: 300px) 100vw, 300px\" \/><\/figure>\n\n\n\n<p>Oaxaca de Ju\u00e1rez, Oax., 12 de septiembre de 2025. Con el objetivo de garantizar la protecci\u00f3n contra riesgos sanitarios en la poblaci\u00f3n y fortalecer el crecimiento econ\u00f3mico con responsabilidad social, Servicios de Salud de Oaxaca (SSO), en un esfuerzo en conjunto con la Secretar\u00eda de Desarrollo Econ\u00f3mico (Sedeco), capacitaron a m\u00e1s de 220 personas empresarias y comerciantes en la protecci\u00f3n sanitaria del consumidor.<\/p>\n\n\n\n<p>Esta estrategia forma parte de la pol\u00edtica p\u00fablica \u201cProteger la salud, impulsa el desarrollo\u201d, implementada por la Comisi\u00f3n Estatal para la Protecci\u00f3n contra Riesgos Sanitarios de Oaxaca (Coepriso), que busca consolidar un sector productivo competitivo, responsable y comprometido con la salud de las y los oaxaque\u00f1os.<\/p>\n\n\n\n<p>La capacitaci\u00f3n estuvo dirigida a Mipymes que distribuyen o comercializan productos y servicios relacionados con la salud, como: restauranteros, hoteleros, farmacias, cl\u00ednicas, hospitales, distribuidores de alimentos y bebidas, gasolineras, renovadoras de llantas, entre otros sectores estrat\u00e9gicos de la entidad.<\/p>\n\n\n\n<p>Entre los principales temas abordados destacaron: establecimientos, productos y servicios sujetos a vigilancia sanitaria; autorizaciones y tr\u00e1mites autogestivos; etiquetado y publicidad responsable; manejo y desinfecci\u00f3n del agua de uso y consumo humano, manejo higi\u00e9nico de alimentos, medidas de seguridad y sanciones.<\/p>\n\n\n\n<p>Adem\u00e1s de los requerimientos normativos, legales y sanitarios que deben cumplir para el buen funcionamiento de los comercios de este giro.<\/p>\n\n\n\n<p>La dependencia precis\u00f3 que estas acciones reflejan el compromiso de la Primavera Oaxaque\u00f1a para coadyuvar a que los establecimientos cumplan con los est\u00e1ndares de calidad e higiene, fomentando una cultura sanitaria; a partir de la suma de esfuerzos entre instituciones, iniciativa privada y sociedad civil en favor de un Oaxaca m\u00e1s saludable y con desarrollo econ\u00f3mico sostenible.<\/p>\n\n\n\n<p>-0-<\/p>\n","protected":false},"excerpt":{"rendered":"<p>\u2022 M\u00e1s de 220 empresarios y comerciantes recibieron informaci\u00f3n sobre requerimientos normativos, legales y sanitarios&#8230;<\/p>\n","protected":false},"author":4,"featured_media":45859,"comment_status":"","ping_status":"open","sticky":false,"template":"","format":"standard","meta":{"footnotes":""},"categories":[92],"tags":[303],"jetpack_sharing_enabled":true,"featured_image_urls":{"full":["https:\/\/contextoanalisisperiodistico.com\/wp-content\/uploads\/2025\/09\/IMG-20250912-WA0085.jpg",800,533,false],"thumbnail":["https:\/\/contextoanalisisperiodistico.com\/wp-content\/uploads\/2025\/09\/IMG-20250912-WA0085-150x150.jpg",150,150,true],"medium":["https:\/\/contextoanalisisperiodistico.com\/wp-content\/uploads\/2025\/09\/IMG-20250912-WA0085-300x200.jpg",300,200,true],"medium_large":["https:\/\/contextoanalisisperiodistico.com\/wp-content\/uploads\/2025\/09\/IMG-20250912-WA0085-768x512.jpg",640,427,true],"large":["https:\/\/contextoanalisisperiodistico.com\/wp-content\/uploads\/2025\/09\/IMG-20250912-WA0085.jpg",640,426,false],"1536x1536":["https:\/\/contextoanalisisperiodistico.com\/wp-content\/uploads\/2025\/09\/IMG-20250912-WA0085.jpg",800,533,false],"2048x2048":["https:\/\/contextoanalisisperiodistico.com\/wp-content\/uploads\/2025\/09\/IMG-20250912-WA0085.jpg",800,533,false],"covernews-slider-full":["https:\/\/contextoanalisisperiodistico.com\/wp-content\/uploads\/2025\/09\/IMG-20250912-WA0085.jpg",800,533,false],"covernews-slider-center":["https:\/\/contextoanalisisperiodistico.com\/wp-content\/uploads\/2025\/09\/IMG-20250912-WA0085-800x500.jpg",800,500,true],"covernews-featured":["https:\/\/contextoanalisisperiodistico.com\/wp-content\/uploads\/2025\/09\/IMG-20250912-WA0085.jpg",800,533,false],"covernews-medium":["https:\/\/contextoanalisisperiodistico.com\/wp-content\/uploads\/2025\/09\/IMG-20250912-WA0085-540x340.jpg",540,340,true],"covernews-medium-square":["https:\/\/contextoanalisisperiodistico.com\/wp-content\/uploads\/2025\/09\/IMG-20250912-WA0085-400x250.jpg",400,250,true]},"author_info":{"display_name":"Mario Gir\u00f3n","author_link":"https:\/\/contextoanalisisperiodistico.com\/index.php\/author\/director\/"},"category_info":"<a href=\"https:\/\/contextoanalisisperiodistico.com\/index.php\/category\/salud\/\" rel=\"category tag\">Salud<\/a>","tag_info":"Salud","comment_count":"0","jetpack_featured_media_url":"https:\/\/contextoanalisisperiodistico.com\/wp-content\/uploads\/2025\/09\/IMG-20250912-WA0085.jpg","_links":{"self":[{"href":"https:\/\/contextoanalisisperiodistico.com\/index.php\/wp-json\/wp\/v2\/posts\/45863"}],"collection":[{"href":"https:\/\/contextoanalisisperiodistico.com\/index.php\/wp-json\/wp\/v2\/posts"}],"about":[{"href":"https:\/\/contextoanalisisperiodistico.com\/index.php\/wp-json\/wp\/v2\/types\/post"}],"author":[{"embeddable":true,"href":"https:\/\/contextoanalisisperiodistico.com\/index.php\/wp-json\/wp\/v2\/users\/4"}],"replies":[{"embeddable":true,"href":"https:\/\/contextoanalisisperiodistico.com\/index.php\/wp-json\/wp\/v2\/comments?post=45863"}],"version-history":[{"count":0,"href":"https:\/\/contextoanalisisperiodistico.com\/index.php\/wp-json\/wp\/v2\/posts\/45863\/revisions"}],"wp:featuredmedia":[{"embeddable":true,"href":"https:\/\/contextoanalisisperiodistico.com\/index.php\/wp-json\/wp\/v2\/media\/45859"}],"wp:attachment":[{"href":"https:\/\/contextoanalisisperiodistico.com\/index.php\/wp-json\/wp\/v2\/media?parent=45863"}],"wp:term":[{"taxonomy":"category","embeddable":true,"href":"https:\/\/contextoanalisisperiodistico.com\/index.php\/wp-json\/wp\/v2\/categories?post=45863"},{"taxonomy":"post_tag","embeddable":true,"href":"https:\/\/contextoanalisisperiodistico.com\/index.php\/wp-json\/wp\/v2\/tags?post=45863"}],"curies":[{"name":"wp","href":"https:\/\/api.w.org\/{rel}","templated":true}]}}