{"id":45826,"date":"2025-09-12T17:11:25","date_gmt":"2025-09-12T23:11:25","guid":{"rendered":"https:\/\/contextoanalisisperiodistico.com\/index.php\/2025\/09\/12\/coherente-y-robusto-en-lo-juridico-la-regularizacion-de-terrazas-en-el-centro-historico-alvarez-martinez\/"},"modified":"2025-09-12T17:11:25","modified_gmt":"2025-09-12T23:11:25","slug":"coherente-y-robusto-en-lo-juridico-la-regularizacion-de-terrazas-en-el-centro-historico-alvarez-martinez","status":"publish","type":"post","link":"https:\/\/contextoanalisisperiodistico.com\/index.php\/2025\/09\/12\/coherente-y-robusto-en-lo-juridico-la-regularizacion-de-terrazas-en-el-centro-historico-alvarez-martinez\/","title":{"rendered":"Coherente y robusto en lo jur\u00eddico, la regularizaci\u00f3n de terrazas en el Centro Hist\u00f3rico: \u00c1lvarez Mart\u00ednez"},"content":{"rendered":"<div id=\"fb-root\"><\/div>\n\n<p>Como acto de coherencia, robusto en lo jur\u00eddico y preventivo sin poner en riesgo la integridad de nuestro invaluable legado arquitect\u00f3nico, reconoci\u00f3 el regidor capitalino, Antonio \u00c1lvarez Mart\u00ednez, la presentaci\u00f3n del nuevo Reglamento General de Aplicaci\u00f3n del Plan Parcial de Conservaci\u00f3n del Centro Hist\u00f3rico que incorpora el distintivo \u201cTerrazas Seguras\u201d.<br>Destac\u00f3 que el Centro Hist\u00f3rico capitalino est\u00e1 en constante evoluci\u00f3n y su progreso es inevitable. Sin embargo, consider\u00f3, este movimiento debe ser arm\u00f3nico y respetuoso con nuestra esencia. Por ello, \u201ccelebramos la meta de garantizar con seguridad el uso y disfrute de las terrazas en el coraz\u00f3n de la Verde Antequera\u201d, a\u00f1adi\u00f3.<br>La participaci\u00f3n del Regidor del Centro Hist\u00f3rico y Patrimonio Mundial en el Ayuntamiento capitalino sucedi\u00f3 esta tarde en la presentaci\u00f3n de las diferentes disposiciones legales, aprobadas el pasado 26 de agosto en Sesi\u00f3n de Cabildo, calificadas por \u00c1lvarez Mart\u00ednez, de testimonio y voluntad colectiva que garantiza el desarrollo inteligente y respetuoso para que cada intervenci\u00f3n sea reversible para que absolutamente nada comprometa la belleza de nuestro entorno, por lo que la reciente normatividad, dijo, sienta las bases para que Oaxaca pueda disfrutar de su dinamismo sin comprometer los valores que le otorgan su identidad \u00fanica.<br>En el evento y en presencia del presidente municipal de Oaxaca de Ju\u00e1rez, Raymundo Chagoya Villanueva y del director nacional del INAH, Joel Omar V\u00e1squez Herrera, el Regidor capitalino apunt\u00f3 que, para el funcionamiento de la reforma en comento, es indispensable la colaboraci\u00f3n profesional entre el INAH y el Ayuntamiento en pro de la transparencia y de nuestro patrimonio.<\/p>\n\n\n\n\n\n<figure class=\"wp-block-video\"><video controls src=\"https:\/\/contextoanalisisperiodistico.com\/wp-content\/uploads\/2025\/09\/VID-20250912-WA0076.mp4\"><\/video><\/figure>\n\n\n\n<figure class=\"wp-block-image size-large\"><img fetchpriority=\"high\" decoding=\"async\" width=\"768\" height=\"1024\" src=\"https:\/\/contextoanalisisperiodistico.com\/wp-content\/uploads\/2025\/09\/img-20250912-wa00658910983331751531175-768x1024.jpg\" alt=\"\" class=\"wp-image-45825\" srcset=\"https:\/\/contextoanalisisperiodistico.com\/wp-content\/uploads\/2025\/09\/img-20250912-wa00658910983331751531175-768x1024.jpg 768w, https:\/\/contextoanalisisperiodistico.com\/wp-content\/uploads\/2025\/09\/img-20250912-wa00658910983331751531175-225x300.jpg 225w, https:\/\/contextoanalisisperiodistico.com\/wp-content\/uploads\/2025\/09\/img-20250912-wa00658910983331751531175.jpg 960w\" sizes=\"(max-width: 768px) 100vw, 768px\" \/><figcaption class=\"wp-element-caption\">Maestro, Joel Omar V\u00e1squez Herrera, director general del INAH, con el Regidor capitalino, Antonio \u00c1lvarez Mart\u00ednez <\/figcaption><\/figure>\n","protected":false},"excerpt":{"rendered":"<p>Como acto de coherencia, robusto en lo jur\u00eddico y preventivo sin poner en riesgo la&#8230;<\/p>\n","protected":false},"author":4,"featured_media":45823,"comment_status":"","ping_status":"open","sticky":false,"template":"","format":"standard","meta":{"footnotes":""},"categories":[9],"tags":[202,148,232,22,37],"jetpack_sharing_enabled":true,"featured_image_urls":{"full":["https:\/\/contextoanalisisperiodistico.com\/wp-content\/uploads\/2025\/09\/IMG_20250912_170159.jpg",543,668,false],"thumbnail":["https:\/\/contextoanalisisperiodistico.com\/wp-content\/uploads\/2025\/09\/IMG_20250912_170159-150x150.jpg",150,150,true],"medium":["https:\/\/contextoanalisisperiodistico.com\/wp-content\/uploads\/2025\/09\/IMG_20250912_170159-244x300.jpg",244,300,true],"medium_large":["https:\/\/contextoanalisisperiodistico.com\/wp-content\/uploads\/2025\/09\/IMG_20250912_170159.jpg",543,668,false],"large":["https:\/\/contextoanalisisperiodistico.com\/wp-content\/uploads\/2025\/09\/IMG_20250912_170159.jpg",543,668,false],"1536x1536":["https:\/\/contextoanalisisperiodistico.com\/wp-content\/uploads\/2025\/09\/IMG_20250912_170159.jpg",543,668,false],"2048x2048":["https:\/\/contextoanalisisperiodistico.com\/wp-content\/uploads\/2025\/09\/IMG_20250912_170159.jpg",543,668,false],"covernews-slider-full":["https:\/\/contextoanalisisperiodistico.com\/wp-content\/uploads\/2025\/09\/IMG_20250912_170159.jpg",543,668,false],"covernews-slider-center":["https:\/\/contextoanalisisperiodistico.com\/wp-content\/uploads\/2025\/09\/IMG_20250912_170159-543x500.jpg",543,500,true],"covernews-featured":["https:\/\/contextoanalisisperiodistico.com\/wp-content\/uploads\/2025\/09\/IMG_20250912_170159.jpg",543,668,false],"covernews-medium":["https:\/\/contextoanalisisperiodistico.com\/wp-content\/uploads\/2025\/09\/IMG_20250912_170159-540x340.jpg",540,340,true],"covernews-medium-square":["https:\/\/contextoanalisisperiodistico.com\/wp-content\/uploads\/2025\/09\/IMG_20250912_170159-400x250.jpg",400,250,true]},"author_info":{"display_name":"Mario Gir\u00f3n","author_link":"https:\/\/contextoanalisisperiodistico.com\/index.php\/author\/director\/"},"category_info":"<a href=\"https:\/\/contextoanalisisperiodistico.com\/index.php\/category\/politica\/\" rel=\"category tag\">Pol\u00edtica<\/a>","tag_info":"Pol\u00edtica","comment_count":"0","jetpack_featured_media_url":"https:\/\/contextoanalisisperiodistico.com\/wp-content\/uploads\/2025\/09\/IMG_20250912_170159.jpg","_links":{"self":[{"href":"https:\/\/contextoanalisisperiodistico.com\/index.php\/wp-json\/wp\/v2\/posts\/45826"}],"collection":[{"href":"https:\/\/contextoanalisisperiodistico.com\/index.php\/wp-json\/wp\/v2\/posts"}],"about":[{"href":"https:\/\/contextoanalisisperiodistico.com\/index.php\/wp-json\/wp\/v2\/types\/post"}],"author":[{"embeddable":true,"href":"https:\/\/contextoanalisisperiodistico.com\/index.php\/wp-json\/wp\/v2\/users\/4"}],"replies":[{"embeddable":true,"href":"https:\/\/contextoanalisisperiodistico.com\/index.php\/wp-json\/wp\/v2\/comments?post=45826"}],"version-history":[{"count":0,"href":"https:\/\/contextoanalisisperiodistico.com\/index.php\/wp-json\/wp\/v2\/posts\/45826\/revisions"}],"wp:featuredmedia":[{"embeddable":true,"href":"https:\/\/contextoanalisisperiodistico.com\/index.php\/wp-json\/wp\/v2\/media\/45823"}],"wp:attachment":[{"href":"https:\/\/contextoanalisisperiodistico.com\/index.php\/wp-json\/wp\/v2\/media?parent=45826"}],"wp:term":[{"taxonomy":"category","embeddable":true,"href":"https:\/\/contextoanalisisperiodistico.com\/index.php\/wp-json\/wp\/v2\/categories?post=45826"},{"taxonomy":"post_tag","embeddable":true,"href":"https:\/\/contextoanalisisperiodistico.com\/index.php\/wp-json\/wp\/v2\/tags?post=45826"}],"curies":[{"name":"wp","href":"https:\/\/api.w.org\/{rel}","templated":true}]}}