{"id":45784,"date":"2025-09-12T09:35:31","date_gmt":"2025-09-12T15:35:31","guid":{"rendered":"https:\/\/contextoanalisisperiodistico.com\/index.php\/2025\/09\/12\/justicia-social-igualdad-y-el-bienestar-de-las-comunidades-centro-de-la-primavera-oaxaquena-soapa\/"},"modified":"2025-09-12T09:36:22","modified_gmt":"2025-09-12T15:36:22","slug":"justicia-social-igualdad-y-el-bienestar-de-las-comunidades-centro-de-la-primavera-oaxaquena-soapa","status":"publish","type":"post","link":"https:\/\/contextoanalisisperiodistico.com\/index.php\/2025\/09\/12\/justicia-social-igualdad-y-el-bienestar-de-las-comunidades-centro-de-la-primavera-oaxaquena-soapa\/","title":{"rendered":"Justicia social, igualdad y bienestar de las comunidades, centro de la Primavera Oaxaque\u00f1a: Soapa"},"content":{"rendered":"<div id=\"fb-root\"><\/div>\n\n<p>\u2022 El titular del Soapa Omar P\u00e9rez Ben\u00edtez, encabez\u00f3 el arriamiento de la Bandera Nacional, en el que destac\u00f3 el papel de las mujeres en la transformaci\u00f3n de la patria<\/p>\n\n\n\n<p>Oaxaca de Ju\u00e1rez, Oax., 11 de septiembre de 2025. El Sistema Operador de los Servicios de Agua Potable y Alcantarillado (Soapa) reconoci\u00f3 el aporte invaluable de las mujeres en el presente, destacando su papel en la operaci\u00f3n diaria de este organismo que contribuye en la construcci\u00f3n de un Oaxaca m\u00e1s justo e igualitario.<\/p>\n\n\n\n<p>Al encabezar el arriamiento de la Bandera Nacional como parte del programa \u201cMujeres de la Patria. Septiembre, Mes de la Transformaci\u00f3n\u201d, el titular del Soapa, Omar P\u00e9rez Ben\u00edtez expres\u00f3 que, con el compromiso de las mujeres trabajadoras de esta dependencia, se cumple con la demanda de servicios b\u00e1sicos de calidad para la poblaci\u00f3n, adem\u00e1s de promover el uso responsable del agua y contribuir al desarrollo de Oaxaca.<\/p>\n\n\n\n<p>\u201cSu esfuerzo cotidiano sostiene nuestra misi\u00f3n y nos inspira a trabajar con mayor responsabilidad y entrega\u201d, se\u00f1al\u00f3 al tiempo de rendir homenaje a las mexicanas que han marcado la historia del pa\u00eds, desde las hero\u00ednas de la Independencia como Josefa Ortiz de Dom\u00ednguez y Leona Vicario, hasta las luchadoras sociales y precursoras del feminismo como Hermila Galindo y Elvia Carrillo Puerto.<\/p>\n\n\n\n<p>En este marco, destac\u00f3 que como parte de la visi\u00f3n de la Primavera Oaxaque\u00f1a, encabezada por el Gobernador Salom\u00f3n Jara Cruz, que coloca en el centro la justicia social, la igualdad y el bienestar de las comunidades, Soapa cumple con las familias oaxaque\u00f1as.<\/p>\n\n\n\n<p>En la mejora de los servicios b\u00e1sicos, dijo, se ha realizado la rehabilitaci\u00f3n de pozos, la ejecuci\u00f3n de obras de red de agua potable y drenaje sanitario, as\u00ed como la consolidaci\u00f3n del Centro de Monitoreo Acu\u00edfero Interconectado.<\/p>\n\n\n\n<p>P\u00e9rez Ben\u00edtez a\u00f1adi\u00f3 que estos esfuerzos se suman al trabajo coordinado con los gobiernos federal y municipal, particularmente en el saneamiento de los r\u00edos Atoyac y Salado, as\u00ed como en los proyectos de agua potable, que permiten avanzar hacia un manejo responsable y sustentable de este recurso vital.<\/p>\n\n\n\n<p>\u201cEl agua es un derecho fundamental, y con estas acciones conjuntas aseguramos bienestar hoy y un mejor futuro para nuestras hijas e hijos\u201d, expres\u00f3.<\/p>\n\n\n\n<p>-0-<\/p>\n\n\n\n<figure class=\"wp-block-image size-large\"><img fetchpriority=\"high\" decoding=\"async\" width=\"1024\" height=\"682\" src=\"https:\/\/contextoanalisisperiodistico.com\/wp-content\/uploads\/2025\/09\/img-20250911-wa01104157470560554105424-1024x682.jpg\" alt=\"\" class=\"wp-image-45781\" srcset=\"https:\/\/contextoanalisisperiodistico.com\/wp-content\/uploads\/2025\/09\/img-20250911-wa01104157470560554105424-1024x682.jpg 1024w, https:\/\/contextoanalisisperiodistico.com\/wp-content\/uploads\/2025\/09\/img-20250911-wa01104157470560554105424-300x200.jpg 300w, https:\/\/contextoanalisisperiodistico.com\/wp-content\/uploads\/2025\/09\/img-20250911-wa01104157470560554105424-768x512.jpg 768w, https:\/\/contextoanalisisperiodistico.com\/wp-content\/uploads\/2025\/09\/img-20250911-wa01104157470560554105424-1536x1023.jpg 1536w, https:\/\/contextoanalisisperiodistico.com\/wp-content\/uploads\/2025\/09\/img-20250911-wa01104157470560554105424.jpg 1600w\" sizes=\"(max-width: 1024px) 100vw, 1024px\" \/><\/figure>\n\n\n\n<figure class=\"wp-block-image\"><img decoding=\"async\" width=\"1024\" height=\"682\" src=\"https:\/\/contextoanalisisperiodistico.com\/wp-content\/uploads\/2025\/09\/img-20250911-wa01117486941668810607413-1024x682.jpg\" alt=\"\" class=\"wp-image-45780\" srcset=\"https:\/\/contextoanalisisperiodistico.com\/wp-content\/uploads\/2025\/09\/img-20250911-wa01117486941668810607413-1024x682.jpg 1024w, https:\/\/contextoanalisisperiodistico.com\/wp-content\/uploads\/2025\/09\/img-20250911-wa01117486941668810607413-300x200.jpg 300w, https:\/\/contextoanalisisperiodistico.com\/wp-content\/uploads\/2025\/09\/img-20250911-wa01117486941668810607413-768x512.jpg 768w, https:\/\/contextoanalisisperiodistico.com\/wp-content\/uploads\/2025\/09\/img-20250911-wa01117486941668810607413-1536x1023.jpg 1536w, https:\/\/contextoanalisisperiodistico.com\/wp-content\/uploads\/2025\/09\/img-20250911-wa01117486941668810607413.jpg 1600w\" sizes=\"(max-width: 1024px) 100vw, 1024px\" \/><\/figure>\n\n\n\n<figure class=\"wp-block-image\"><img decoding=\"async\" width=\"300\" height=\"200\" src=\"https:\/\/contextoanalisisperiodistico.com\/wp-content\/uploads\/2025\/09\/img-20250911-wa01136239929678843208734-300x200.jpg\" alt=\"\" class=\"wp-image-45782\" srcset=\"https:\/\/contextoanalisisperiodistico.com\/wp-content\/uploads\/2025\/09\/img-20250911-wa01136239929678843208734-300x200.jpg 300w, https:\/\/contextoanalisisperiodistico.com\/wp-content\/uploads\/2025\/09\/img-20250911-wa01136239929678843208734-768x512.jpg 768w, https:\/\/contextoanalisisperiodistico.com\/wp-content\/uploads\/2025\/09\/img-20250911-wa01136239929678843208734.jpg 800w\" sizes=\"(max-width: 300px) 100vw, 300px\" \/><\/figure>\n\n\n\n<figure class=\"wp-block-image\"><img loading=\"lazy\" decoding=\"async\" width=\"300\" height=\"200\" src=\"https:\/\/contextoanalisisperiodistico.com\/wp-content\/uploads\/2025\/09\/img-20250911-wa01148022284405017063965-300x200.jpg\" alt=\"\" class=\"wp-image-45783\" srcset=\"https:\/\/contextoanalisisperiodistico.com\/wp-content\/uploads\/2025\/09\/img-20250911-wa01148022284405017063965-300x200.jpg 300w, https:\/\/contextoanalisisperiodistico.com\/wp-content\/uploads\/2025\/09\/img-20250911-wa01148022284405017063965-768x512.jpg 768w, https:\/\/contextoanalisisperiodistico.com\/wp-content\/uploads\/2025\/09\/img-20250911-wa01148022284405017063965.jpg 800w\" sizes=\"(max-width: 300px) 100vw, 300px\" \/><\/figure>\n","protected":false},"excerpt":{"rendered":"<p>\u2022 El titular del Soapa Omar P\u00e9rez Ben\u00edtez, encabez\u00f3 el arriamiento de la Bandera Nacional,&#8230;<\/p>\n","protected":false},"author":4,"featured_media":45779,"comment_status":"closed","ping_status":"open","sticky":false,"template":"","format":"standard","meta":{"footnotes":""},"categories":[3],"tags":[303],"jetpack_sharing_enabled":true,"featured_image_urls":{"full":["https:\/\/contextoanalisisperiodistico.com\/wp-content\/uploads\/2025\/09\/IMG-20250911-WA0112.jpg",800,533,false],"thumbnail":["https:\/\/contextoanalisisperiodistico.com\/wp-content\/uploads\/2025\/09\/IMG-20250911-WA0112-150x150.jpg",150,150,true],"medium":["https:\/\/contextoanalisisperiodistico.com\/wp-content\/uploads\/2025\/09\/IMG-20250911-WA0112-300x200.jpg",300,200,true],"medium_large":["https:\/\/contextoanalisisperiodistico.com\/wp-content\/uploads\/2025\/09\/IMG-20250911-WA0112-768x512.jpg",640,427,true],"large":["https:\/\/contextoanalisisperiodistico.com\/wp-content\/uploads\/2025\/09\/IMG-20250911-WA0112.jpg",640,426,false],"1536x1536":["https:\/\/contextoanalisisperiodistico.com\/wp-content\/uploads\/2025\/09\/IMG-20250911-WA0112.jpg",800,533,false],"2048x2048":["https:\/\/contextoanalisisperiodistico.com\/wp-content\/uploads\/2025\/09\/IMG-20250911-WA0112.jpg",800,533,false],"covernews-slider-full":["https:\/\/contextoanalisisperiodistico.com\/wp-content\/uploads\/2025\/09\/IMG-20250911-WA0112.jpg",800,533,false],"covernews-slider-center":["https:\/\/contextoanalisisperiodistico.com\/wp-content\/uploads\/2025\/09\/IMG-20250911-WA0112-800x500.jpg",800,500,true],"covernews-featured":["https:\/\/contextoanalisisperiodistico.com\/wp-content\/uploads\/2025\/09\/IMG-20250911-WA0112.jpg",800,533,false],"covernews-medium":["https:\/\/contextoanalisisperiodistico.com\/wp-content\/uploads\/2025\/09\/IMG-20250911-WA0112-540x340.jpg",540,340,true],"covernews-medium-square":["https:\/\/contextoanalisisperiodistico.com\/wp-content\/uploads\/2025\/09\/IMG-20250911-WA0112-400x250.jpg",400,250,true]},"author_info":{"display_name":"Mario Gir\u00f3n","author_link":"https:\/\/contextoanalisisperiodistico.com\/index.php\/author\/director\/"},"category_info":"<a href=\"https:\/\/contextoanalisisperiodistico.com\/index.php\/category\/ciudad\/\" rel=\"category tag\">Ciudad<\/a>","tag_info":"Ciudad","comment_count":"0","jetpack_featured_media_url":"https:\/\/contextoanalisisperiodistico.com\/wp-content\/uploads\/2025\/09\/IMG-20250911-WA0112.jpg","_links":{"self":[{"href":"https:\/\/contextoanalisisperiodistico.com\/index.php\/wp-json\/wp\/v2\/posts\/45784"}],"collection":[{"href":"https:\/\/contextoanalisisperiodistico.com\/index.php\/wp-json\/wp\/v2\/posts"}],"about":[{"href":"https:\/\/contextoanalisisperiodistico.com\/index.php\/wp-json\/wp\/v2\/types\/post"}],"author":[{"embeddable":true,"href":"https:\/\/contextoanalisisperiodistico.com\/index.php\/wp-json\/wp\/v2\/users\/4"}],"replies":[{"embeddable":true,"href":"https:\/\/contextoanalisisperiodistico.com\/index.php\/wp-json\/wp\/v2\/comments?post=45784"}],"version-history":[{"count":1,"href":"https:\/\/contextoanalisisperiodistico.com\/index.php\/wp-json\/wp\/v2\/posts\/45784\/revisions"}],"predecessor-version":[{"id":45785,"href":"https:\/\/contextoanalisisperiodistico.com\/index.php\/wp-json\/wp\/v2\/posts\/45784\/revisions\/45785"}],"wp:featuredmedia":[{"embeddable":true,"href":"https:\/\/contextoanalisisperiodistico.com\/index.php\/wp-json\/wp\/v2\/media\/45779"}],"wp:attachment":[{"href":"https:\/\/contextoanalisisperiodistico.com\/index.php\/wp-json\/wp\/v2\/media?parent=45784"}],"wp:term":[{"taxonomy":"category","embeddable":true,"href":"https:\/\/contextoanalisisperiodistico.com\/index.php\/wp-json\/wp\/v2\/categories?post=45784"},{"taxonomy":"post_tag","embeddable":true,"href":"https:\/\/contextoanalisisperiodistico.com\/index.php\/wp-json\/wp\/v2\/tags?post=45784"}],"curies":[{"name":"wp","href":"https:\/\/api.w.org\/{rel}","templated":true}]}}