{"id":45752,"date":"2025-09-11T18:20:09","date_gmt":"2025-09-12T00:20:09","guid":{"rendered":"https:\/\/contextoanalisisperiodistico.com\/?p=45752"},"modified":"2025-09-11T18:20:12","modified_gmt":"2025-09-12T00:20:12","slug":"supervisa-comite-estatal-para-la-seguridad-en-salud-acciones-para-mitigar-danos-al-bienestar-de-la-poblacion","status":"publish","type":"post","link":"https:\/\/contextoanalisisperiodistico.com\/index.php\/2025\/09\/11\/supervisa-comite-estatal-para-la-seguridad-en-salud-acciones-para-mitigar-danos-al-bienestar-de-la-poblacion\/","title":{"rendered":"Supervisa Comit\u00e9 Estatal para la Seguridad en Salud acciones para mitigar da\u00f1os al bienestar de la poblaci\u00f3n"},"content":{"rendered":"<div id=\"fb-root\"><\/div>\n\n<p>\u2022 Refuerza trabajo interinstitucional ante riesgos sanitarios y fen\u00f3menos naturales en Oaxaca<\/p>\n\n\n\n<figure class=\"wp-block-image size-large\"><img fetchpriority=\"high\" decoding=\"async\" width=\"1024\" height=\"684\" src=\"https:\/\/contextoanalisisperiodistico.com\/wp-content\/uploads\/2025\/09\/img-20250911-wa00752178613092689481025-1024x684.jpg\" alt=\"\" class=\"wp-image-45751\" srcset=\"https:\/\/contextoanalisisperiodistico.com\/wp-content\/uploads\/2025\/09\/img-20250911-wa00752178613092689481025-1024x684.jpg 1024w, https:\/\/contextoanalisisperiodistico.com\/wp-content\/uploads\/2025\/09\/img-20250911-wa00752178613092689481025-300x200.jpg 300w, https:\/\/contextoanalisisperiodistico.com\/wp-content\/uploads\/2025\/09\/img-20250911-wa00752178613092689481025-768x513.jpg 768w, https:\/\/contextoanalisisperiodistico.com\/wp-content\/uploads\/2025\/09\/img-20250911-wa00752178613092689481025.jpg 1280w\" sizes=\"(max-width: 1024px) 100vw, 1024px\" \/><\/figure>\n\n\n\n<p>Oaxaca de Ju\u00e1rez, Oax. 11 de septiembre de 2025.- Para reforzar la prevenci\u00f3n y mitigar da\u00f1os en el bienestar de la poblaci\u00f3n, se llev\u00f3 a cabo la tercera reuni\u00f3n ordinaria del Comit\u00e9 Estatal para la Seguridad en Salud (CESS), en la que se supervis\u00f3 las acciones interinstitucionales frente a riesgos sanitarios como el sarampi\u00f3n, c\u00f3lera y respuestas ante sismos.<\/p>\n\n\n\n<p>En este encuentro de expertos, el secretario de Salud de Oaxaca, Efr\u00e9n Emmanuel Jarqu\u00edn Gonz\u00e1lez, en su calidad de presidente del organismo, tom\u00f3 protesta a la directora general de Innovaci\u00f3n y Calidad de Servicios de Salud de Oaxaca (SSO), Lorena Bola\u00f1os Rodr\u00edguez, como vicepresidenta; y al director de Prevenci\u00f3n y Promoci\u00f3n de la Salud, Eder L\u00f3pez Toro, como secretario t\u00e9cnico.<\/p>\n\n\n\n<p>En su intervenci\u00f3n, Jarqu\u00edn Gonz\u00e1lez destac\u00f3 que el trabajo coordinado del Comit\u00e9 ha permitido desplegar estrategias integrales para evitar riesgos y da\u00f1os a la salud de la poblaci\u00f3n, principalmente mediante jornadas intensivas de vacunaci\u00f3n, fortalecimiento de la vigilancia epidemiol\u00f3gica, aplicaci\u00f3n de cercos sanitarios y seguimiento puntual de pacientes confirmados.<\/p>\n\n\n\n<p>Durante la sesi\u00f3n se analizaron temas prioritarios como el Plan Estatal de Respuesta R\u00e1pida para la Interrupci\u00f3n de Brote de Sarampi\u00f3n, el panorama de Enfermedades Diarreicas Agudas (EDAS) y c\u00f3lera, as\u00ed como el Plan Estatal de Preparaci\u00f3n y Respuesta ante un Sismo.<\/p>\n\n\n\n<p>En tanto, la vicepresidenta del CESS, Lorena Bola\u00f1os Rodr\u00edguez asegur\u00f3 que con estas acciones la Primavera Oaxaque\u00f1a trabaja en la prevenci\u00f3n, vigilancia y respuesta oportuna ante riesgos sanitarios, en la que se garantiza la protecci\u00f3n y el bienestar de la poblaci\u00f3n.<\/p>\n\n\n\n<p>Finalmente, se aprobaron los acuerdos y compromisos para la programaci\u00f3n de la siguiente sesi\u00f3n, en la que se abordar\u00e1n temas estrat\u00e9gicos para continuar fortaleciendo la seguridad en salud de Oaxaca.<\/p>\n\n\n\n<p>-0-<\/p>\n","protected":false},"excerpt":{"rendered":"<p>\u2022 Refuerza trabajo interinstitucional ante riesgos sanitarios y fen\u00f3menos naturales en Oaxaca Oaxaca de Ju\u00e1rez,&#8230;<\/p>\n","protected":false},"author":4,"featured_media":45750,"comment_status":"closed","ping_status":"open","sticky":false,"template":"","format":"standard","meta":{"footnotes":""},"categories":[92],"tags":[303],"jetpack_sharing_enabled":true,"featured_image_urls":{"full":["https:\/\/contextoanalisisperiodistico.com\/wp-content\/uploads\/2025\/09\/IMG-20250911-WA0074.jpg",1280,720,false],"thumbnail":["https:\/\/contextoanalisisperiodistico.com\/wp-content\/uploads\/2025\/09\/IMG-20250911-WA0074-150x150.jpg",150,150,true],"medium":["https:\/\/contextoanalisisperiodistico.com\/wp-content\/uploads\/2025\/09\/IMG-20250911-WA0074-300x169.jpg",300,169,true],"medium_large":["https:\/\/contextoanalisisperiodistico.com\/wp-content\/uploads\/2025\/09\/IMG-20250911-WA0074-768x432.jpg",640,360,true],"large":["https:\/\/contextoanalisisperiodistico.com\/wp-content\/uploads\/2025\/09\/IMG-20250911-WA0074-1024x576.jpg",640,360,true],"1536x1536":["https:\/\/contextoanalisisperiodistico.com\/wp-content\/uploads\/2025\/09\/IMG-20250911-WA0074.jpg",1280,720,false],"2048x2048":["https:\/\/contextoanalisisperiodistico.com\/wp-content\/uploads\/2025\/09\/IMG-20250911-WA0074.jpg",1280,720,false],"covernews-slider-full":["https:\/\/contextoanalisisperiodistico.com\/wp-content\/uploads\/2025\/09\/IMG-20250911-WA0074-1115x715.jpg",1115,715,true],"covernews-slider-center":["https:\/\/contextoanalisisperiodistico.com\/wp-content\/uploads\/2025\/09\/IMG-20250911-WA0074-800x500.jpg",800,500,true],"covernews-featured":["https:\/\/contextoanalisisperiodistico.com\/wp-content\/uploads\/2025\/09\/IMG-20250911-WA0074-1024x576.jpg",1024,576,true],"covernews-medium":["https:\/\/contextoanalisisperiodistico.com\/wp-content\/uploads\/2025\/09\/IMG-20250911-WA0074-540x340.jpg",540,340,true],"covernews-medium-square":["https:\/\/contextoanalisisperiodistico.com\/wp-content\/uploads\/2025\/09\/IMG-20250911-WA0074-400x250.jpg",400,250,true]},"author_info":{"display_name":"Mario Gir\u00f3n","author_link":"https:\/\/contextoanalisisperiodistico.com\/index.php\/author\/director\/"},"category_info":"<a href=\"https:\/\/contextoanalisisperiodistico.com\/index.php\/category\/salud\/\" rel=\"category tag\">Salud<\/a>","tag_info":"Salud","comment_count":"0","jetpack_featured_media_url":"https:\/\/contextoanalisisperiodistico.com\/wp-content\/uploads\/2025\/09\/IMG-20250911-WA0074.jpg","_links":{"self":[{"href":"https:\/\/contextoanalisisperiodistico.com\/index.php\/wp-json\/wp\/v2\/posts\/45752"}],"collection":[{"href":"https:\/\/contextoanalisisperiodistico.com\/index.php\/wp-json\/wp\/v2\/posts"}],"about":[{"href":"https:\/\/contextoanalisisperiodistico.com\/index.php\/wp-json\/wp\/v2\/types\/post"}],"author":[{"embeddable":true,"href":"https:\/\/contextoanalisisperiodistico.com\/index.php\/wp-json\/wp\/v2\/users\/4"}],"replies":[{"embeddable":true,"href":"https:\/\/contextoanalisisperiodistico.com\/index.php\/wp-json\/wp\/v2\/comments?post=45752"}],"version-history":[{"count":1,"href":"https:\/\/contextoanalisisperiodistico.com\/index.php\/wp-json\/wp\/v2\/posts\/45752\/revisions"}],"predecessor-version":[{"id":45753,"href":"https:\/\/contextoanalisisperiodistico.com\/index.php\/wp-json\/wp\/v2\/posts\/45752\/revisions\/45753"}],"wp:featuredmedia":[{"embeddable":true,"href":"https:\/\/contextoanalisisperiodistico.com\/index.php\/wp-json\/wp\/v2\/media\/45750"}],"wp:attachment":[{"href":"https:\/\/contextoanalisisperiodistico.com\/index.php\/wp-json\/wp\/v2\/media?parent=45752"}],"wp:term":[{"taxonomy":"category","embeddable":true,"href":"https:\/\/contextoanalisisperiodistico.com\/index.php\/wp-json\/wp\/v2\/categories?post=45752"},{"taxonomy":"post_tag","embeddable":true,"href":"https:\/\/contextoanalisisperiodistico.com\/index.php\/wp-json\/wp\/v2\/tags?post=45752"}],"curies":[{"name":"wp","href":"https:\/\/api.w.org\/{rel}","templated":true}]}}