{"id":45737,"date":"2025-09-11T13:48:40","date_gmt":"2025-09-11T19:48:40","guid":{"rendered":"https:\/\/contextoanalisisperiodistico.com\/index.php\/2025\/09\/11\/celebra-sso-expo-salud-en-tu-comunidad-en-santa-cruz-xoxocotlan\/"},"modified":"2025-09-11T13:48:40","modified_gmt":"2025-09-11T19:48:40","slug":"celebra-sso-expo-salud-en-tu-comunidad-en-santa-cruz-xoxocotlan","status":"publish","type":"post","link":"https:\/\/contextoanalisisperiodistico.com\/index.php\/2025\/09\/11\/celebra-sso-expo-salud-en-tu-comunidad-en-santa-cruz-xoxocotlan\/","title":{"rendered":"Celebra SSO \u201cExpo Salud en tu Comunidad\u201d en Santa Cruz Xoxocotl\u00e1n"},"content":{"rendered":"<div id=\"fb-root\"><\/div>\n\n<p>\u2022 M\u00e1s de 300 personas accedieron a servicios m\u00e9dicos y preventivos gratuitos para su bienestar<\/p>\n\n\n\n<figure class=\"wp-block-image size-large\"><img fetchpriority=\"high\" decoding=\"async\" width=\"1024\" height=\"576\" src=\"https:\/\/contextoanalisisperiodistico.com\/wp-content\/uploads\/2025\/09\/img-20250911-wa00521920252448239566868-1024x576.jpg\" alt=\"\" class=\"wp-image-45733\" srcset=\"https:\/\/contextoanalisisperiodistico.com\/wp-content\/uploads\/2025\/09\/img-20250911-wa00521920252448239566868-1024x576.jpg 1024w, https:\/\/contextoanalisisperiodistico.com\/wp-content\/uploads\/2025\/09\/img-20250911-wa00521920252448239566868-300x169.jpg 300w, https:\/\/contextoanalisisperiodistico.com\/wp-content\/uploads\/2025\/09\/img-20250911-wa00521920252448239566868-768x432.jpg 768w, https:\/\/contextoanalisisperiodistico.com\/wp-content\/uploads\/2025\/09\/img-20250911-wa00521920252448239566868.jpg 1280w\" sizes=\"(max-width: 1024px) 100vw, 1024px\" \/><\/figure>\n\n\n\n<figure class=\"wp-block-image\"><img decoding=\"async\" width=\"1024\" height=\"614\" src=\"https:\/\/contextoanalisisperiodistico.com\/wp-content\/uploads\/2025\/09\/img-20250911-wa0050508871090054027119-1024x614.jpg\" alt=\"\" class=\"wp-image-45736\" srcset=\"https:\/\/contextoanalisisperiodistico.com\/wp-content\/uploads\/2025\/09\/img-20250911-wa0050508871090054027119-1024x614.jpg 1024w, https:\/\/contextoanalisisperiodistico.com\/wp-content\/uploads\/2025\/09\/img-20250911-wa0050508871090054027119-300x180.jpg 300w, https:\/\/contextoanalisisperiodistico.com\/wp-content\/uploads\/2025\/09\/img-20250911-wa0050508871090054027119-768x460.jpg 768w, https:\/\/contextoanalisisperiodistico.com\/wp-content\/uploads\/2025\/09\/img-20250911-wa0050508871090054027119.jpg 1280w\" sizes=\"(max-width: 1024px) 100vw, 1024px\" \/><\/figure>\n\n\n\n<figure class=\"wp-block-image\"><img decoding=\"async\" width=\"1024\" height=\"721\" src=\"https:\/\/contextoanalisisperiodistico.com\/wp-content\/uploads\/2025\/09\/img-20250911-wa00494577148917697645021-1024x721.jpg\" alt=\"\" class=\"wp-image-45734\" srcset=\"https:\/\/contextoanalisisperiodistico.com\/wp-content\/uploads\/2025\/09\/img-20250911-wa00494577148917697645021-1024x721.jpg 1024w, https:\/\/contextoanalisisperiodistico.com\/wp-content\/uploads\/2025\/09\/img-20250911-wa00494577148917697645021-300x211.jpg 300w, https:\/\/contextoanalisisperiodistico.com\/wp-content\/uploads\/2025\/09\/img-20250911-wa00494577148917697645021-768x541.jpg 768w, https:\/\/contextoanalisisperiodistico.com\/wp-content\/uploads\/2025\/09\/img-20250911-wa00494577148917697645021.jpg 1280w\" sizes=\"(max-width: 1024px) 100vw, 1024px\" \/><\/figure>\n\n\n\n<figure class=\"wp-block-image\"><img loading=\"lazy\" decoding=\"async\" width=\"1024\" height=\"703\" src=\"https:\/\/contextoanalisisperiodistico.com\/wp-content\/uploads\/2025\/09\/img-20250911-wa00519001633663365524053-1024x703.jpg\" alt=\"\" class=\"wp-image-45735\" srcset=\"https:\/\/contextoanalisisperiodistico.com\/wp-content\/uploads\/2025\/09\/img-20250911-wa00519001633663365524053-1024x703.jpg 1024w, https:\/\/contextoanalisisperiodistico.com\/wp-content\/uploads\/2025\/09\/img-20250911-wa00519001633663365524053-300x206.jpg 300w, https:\/\/contextoanalisisperiodistico.com\/wp-content\/uploads\/2025\/09\/img-20250911-wa00519001633663365524053-768x527.jpg 768w, https:\/\/contextoanalisisperiodistico.com\/wp-content\/uploads\/2025\/09\/img-20250911-wa00519001633663365524053.jpg 1280w\" sizes=\"(max-width: 1024px) 100vw, 1024px\" \/><\/figure>\n\n\n\n<p>Santa Cruz Xoxocotl\u00e1n, Oax. 11 de septiembre de 2025.- Con el prop\u00f3sito de acercar atenci\u00f3n m\u00e9dica a la poblaci\u00f3n, Servicios de Salud de Oaxaca (SSO), a trav\u00e9s de la Jurisdicci\u00f3n Sanitaria 1 Valles Centrales, realiz\u00f3 la \u201cExpo Salud en tu Comunidad\u201d beneficiando a m\u00e1s de 300 habitantes de este municipio con acciones integrales y gratuitas.<\/p>\n\n\n\n<p>Al inaugurar el evento la coordinadora de Jurisdicciones Sanitarias de SSO, Roc\u00edo Hern\u00e1ndez P\u00e9rez, acompa\u00f1ada de la presidenta municipal de la entidad, Nancy Ben\u00edtez Z\u00e1rate; resalt\u00f3 la importancia de esta estrategia en el marco de la Semana Nacional de Salud P\u00fablica.<\/p>\n\n\n\n<p>Hern\u00e1ndez P\u00e9rez subray\u00f3 que, por indicaci\u00f3n del secretario de Salud, Efr\u00e9n Emmanuel Jarqu\u00edn Gonz\u00e1lez, la prioridad es construir v\u00ednculos interinstitucionales, intersectoriales y comunitarios que fortalezcan la prevenci\u00f3n y el cuidado de la salud en las localidades.<\/p>\n\n\n\n<p>Por su parte, el jefe jurisdiccional de SSO, Ramiro L\u00f3pez Lucero agradeci\u00f3 el respaldo de las autoridades municipales y el esfuerzo de las y los trabajadores de salud que, con profesionalismo y compromiso, garantizan atenci\u00f3n de calidad y con calidez a la poblaci\u00f3n.<\/p>\n\n\n\n<p>Servicios para el bienestar de la comunidad<\/p>\n\n\n\n<p>Durante la jornada, se ofrecieron pl\u00e1ticas y materiales informativos sobre salud bucal en embarazadas y adultos mayores, autoexploraci\u00f3n bucal, prevenci\u00f3n del dengue, chagas y paludismo. Adem\u00e1s, se entregaron 60 frascos de repelente, 80 de plata coloidal, 45 cartillas nacionales de salud, 250 condones externos, 80 internos y 100 botes de gel lubricante.<\/p>\n\n\n\n<p>Se colocaron tres implantes subd\u00e9rmicos de Jadelle y se aplicaron 40 vacunas contra neumococo, hepatitis, rotavirus, as\u00ed como SRP para sarampi\u00f3n, rub\u00e9ola y parotiditis, adem\u00e1s de TDPA para t\u00e9tanos, difteria y tosferina.<\/p>\n\n\n\n<p>Asimismo, se instalaron m\u00f3dulos sobre donaci\u00f3n de \u00f3rganos y tejidos, alimentaci\u00f3n saludable, prevenci\u00f3n de violencia, salud reproductiva, seguridad vial, medicina preventiva, activaci\u00f3n f\u00edsica y detecci\u00f3n de enfermedades cr\u00f3nico-degenerativas, entre otros.<\/p>\n\n\n\n<p>La estrategia incluy\u00f3 una unidad m\u00f3vil de planificaci\u00f3n familiar para la colocaci\u00f3n de implantes subd\u00e9rmicos y la participaci\u00f3n del Consejo Estatal para la Prevenci\u00f3n y Control del Sida (Coesida), con pruebas r\u00e1pidas del Virus de Inmunodeficiencia Humana (VIH) y consejer\u00eda.<\/p>\n\n\n\n<p>Finalmente, el Jefe Jurisdiccional de SSO llam\u00f3 a la ciudadan\u00eda a participar activamente en las campa\u00f1as de prevenci\u00f3n, especialmente en la lucha contra el dengue, destacando que la corresponsabilidad social es fundamental para eliminar criaderos del mosquito transmisor y reducir riesgos a la salud.<\/p>\n\n\n\n<p>-0-<\/p>\n","protected":false},"excerpt":{"rendered":"<p>\u2022 M\u00e1s de 300 personas accedieron a servicios m\u00e9dicos y preventivos gratuitos para su bienestar&#8230;<\/p>\n","protected":false},"author":4,"featured_media":45732,"comment_status":"","ping_status":"open","sticky":false,"template":"","format":"standard","meta":{"footnotes":""},"categories":[92],"tags":[303],"jetpack_sharing_enabled":true,"featured_image_urls":{"full":["https:\/\/contextoanalisisperiodistico.com\/wp-content\/uploads\/2025\/09\/IMG-20250911-WA0048.jpg",1280,1058,false],"thumbnail":["https:\/\/contextoanalisisperiodistico.com\/wp-content\/uploads\/2025\/09\/IMG-20250911-WA0048-150x150.jpg",150,150,true],"medium":["https:\/\/contextoanalisisperiodistico.com\/wp-content\/uploads\/2025\/09\/IMG-20250911-WA0048-300x248.jpg",300,248,true],"medium_large":["https:\/\/contextoanalisisperiodistico.com\/wp-content\/uploads\/2025\/09\/IMG-20250911-WA0048-768x635.jpg",640,529,true],"large":["https:\/\/contextoanalisisperiodistico.com\/wp-content\/uploads\/2025\/09\/IMG-20250911-WA0048-1024x846.jpg",640,529,true],"1536x1536":["https:\/\/contextoanalisisperiodistico.com\/wp-content\/uploads\/2025\/09\/IMG-20250911-WA0048.jpg",1280,1058,false],"2048x2048":["https:\/\/contextoanalisisperiodistico.com\/wp-content\/uploads\/2025\/09\/IMG-20250911-WA0048.jpg",1280,1058,false],"covernews-slider-full":["https:\/\/contextoanalisisperiodistico.com\/wp-content\/uploads\/2025\/09\/IMG-20250911-WA0048-1115x715.jpg",1115,715,true],"covernews-slider-center":["https:\/\/contextoanalisisperiodistico.com\/wp-content\/uploads\/2025\/09\/IMG-20250911-WA0048-800x500.jpg",800,500,true],"covernews-featured":["https:\/\/contextoanalisisperiodistico.com\/wp-content\/uploads\/2025\/09\/IMG-20250911-WA0048-1024x846.jpg",1024,846,true],"covernews-medium":["https:\/\/contextoanalisisperiodistico.com\/wp-content\/uploads\/2025\/09\/IMG-20250911-WA0048-540x340.jpg",540,340,true],"covernews-medium-square":["https:\/\/contextoanalisisperiodistico.com\/wp-content\/uploads\/2025\/09\/IMG-20250911-WA0048-400x250.jpg",400,250,true]},"author_info":{"display_name":"Mario Gir\u00f3n","author_link":"https:\/\/contextoanalisisperiodistico.com\/index.php\/author\/director\/"},"category_info":"<a href=\"https:\/\/contextoanalisisperiodistico.com\/index.php\/category\/salud\/\" rel=\"category tag\">Salud<\/a>","tag_info":"Salud","comment_count":"0","jetpack_featured_media_url":"https:\/\/contextoanalisisperiodistico.com\/wp-content\/uploads\/2025\/09\/IMG-20250911-WA0048.jpg","_links":{"self":[{"href":"https:\/\/contextoanalisisperiodistico.com\/index.php\/wp-json\/wp\/v2\/posts\/45737"}],"collection":[{"href":"https:\/\/contextoanalisisperiodistico.com\/index.php\/wp-json\/wp\/v2\/posts"}],"about":[{"href":"https:\/\/contextoanalisisperiodistico.com\/index.php\/wp-json\/wp\/v2\/types\/post"}],"author":[{"embeddable":true,"href":"https:\/\/contextoanalisisperiodistico.com\/index.php\/wp-json\/wp\/v2\/users\/4"}],"replies":[{"embeddable":true,"href":"https:\/\/contextoanalisisperiodistico.com\/index.php\/wp-json\/wp\/v2\/comments?post=45737"}],"version-history":[{"count":0,"href":"https:\/\/contextoanalisisperiodistico.com\/index.php\/wp-json\/wp\/v2\/posts\/45737\/revisions"}],"wp:featuredmedia":[{"embeddable":true,"href":"https:\/\/contextoanalisisperiodistico.com\/index.php\/wp-json\/wp\/v2\/media\/45732"}],"wp:attachment":[{"href":"https:\/\/contextoanalisisperiodistico.com\/index.php\/wp-json\/wp\/v2\/media?parent=45737"}],"wp:term":[{"taxonomy":"category","embeddable":true,"href":"https:\/\/contextoanalisisperiodistico.com\/index.php\/wp-json\/wp\/v2\/categories?post=45737"},{"taxonomy":"post_tag","embeddable":true,"href":"https:\/\/contextoanalisisperiodistico.com\/index.php\/wp-json\/wp\/v2\/tags?post=45737"}],"curies":[{"name":"wp","href":"https:\/\/api.w.org\/{rel}","templated":true}]}}