{"id":45712,"date":"2025-09-10T12:10:16","date_gmt":"2025-09-10T18:10:16","guid":{"rendered":"https:\/\/contextoanalisisperiodistico.com\/index.php\/2025\/09\/10\/cuenta-hospital-general-de-pinotepa-nacional-con-78-de-cobertura-en-medicamentos\/"},"modified":"2025-09-10T12:10:16","modified_gmt":"2025-09-10T18:10:16","slug":"cuenta-hospital-general-de-pinotepa-nacional-con-78-de-cobertura-en-medicamentos","status":"publish","type":"post","link":"https:\/\/contextoanalisisperiodistico.com\/index.php\/2025\/09\/10\/cuenta-hospital-general-de-pinotepa-nacional-con-78-de-cobertura-en-medicamentos\/","title":{"rendered":"Cuenta Hospital General de Pinotepa Nacional con 78% de cobertura en medicamentos"},"content":{"rendered":"<div id=\"fb-root\"><\/div>\n\n<p>\u2022 El nosocomio ha sido suministrado con kits de f\u00e1rmacos esenciales para la mejor atenci\u00f3n m\u00e9dica<\/p>\n\n\n\n<p>Santiago Pinotepa Nacional, Oax. 10 de septiembre de 2025.- La Coordinaci\u00f3n Estatal de IMSS-Bienestar inform\u00f3 que el Hospital General de Santiago Pinotepa Nacional actualmente cuenta con 78 por ciento de abasto de medicamentos y 70 por ciento de material de curaci\u00f3n, con lo que se garantiza la atenci\u00f3n m\u00e9dica de calidad para las personas usuarias de la regi\u00f3n Costa.<\/p>\n\n\n\n<p>El pasado mes de agosto, el nosocomio fue suministrado con kits de f\u00e1rmacos esenciales para la prestaci\u00f3n de los servicios de salud.<\/p>\n\n\n\n<p>Adem\u00e1s, el hospital se ha equipado con instrumental interfazado para la realizaci\u00f3n de citometr\u00eda hem\u00e1tica y pruebas de coagulaci\u00f3n, as\u00ed como reactivos para la detecci\u00f3n del virus del dengue; lo que permite fortalecer la capacidad de diagn\u00f3stico y seguimiento de enfermedades.<\/p>\n\n\n\n<p>La Coordinaci\u00f3n Estatal anunci\u00f3 que se prepara un nuevo embarque de reactivos m\u00e9dicos, para cubrir de manera integral todas las necesidades de diagn\u00f3stico y atenci\u00f3n.<\/p>\n\n\n\n<p>Por medio de estas acciones, los gobiernos federal y estatal garantizan el acceso a la salud de la poblaci\u00f3n y fortalecen los servicios m\u00e9dicos en la demarcaci\u00f3n.<\/p>\n\n\n\n<p>-0-<\/p>\n","protected":false},"excerpt":{"rendered":"<p>\u2022 El nosocomio ha sido suministrado con kits de f\u00e1rmacos esenciales para la mejor atenci\u00f3n&#8230;<\/p>\n","protected":false},"author":4,"featured_media":45711,"comment_status":"","ping_status":"open","sticky":false,"template":"","format":"standard","meta":{"footnotes":""},"categories":[92],"tags":[303],"jetpack_sharing_enabled":true,"featured_image_urls":{"full":["https:\/\/contextoanalisisperiodistico.com\/wp-content\/uploads\/2025\/09\/IMG-20250910-WA0036.jpg",1280,359,false],"thumbnail":["https:\/\/contextoanalisisperiodistico.com\/wp-content\/uploads\/2025\/09\/IMG-20250910-WA0036-150x150.jpg",150,150,true],"medium":["https:\/\/contextoanalisisperiodistico.com\/wp-content\/uploads\/2025\/09\/IMG-20250910-WA0036-300x84.jpg",300,84,true],"medium_large":["https:\/\/contextoanalisisperiodistico.com\/wp-content\/uploads\/2025\/09\/IMG-20250910-WA0036-768x215.jpg",640,179,true],"large":["https:\/\/contextoanalisisperiodistico.com\/wp-content\/uploads\/2025\/09\/IMG-20250910-WA0036-1024x287.jpg",640,179,true],"1536x1536":["https:\/\/contextoanalisisperiodistico.com\/wp-content\/uploads\/2025\/09\/IMG-20250910-WA0036.jpg",1280,359,false],"2048x2048":["https:\/\/contextoanalisisperiodistico.com\/wp-content\/uploads\/2025\/09\/IMG-20250910-WA0036.jpg",1280,359,false],"covernews-slider-full":["https:\/\/contextoanalisisperiodistico.com\/wp-content\/uploads\/2025\/09\/IMG-20250910-WA0036-1115x359.jpg",1115,359,true],"covernews-slider-center":["https:\/\/contextoanalisisperiodistico.com\/wp-content\/uploads\/2025\/09\/IMG-20250910-WA0036-800x359.jpg",800,359,true],"covernews-featured":["https:\/\/contextoanalisisperiodistico.com\/wp-content\/uploads\/2025\/09\/IMG-20250910-WA0036-1024x287.jpg",1024,287,true],"covernews-medium":["https:\/\/contextoanalisisperiodistico.com\/wp-content\/uploads\/2025\/09\/IMG-20250910-WA0036-540x340.jpg",540,340,true],"covernews-medium-square":["https:\/\/contextoanalisisperiodistico.com\/wp-content\/uploads\/2025\/09\/IMG-20250910-WA0036-400x250.jpg",400,250,true]},"author_info":{"display_name":"Mario Gir\u00f3n","author_link":"https:\/\/contextoanalisisperiodistico.com\/index.php\/author\/director\/"},"category_info":"<a href=\"https:\/\/contextoanalisisperiodistico.com\/index.php\/category\/salud\/\" rel=\"category tag\">Salud<\/a>","tag_info":"Salud","comment_count":"0","jetpack_featured_media_url":"https:\/\/contextoanalisisperiodistico.com\/wp-content\/uploads\/2025\/09\/IMG-20250910-WA0036.jpg","_links":{"self":[{"href":"https:\/\/contextoanalisisperiodistico.com\/index.php\/wp-json\/wp\/v2\/posts\/45712"}],"collection":[{"href":"https:\/\/contextoanalisisperiodistico.com\/index.php\/wp-json\/wp\/v2\/posts"}],"about":[{"href":"https:\/\/contextoanalisisperiodistico.com\/index.php\/wp-json\/wp\/v2\/types\/post"}],"author":[{"embeddable":true,"href":"https:\/\/contextoanalisisperiodistico.com\/index.php\/wp-json\/wp\/v2\/users\/4"}],"replies":[{"embeddable":true,"href":"https:\/\/contextoanalisisperiodistico.com\/index.php\/wp-json\/wp\/v2\/comments?post=45712"}],"version-history":[{"count":0,"href":"https:\/\/contextoanalisisperiodistico.com\/index.php\/wp-json\/wp\/v2\/posts\/45712\/revisions"}],"wp:featuredmedia":[{"embeddable":true,"href":"https:\/\/contextoanalisisperiodistico.com\/index.php\/wp-json\/wp\/v2\/media\/45711"}],"wp:attachment":[{"href":"https:\/\/contextoanalisisperiodistico.com\/index.php\/wp-json\/wp\/v2\/media?parent=45712"}],"wp:term":[{"taxonomy":"category","embeddable":true,"href":"https:\/\/contextoanalisisperiodistico.com\/index.php\/wp-json\/wp\/v2\/categories?post=45712"},{"taxonomy":"post_tag","embeddable":true,"href":"https:\/\/contextoanalisisperiodistico.com\/index.php\/wp-json\/wp\/v2\/tags?post=45712"}],"curies":[{"name":"wp","href":"https:\/\/api.w.org\/{rel}","templated":true}]}}