{"id":45693,"date":"2025-09-09T17:24:04","date_gmt":"2025-09-09T23:24:04","guid":{"rendered":"https:\/\/contextoanalisisperiodistico.com\/index.php\/2025\/09\/09\/con-jornada-medica-quijotes-dif-oaxaca-garantiza-derecho-a-la-salud-de-las-familias\/"},"modified":"2025-09-09T17:24:04","modified_gmt":"2025-09-09T23:24:04","slug":"con-jornada-medica-quijotes-dif-oaxaca-garantiza-derecho-a-la-salud-de-las-familias","status":"publish","type":"post","link":"https:\/\/contextoanalisisperiodistico.com\/index.php\/2025\/09\/09\/con-jornada-medica-quijotes-dif-oaxaca-garantiza-derecho-a-la-salud-de-las-familias\/","title":{"rendered":"Con Jornada M\u00e9dica Quijotes, DIF Oaxaca garantiza derecho a la salud de las familias"},"content":{"rendered":"<div id=\"fb-root\"><\/div>\n\n<p>\u2022 Se otorgaron m\u00e1s de 8 mil servicios, 70 pr\u00f3tesis dentales, 26 cirug\u00edas de catarata, entre otras atenciones gratuitas<\/p>\n\n\n\n<figure class=\"wp-block-image size-large\"><img fetchpriority=\"high\" decoding=\"async\" width=\"900\" height=\"599\" src=\"https:\/\/contextoanalisisperiodistico.com\/wp-content\/uploads\/2025\/09\/img-20250909-wa00818843635048125671663.jpg\" alt=\"\" class=\"wp-image-45688\" srcset=\"https:\/\/contextoanalisisperiodistico.com\/wp-content\/uploads\/2025\/09\/img-20250909-wa00818843635048125671663.jpg 900w, https:\/\/contextoanalisisperiodistico.com\/wp-content\/uploads\/2025\/09\/img-20250909-wa00818843635048125671663-300x200.jpg 300w, https:\/\/contextoanalisisperiodistico.com\/wp-content\/uploads\/2025\/09\/img-20250909-wa00818843635048125671663-768x511.jpg 768w\" sizes=\"(max-width: 900px) 100vw, 900px\" \/><\/figure>\n\n\n\n<figure class=\"wp-block-image\"><img decoding=\"async\" width=\"300\" height=\"200\" src=\"https:\/\/contextoanalisisperiodistico.com\/wp-content\/uploads\/2025\/09\/img-20250909-wa00861383875282895172188-300x200.jpg\" alt=\"\" class=\"wp-image-45685\" srcset=\"https:\/\/contextoanalisisperiodistico.com\/wp-content\/uploads\/2025\/09\/img-20250909-wa00861383875282895172188-300x200.jpg 300w, https:\/\/contextoanalisisperiodistico.com\/wp-content\/uploads\/2025\/09\/img-20250909-wa00861383875282895172188-768x511.jpg 768w, https:\/\/contextoanalisisperiodistico.com\/wp-content\/uploads\/2025\/09\/img-20250909-wa00861383875282895172188.jpg 900w\" sizes=\"(max-width: 300px) 100vw, 300px\" \/><\/figure>\n\n\n\n<figure class=\"wp-block-image\"><img decoding=\"async\" width=\"300\" height=\"200\" src=\"https:\/\/contextoanalisisperiodistico.com\/wp-content\/uploads\/2025\/09\/img-20250909-wa00879153061724525688452-300x200.jpg\" alt=\"\" class=\"wp-image-45689\" srcset=\"https:\/\/contextoanalisisperiodistico.com\/wp-content\/uploads\/2025\/09\/img-20250909-wa00879153061724525688452-300x200.jpg 300w, https:\/\/contextoanalisisperiodistico.com\/wp-content\/uploads\/2025\/09\/img-20250909-wa00879153061724525688452-768x511.jpg 768w, https:\/\/contextoanalisisperiodistico.com\/wp-content\/uploads\/2025\/09\/img-20250909-wa00879153061724525688452.jpg 900w\" sizes=\"(max-width: 300px) 100vw, 300px\" \/><\/figure>\n\n\n\n<figure class=\"wp-block-image\"><img loading=\"lazy\" decoding=\"async\" width=\"300\" height=\"196\" src=\"https:\/\/contextoanalisisperiodistico.com\/wp-content\/uploads\/2025\/09\/img-20250909-wa00855361022816056986794-300x196.jpg\" alt=\"\" class=\"wp-image-45686\" srcset=\"https:\/\/contextoanalisisperiodistico.com\/wp-content\/uploads\/2025\/09\/img-20250909-wa00855361022816056986794-300x196.jpg 300w, https:\/\/contextoanalisisperiodistico.com\/wp-content\/uploads\/2025\/09\/img-20250909-wa00855361022816056986794-768x503.jpg 768w, https:\/\/contextoanalisisperiodistico.com\/wp-content\/uploads\/2025\/09\/img-20250909-wa00855361022816056986794.jpg 900w\" sizes=\"(max-width: 300px) 100vw, 300px\" \/><\/figure>\n\n\n\n<figure class=\"wp-block-image\"><img loading=\"lazy\" decoding=\"async\" width=\"300\" height=\"200\" src=\"https:\/\/contextoanalisisperiodistico.com\/wp-content\/uploads\/2025\/09\/img-20250909-wa00832162515014801171375-300x200.jpg\" alt=\"\" class=\"wp-image-45687\" srcset=\"https:\/\/contextoanalisisperiodistico.com\/wp-content\/uploads\/2025\/09\/img-20250909-wa00832162515014801171375-300x200.jpg 300w, https:\/\/contextoanalisisperiodistico.com\/wp-content\/uploads\/2025\/09\/img-20250909-wa00832162515014801171375-768x511.jpg 768w, https:\/\/contextoanalisisperiodistico.com\/wp-content\/uploads\/2025\/09\/img-20250909-wa00832162515014801171375.jpg 900w\" sizes=\"(max-width: 300px) 100vw, 300px\" \/><\/figure>\n\n\n\n<figure class=\"wp-block-image\"><img loading=\"lazy\" decoding=\"async\" width=\"300\" height=\"200\" src=\"https:\/\/contextoanalisisperiodistico.com\/wp-content\/uploads\/2025\/09\/img-20250909-wa0084508170461117513559-300x200.jpg\" alt=\"\" class=\"wp-image-45690\" srcset=\"https:\/\/contextoanalisisperiodistico.com\/wp-content\/uploads\/2025\/09\/img-20250909-wa0084508170461117513559-300x200.jpg 300w, https:\/\/contextoanalisisperiodistico.com\/wp-content\/uploads\/2025\/09\/img-20250909-wa0084508170461117513559-768x511.jpg 768w, https:\/\/contextoanalisisperiodistico.com\/wp-content\/uploads\/2025\/09\/img-20250909-wa0084508170461117513559.jpg 900w\" sizes=\"(max-width: 300px) 100vw, 300px\" \/><\/figure>\n\n\n\n<figure class=\"wp-block-image\"><img loading=\"lazy\" decoding=\"async\" width=\"300\" height=\"200\" src=\"https:\/\/contextoanalisisperiodistico.com\/wp-content\/uploads\/2025\/09\/img-20250909-wa00828496096010641722583-300x200.jpg\" alt=\"\" class=\"wp-image-45692\" srcset=\"https:\/\/contextoanalisisperiodistico.com\/wp-content\/uploads\/2025\/09\/img-20250909-wa00828496096010641722583-300x200.jpg 300w, https:\/\/contextoanalisisperiodistico.com\/wp-content\/uploads\/2025\/09\/img-20250909-wa00828496096010641722583-768x511.jpg 768w, https:\/\/contextoanalisisperiodistico.com\/wp-content\/uploads\/2025\/09\/img-20250909-wa00828496096010641722583.jpg 900w\" sizes=\"(max-width: 300px) 100vw, 300px\" \/><\/figure>\n\n\n\n<figure class=\"wp-block-image\"><img loading=\"lazy\" decoding=\"async\" width=\"300\" height=\"200\" src=\"https:\/\/contextoanalisisperiodistico.com\/wp-content\/uploads\/2025\/09\/img-20250909-wa00802983547617062791251-300x200.jpg\" alt=\"\" class=\"wp-image-45691\" srcset=\"https:\/\/contextoanalisisperiodistico.com\/wp-content\/uploads\/2025\/09\/img-20250909-wa00802983547617062791251-300x200.jpg 300w, https:\/\/contextoanalisisperiodistico.com\/wp-content\/uploads\/2025\/09\/img-20250909-wa00802983547617062791251-768x511.jpg 768w, https:\/\/contextoanalisisperiodistico.com\/wp-content\/uploads\/2025\/09\/img-20250909-wa00802983547617062791251.jpg 900w\" sizes=\"(max-width: 300px) 100vw, 300px\" \/><\/figure>\n\n\n\n<p>Oaxaca de Ju\u00e1rez, Oax. 9 de septiembre de 2025.- Con \u00e9xito, la Jornada M\u00e9dica Quijotes 2025 garantiz\u00f3 el acceso a la salud de la poblaci\u00f3n, al brindar m\u00e1s de 8 mil servicios a favor de 2 mil 785 personas de 127 municipios de las ocho regiones del estado; gracias a la coordinaci\u00f3n entre el Sistema Estatal para el Desarrollo Integral de la Familia (DIF) y la asociaci\u00f3n civil Quijotes de San Antonio Texas y Oaxaca.<\/p>\n\n\n\n<p>Tambi\u00e9n participaron dependencias gubernamentales, autoridades municipales, instituciones de educaci\u00f3n superior, empresas y organismos patrocinadores; cuya atenci\u00f3n con calidez permiti\u00f3 otorgar consultas gratuitas en oftalmolog\u00eda, optometr\u00eda, odontolog\u00eda, medicina familiar, medicina interna, pediatr\u00eda, ginecolog\u00eda, medicina integrada y geriatr\u00eda.<\/p>\n\n\n\n<p>Adem\u00e1s, se proporcionaron m\u00e1s de 70 pr\u00f3tesis dentales en colaboraci\u00f3n con la asociaci\u00f3n civil Sonrisas Oaxaque\u00f1as; as\u00ed como servicios en nutrici\u00f3n, terapia f\u00edsica y rehabilitaci\u00f3n, terapia ocupacional, electrocardiograf\u00eda, tratamiento l\u00e1ser oft\u00e1lmico, donaci\u00f3n de anteojos, pr\u00f3tesis dentales, laboratorio, ultrasonido y farmacia.<\/p>\n\n\n\n<p>La ampliaci\u00f3n de atenci\u00f3n fue posible gracias a los servicios que se brindan en las unidades m\u00f3viles del Sistema DIF Oaxaca que participan en el programa Caravanas Ve\u2019e Tata, las cuales otorgan consultas en medicina general, odontolog\u00eda, lentes de vista cansada y cortes de cabello.<\/p>\n\n\n\n<p>Aunado a la realizaci\u00f3n de 26 cirug\u00edas de catarata y mil 200 servicios de optometr\u00eda, as\u00ed como la intervenci\u00f3n de 17 terapias con l\u00e1ser; fueron entregados m\u00e1s de mil lentes graduados.<\/p>\n\n\n\n<p>Cabe destacar que, para la atenci\u00f3n de la poblaci\u00f3n se montaron 20 consultorios y 19 unidades dentales, lo que permiti\u00f3 que cada paciente tuviera la oportunidad de recibir m\u00e1s de cuatro servicios de manera gratuita.<\/p>\n\n\n\n<p>Quienes lo requirieron, tuvieron la oportunidad de acceder al servicio de albergue en el centro de acogida temporal del organismo estatal, ubicado en San Raymundo Jalpan.<\/p>\n\n\n\n<p>Con este esfuerzo conjunto entre sociedad y gobierno, se abren las puertas a un Oaxaca m\u00e1s humano y justo; y se demuestra que cuando la convicci\u00f3n se convierte en acci\u00f3n, se pueden transformar vidas.<\/p>\n\n\n\n<p>-0-<\/p>\n","protected":false},"excerpt":{"rendered":"<p>\u2022 Se otorgaron m\u00e1s de 8 mil servicios, 70 pr\u00f3tesis dentales, 26 cirug\u00edas de catarata,&#8230;<\/p>\n","protected":false},"author":4,"featured_media":45684,"comment_status":"","ping_status":"open","sticky":false,"template":"","format":"standard","meta":{"footnotes":""},"categories":[92],"tags":[],"jetpack_sharing_enabled":true,"featured_image_urls":{"full":["https:\/\/contextoanalisisperiodistico.com\/wp-content\/uploads\/2025\/09\/IMG-20250909-WA0079.jpg",900,599,false],"thumbnail":["https:\/\/contextoanalisisperiodistico.com\/wp-content\/uploads\/2025\/09\/IMG-20250909-WA0079-150x150.jpg",150,150,true],"medium":["https:\/\/contextoanalisisperiodistico.com\/wp-content\/uploads\/2025\/09\/IMG-20250909-WA0079-300x200.jpg",300,200,true],"medium_large":["https:\/\/contextoanalisisperiodistico.com\/wp-content\/uploads\/2025\/09\/IMG-20250909-WA0079-768x511.jpg",640,426,true],"large":["https:\/\/contextoanalisisperiodistico.com\/wp-content\/uploads\/2025\/09\/IMG-20250909-WA0079.jpg",640,426,false],"1536x1536":["https:\/\/contextoanalisisperiodistico.com\/wp-content\/uploads\/2025\/09\/IMG-20250909-WA0079.jpg",900,599,false],"2048x2048":["https:\/\/contextoanalisisperiodistico.com\/wp-content\/uploads\/2025\/09\/IMG-20250909-WA0079.jpg",900,599,false],"covernews-slider-full":["https:\/\/contextoanalisisperiodistico.com\/wp-content\/uploads\/2025\/09\/IMG-20250909-WA0079.jpg",900,599,false],"covernews-slider-center":["https:\/\/contextoanalisisperiodistico.com\/wp-content\/uploads\/2025\/09\/IMG-20250909-WA0079-800x500.jpg",800,500,true],"covernews-featured":["https:\/\/contextoanalisisperiodistico.com\/wp-content\/uploads\/2025\/09\/IMG-20250909-WA0079.jpg",900,599,false],"covernews-medium":["https:\/\/contextoanalisisperiodistico.com\/wp-content\/uploads\/2025\/09\/IMG-20250909-WA0079-540x340.jpg",540,340,true],"covernews-medium-square":["https:\/\/contextoanalisisperiodistico.com\/wp-content\/uploads\/2025\/09\/IMG-20250909-WA0079-400x250.jpg",400,250,true]},"author_info":{"display_name":"Mario Gir\u00f3n","author_link":"https:\/\/contextoanalisisperiodistico.com\/index.php\/author\/director\/"},"category_info":"<a href=\"https:\/\/contextoanalisisperiodistico.com\/index.php\/category\/salud\/\" rel=\"category tag\">Salud<\/a>","tag_info":"Salud","comment_count":"0","jetpack_featured_media_url":"https:\/\/contextoanalisisperiodistico.com\/wp-content\/uploads\/2025\/09\/IMG-20250909-WA0079.jpg","_links":{"self":[{"href":"https:\/\/contextoanalisisperiodistico.com\/index.php\/wp-json\/wp\/v2\/posts\/45693"}],"collection":[{"href":"https:\/\/contextoanalisisperiodistico.com\/index.php\/wp-json\/wp\/v2\/posts"}],"about":[{"href":"https:\/\/contextoanalisisperiodistico.com\/index.php\/wp-json\/wp\/v2\/types\/post"}],"author":[{"embeddable":true,"href":"https:\/\/contextoanalisisperiodistico.com\/index.php\/wp-json\/wp\/v2\/users\/4"}],"replies":[{"embeddable":true,"href":"https:\/\/contextoanalisisperiodistico.com\/index.php\/wp-json\/wp\/v2\/comments?post=45693"}],"version-history":[{"count":0,"href":"https:\/\/contextoanalisisperiodistico.com\/index.php\/wp-json\/wp\/v2\/posts\/45693\/revisions"}],"wp:featuredmedia":[{"embeddable":true,"href":"https:\/\/contextoanalisisperiodistico.com\/index.php\/wp-json\/wp\/v2\/media\/45684"}],"wp:attachment":[{"href":"https:\/\/contextoanalisisperiodistico.com\/index.php\/wp-json\/wp\/v2\/media?parent=45693"}],"wp:term":[{"taxonomy":"category","embeddable":true,"href":"https:\/\/contextoanalisisperiodistico.com\/index.php\/wp-json\/wp\/v2\/categories?post=45693"},{"taxonomy":"post_tag","embeddable":true,"href":"https:\/\/contextoanalisisperiodistico.com\/index.php\/wp-json\/wp\/v2\/tags?post=45693"}],"curies":[{"name":"wp","href":"https:\/\/api.w.org\/{rel}","templated":true}]}}