{"id":45658,"date":"2025-09-08T20:27:56","date_gmt":"2025-09-09T02:27:56","guid":{"rendered":"https:\/\/contextoanalisisperiodistico.com\/index.php\/2025\/09\/08\/ofrece-resultados-politica-de-gobernabilidad-y-seguridad-de-primavera-oaxaquena-sego\/"},"modified":"2025-09-08T20:27:56","modified_gmt":"2025-09-09T02:27:56","slug":"ofrece-resultados-politica-de-gobernabilidad-y-seguridad-de-primavera-oaxaquena-sego","status":"publish","type":"post","link":"https:\/\/contextoanalisisperiodistico.com\/index.php\/2025\/09\/08\/ofrece-resultados-politica-de-gobernabilidad-y-seguridad-de-primavera-oaxaquena-sego\/","title":{"rendered":"Ofrece resultados pol\u00edtica de gobernabilidad y seguridad de Primavera Oaxaque\u00f1a: SEGO"},"content":{"rendered":"<div id=\"fb-root\"><\/div>\n\n<p>\u2022 El titular de la Sego, Jes\u00fas Romero afirm\u00f3 que el di\u00e1logo, como herramienta de resoluci\u00f3n de conflictos, es factor clave en la disminuci\u00f3n de bloqueos carreteros<\/p>\n\n\n\n<p>Oaxaca de Ju\u00e1rez, Oax. 8 de septiembre de 2025. \u2013 Al presentar un balance de resultados en materia de seguridad y gobernabilidad en la entidad, el titular de la Secretar\u00eda de Gobierno (Sego), Jes\u00fas Romero L\u00f3pez inform\u00f3 que la Primavera Oaxaque\u00f1a implementa una estrategia integral que da resultados.<\/p>\n\n\n\n<p>Al citar cifras de la Encuesta Nacional de Seguridad P\u00fablica, destac\u00f3 la reducci\u00f3n de bloqueos, gracias a la pol\u00edtica de di\u00e1logo y conciliaci\u00f3n que impulsa la actual administraci\u00f3n.<\/p>\n\n\n\n<p>\u201cSi hoy Oaxaca tiene mejores condiciones de gobernabilidad, paz social y seguridad, obedece a una visi\u00f3n integral de nuestro Gobernador Salom\u00f3n Jara Cruz, al dise\u00f1ar dos programas que priorizan la paz con justicia y bienestar\u201d, extern\u00f3.<\/p>\n\n\n\n<p>El funcionario explic\u00f3 que, en 2023, se tuvo una reducci\u00f3n de m\u00e1s de 70 por ciento en la toma de casetas de peaje en comparaci\u00f3n de 2022. Con respecto a los bloqueos carreteros, en 2024 se registraron 436, lo que significa una amplia reducci\u00f3n en comparaci\u00f3n con las 781 manifestaciones de este tipo de 2022, de acuerdo con informaci\u00f3n proporcionada por el Instituto Nacional de Estad\u00edstica y Geograf\u00eda (INEGI).<\/p>\n\n\n\n<p>Expuso, tambi\u00e9n, que se ha otorgado certeza jur\u00eddica a las comunidades de Oaxaca, a trav\u00e9s de la firma de 43 convenios agrarios, signados desde el inicio de la administraci\u00f3n a la fecha, recuperando as\u00ed la paz territorial.<\/p>\n\n\n\n<p>Los avances en gobernabilidad, a\u00f1adi\u00f3 el Secretario, se deben a la puesta en marcha de dos programas primordiales: \u201cPaz con Justicia y Bienestar para el Pueblo de Oaxaca\u201d y \u201cPaz y Fortalecimiento de la Seguridad P\u00fablica\u201d, con el trabajo coordinado de quienes integran el Gabinete de Seguridad, que encabeza el Mandatario estatal.<\/p>\n\n\n\n<p>En este 2025, sobresale la elecci\u00f3n de autoridades en el municipio de San Juan Bautista Guelache, donde desde hace 15 a\u00f1os no se realizaba este proceso. De los 417 municipios que elegir\u00e1n autoridades, ya se efectuaron 112 asambleas, lo que representa un avance del 26.88 por ciento.<\/p>\n\n\n\n<p>Por otra parte, Romero L\u00f3pez se\u00f1al\u00f3 que la realizaci\u00f3n de obras y proyectos estrat\u00e9gicos para el desarrollo de Oaxaca, no habr\u00edan sido posibles sin las 8 mil 818 mesas de di\u00e1logo implementadas durante el periodo 2023-2025.<\/p>\n\n\n\n<p>\u201cHoy, lo que hay en Oaxaca es un impulso de plena unidad en los objetivos de gobernabilidad entre los cuerpos federales, cuerpos estatales de seguridad, la Fiscal\u00eda General del Estado y las autoridades municipales\u201d, puntualiz\u00f3.<\/p>\n\n\n\n<p>-0-<\/p>\n","protected":false},"excerpt":{"rendered":"<p>\u2022 El titular de la Sego, Jes\u00fas Romero afirm\u00f3 que el di\u00e1logo, como herramienta de&#8230;<\/p>\n","protected":false},"author":4,"featured_media":45657,"comment_status":"","ping_status":"open","sticky":false,"template":"","format":"standard","meta":{"footnotes":""},"categories":[9],"tags":[303],"jetpack_sharing_enabled":true,"featured_image_urls":{"full":["https:\/\/contextoanalisisperiodistico.com\/wp-content\/uploads\/2025\/09\/IMG-20250908-WA0111.jpg",1280,853,false],"thumbnail":["https:\/\/contextoanalisisperiodistico.com\/wp-content\/uploads\/2025\/09\/IMG-20250908-WA0111-150x150.jpg",150,150,true],"medium":["https:\/\/contextoanalisisperiodistico.com\/wp-content\/uploads\/2025\/09\/IMG-20250908-WA0111-300x200.jpg",300,200,true],"medium_large":["https:\/\/contextoanalisisperiodistico.com\/wp-content\/uploads\/2025\/09\/IMG-20250908-WA0111-768x512.jpg",640,427,true],"large":["https:\/\/contextoanalisisperiodistico.com\/wp-content\/uploads\/2025\/09\/IMG-20250908-WA0111-1024x682.jpg",640,426,true],"1536x1536":["https:\/\/contextoanalisisperiodistico.com\/wp-content\/uploads\/2025\/09\/IMG-20250908-WA0111.jpg",1280,853,false],"2048x2048":["https:\/\/contextoanalisisperiodistico.com\/wp-content\/uploads\/2025\/09\/IMG-20250908-WA0111.jpg",1280,853,false],"covernews-slider-full":["https:\/\/contextoanalisisperiodistico.com\/wp-content\/uploads\/2025\/09\/IMG-20250908-WA0111-1115x715.jpg",1115,715,true],"covernews-slider-center":["https:\/\/contextoanalisisperiodistico.com\/wp-content\/uploads\/2025\/09\/IMG-20250908-WA0111-800x500.jpg",800,500,true],"covernews-featured":["https:\/\/contextoanalisisperiodistico.com\/wp-content\/uploads\/2025\/09\/IMG-20250908-WA0111-1024x682.jpg",1024,682,true],"covernews-medium":["https:\/\/contextoanalisisperiodistico.com\/wp-content\/uploads\/2025\/09\/IMG-20250908-WA0111-540x340.jpg",540,340,true],"covernews-medium-square":["https:\/\/contextoanalisisperiodistico.com\/wp-content\/uploads\/2025\/09\/IMG-20250908-WA0111-400x250.jpg",400,250,true]},"author_info":{"display_name":"Mario Gir\u00f3n","author_link":"https:\/\/contextoanalisisperiodistico.com\/index.php\/author\/director\/"},"category_info":"<a href=\"https:\/\/contextoanalisisperiodistico.com\/index.php\/category\/politica\/\" rel=\"category tag\">Pol\u00edtica<\/a>","tag_info":"Pol\u00edtica","comment_count":"0","jetpack_featured_media_url":"https:\/\/contextoanalisisperiodistico.com\/wp-content\/uploads\/2025\/09\/IMG-20250908-WA0111.jpg","_links":{"self":[{"href":"https:\/\/contextoanalisisperiodistico.com\/index.php\/wp-json\/wp\/v2\/posts\/45658"}],"collection":[{"href":"https:\/\/contextoanalisisperiodistico.com\/index.php\/wp-json\/wp\/v2\/posts"}],"about":[{"href":"https:\/\/contextoanalisisperiodistico.com\/index.php\/wp-json\/wp\/v2\/types\/post"}],"author":[{"embeddable":true,"href":"https:\/\/contextoanalisisperiodistico.com\/index.php\/wp-json\/wp\/v2\/users\/4"}],"replies":[{"embeddable":true,"href":"https:\/\/contextoanalisisperiodistico.com\/index.php\/wp-json\/wp\/v2\/comments?post=45658"}],"version-history":[{"count":0,"href":"https:\/\/contextoanalisisperiodistico.com\/index.php\/wp-json\/wp\/v2\/posts\/45658\/revisions"}],"wp:featuredmedia":[{"embeddable":true,"href":"https:\/\/contextoanalisisperiodistico.com\/index.php\/wp-json\/wp\/v2\/media\/45657"}],"wp:attachment":[{"href":"https:\/\/contextoanalisisperiodistico.com\/index.php\/wp-json\/wp\/v2\/media?parent=45658"}],"wp:term":[{"taxonomy":"category","embeddable":true,"href":"https:\/\/contextoanalisisperiodistico.com\/index.php\/wp-json\/wp\/v2\/categories?post=45658"},{"taxonomy":"post_tag","embeddable":true,"href":"https:\/\/contextoanalisisperiodistico.com\/index.php\/wp-json\/wp\/v2\/tags?post=45658"}],"curies":[{"name":"wp","href":"https:\/\/api.w.org\/{rel}","templated":true}]}}